{"id":73961,"date":"2025-12-14T06:24:08","date_gmt":"2025-12-14T06:24:08","guid":{"rendered":"https:\/\/www.europesays.com\/lv\/73961\/"},"modified":"2025-12-14T06:24:08","modified_gmt":"2025-12-14T06:24:08","slug":"tramps-pret-venecuelu-vai-maduro-rezimam-tuvojas-pedejas-dienas","status":"publish","type":"post","link":"https:\/\/www.europesays.com\/lv\/73961\/","title":{"rendered":"Tramps pret Venecu\u0113lu. Vai Maduro re\u017e\u012bmam tuvojas p\u0113d\u0113j\u0101s dienas?"},"content":{"rendered":"<p>Britu Kolumbijas Universit\u0101tes politikas zin\u0101tnes profesors un Lat\u012b\u0146amerikas speci\u0101lists Makss Kemerons sarun\u0101 ar &#8220;Global News&#8221; atz\u012bst, ka ASV strat\u0113\u0123ija ir satrauco\u0161a. Vi\u0146\u0161 br\u012bdina, ka milit\u0101rs konflikts starp ASV un Venecu\u0113lu var valsti ieraut pilso\u0146kar\u0101, \u012bpa\u0161i, ja Maduro zaud\u0113 varu. &#8220;Manupr\u0101t, daudzviet valda ba\u017eas, ka t\u0101 ir atgrie\u0161an\u0101s pie lielgaballaivu diplom\u0101tijas, pie Monro doktr\u012bnas, pie Amerikas iztur\u0113\u0161an\u0101s pret Kar\u012bbu re\u0123ionu k\u0101 pret Amerikas iek\u0161\u0113jo ezeru, ko vi\u0146i var kontrol\u0113t un kur vi\u0146i var dar\u012bt, ko v\u0113las, kur vi\u0146iem nav j\u0101r\u0113\u0137in\u0101s ar starptautiskaj\u0101m ties\u012bb\u0101m,&#8221; nor\u0101da Kemerons.<\/p>\n","protected":false},"excerpt":{"rendered":"Britu Kolumbijas Universit\u0101tes politikas zin\u0101tnes profesors un Lat\u012b\u0146amerikas speci\u0101lists Makss Kemerons sarun\u0101 ar &#8220;Global News&#8221; atz\u012bst, ka ASV&hellip;\n","protected":false},"author":2,"featured_media":73962,"comment_status":"","ping_status":"","sticky":false,"template":"","format":"standard","meta":{"footnotes":""},"categories":[14],"tags":[23,57,28,29,32,33,22,30,31,35,39,38,36,37,34,40,20,26,27,24,25,54,55,56,21,58],"class_list":{"0":"post-73961","1":"post","2":"type-post","3":"status-publish","4":"format-standard","5":"has-post-thumbnail","7":"category-zinas-no-arvalstim","8":"tag-aktualitates","9":"tag-arvalstim","10":"tag-breaking-news","11":"tag-breakingnews","12":"tag-featured-news","13":"tag-featurednews","14":"tag-headlines","15":"tag-latest-news","16":"tag-latestnews","17":"tag-latvia","18":"tag-latvian","19":"tag-latviesu","20":"tag-latviesu-valoda","21":"tag-latviesuvaloda","22":"tag-latvija","23":"tag-lv","24":"tag-news","25":"tag-popularakas-zinas","26":"tag-popularakaszinas","27":"tag-top-stories","28":"tag-topstories","29":"tag-world","30":"tag-world-news","31":"tag-worldnews","32":"tag-zinas","33":"tag-zinas-no-arvalstim"},"share_on_mastodon":{"url":"https:\/\/pubeurope.com\/@lv\/115716493603651084","error":""},"_links":{"self":[{"href":"https:\/\/www.europesays.com\/lv\/wp-json\/wp\/v2\/posts\/73961","targetHints":{"allow":["GET"]}}],"collection":[{"href":"https:\/\/www.europesays.com\/lv\/wp-json\/wp\/v2\/posts"}],"about":[{"href":"https:\/\/www.europesays.com\/lv\/wp-json\/wp\/v2\/types\/post"}],"author":[{"embeddable":true,"href":"https:\/\/www.europesays.com\/lv\/wp-json\/wp\/v2\/users\/2"}],"replies":[{"embeddable":true,"href":"https:\/\/www.europesays.com\/lv\/wp-json\/wp\/v2\/comments?post=73961"}],"version-history":[{"count":0,"href":"https:\/\/www.europesays.com\/lv\/wp-json\/wp\/v2\/posts\/73961\/revisions"}],"wp:featuredmedia":[{"embeddable":true,"href":"https:\/\/www.europesays.com\/lv\/wp-json\/wp\/v2\/media\/73962"}],"wp:attachment":[{"href":"https:\/\/www.europesays.com\/lv\/wp-json\/wp\/v2\/media?parent=73961"}],"wp:term":[{"taxonomy":"category","embeddable":true,"href":"https:\/\/www.europesays.com\/lv\/wp-json\/wp\/v2\/categories?post=73961"},{"taxonomy":"post_tag","embeddable":true,"href":"https:\/\/www.europesays.com\/lv\/wp-json\/wp\/v2\/tags?post=73961"}],"curies":[{"name":"wp","href":"https:\/\/api.w.org\/{rel}","templated":true}]}}