{"id":73969,"date":"2025-12-14T06:36:14","date_gmt":"2025-12-14T06:36:14","guid":{"rendered":"https:\/\/www.europesays.com\/lv\/73969\/"},"modified":"2025-12-14T06:36:14","modified_gmt":"2025-12-14T06:36:14","slug":"parlamentariesi-otrdien-spriedis-par-iespejam-demontet-sliedes-krievijas-pierobeza","status":"publish","type":"post","link":"https:\/\/www.europesays.com\/lv\/73969\/","title":{"rendered":"Parlament\u0101rie\u0161i otrdien spried\u012bs par iesp\u0113j\u0101m demont\u0113t sliedes Krievijas pierobe\u017e\u0101"},"content":{"rendered":"<p>Lai spriestu par iesp\u0113jamo slie\u017eu nojauk\u0161anu, piedal\u012bties uz apak\u0161komisijas s\u0113di aicin\u0101ti Aizsardz\u012bbas ministrijas, Nacion\u0101lo bru\u0146oto sp\u0113ku, \u0100rlietu ministrijas, Valsts dro\u0161\u012bbas dienesta, Valsts robe\u017esardzes, VAS &#8220;Latvijas Dzelzce\u013c\u0161&#8221; un Ludzas novada domes p\u0101rst\u0101vji.<\/p>\n<p>Paredz\u0113ts, ka komisijas s\u0113de s\u0101ksies plkst. 13.<\/p>\n<p>Saeima iepriek\u0161 noraid\u012bja opoz\u012bcij\u0101 eso\u0161\u0101s Nacion\u0101l\u0101s apvien\u012bbas (NA) l\u0113mumprojektu, kas paredz\u0113ja demont\u0113t Latvijas-Krievijas pierobe\u017eas dzelzce\u013ca infrastrukt\u016bru.<\/p>\n<p>K\u0101 zi\u0146ots, vair\u0101k\u0101m Latvijas ministrij\u0101m un dro\u0161\u012bbas iest\u0101d\u0113m ir uzdots l\u012bdz gada beig\u0101m sagatavot atzinumu par to, k\u0101du ietekmi Latvijai rad\u012btu slie\u017eu nojauk\u0161ana Krievijas pierobe\u017e\u0101. Turkl\u0101t Baltijas valstu prezidenti ir uzsv\u0113ru\u0161i, ka \u0161\u0101dam l\u0113mumam b\u016btu j\u0101b\u016bt kop\u012bgam.<\/p>\n<p>L\u012bdz ar to diskusijas par \u0161o jaut\u0101jumu notiek. Tom\u0113r NA ceturtdien bija nol\u0113musi iesniegt parlament\u0101 l\u0113mumprojektu, kas paredz\u0113ja, ka Ministru prezidentei Evikai Sili\u0146ai (JV) ar vald\u012bbas l\u0113mumu j\u0101nodro\u0161ina Latvijas-Krievijas pierobe\u017eas dzelzce\u013ca infrastrukt\u016bras demont\u0101\u017ea, k\u0101 ar\u012b j\u0101veic p\u0101rrunas ar Lietuvu un Igauniju, lai nodro\u0161in\u0101tu vienotu Baltijas valstu r\u012bc\u012bbu dzelzce\u013ca demont\u0101\u017eas jaut\u0101jumos Baltijas aizsardz\u012bbas l\u012bnijas ietvar\u0101.<\/p>\n<p>T\u0101pat NA mudin\u0101ja premjeri Eiropas Savien\u012bbas l\u012bmen\u012b pan\u0101kt finans\u0113jumu, lai kaut da\u013c\u0113ji kompens\u0113tu infrastrukt\u016bras demont\u0101\u017eas izmaksas k\u0101 da\u013cu no Eiropas austrumu robe\u017eas stiprin\u0101\u0161anas.<\/p>\n<ul class=\"d-inline-block list-inline\">\n<li class=\"list-inline-item\"><a href=\"https:\/\/lat.press.lv\/\" rel=\"nofollow noopener\" target=\"_blank\"><img decoding=\"async\" style=\"max-height: 35px;\" src=\"https:\/\/lat.press.lv\/themes\/press\/assets\/lat_press_logo.svg\" alt=\"Press.lv - \u041d\u043e\u0432\u043e\u0441\u0442\u0438, \u043a\u043e\u0442\u043e\u0440\u044b\u0435 \u043a\u0430\u0441\u0430\u044e\u0442\u0441\u044f \u0412\u0430\u0441!\"\/><\/a><\/li>\n<\/ul>\n","protected":false},"excerpt":{"rendered":"Lai spriestu par iesp\u0113jamo slie\u017eu nojauk\u0161anu, piedal\u012bties uz apak\u0161komisijas s\u0113di aicin\u0101ti Aizsardz\u012bbas ministrijas, Nacion\u0101lo bru\u0146oto sp\u0113ku, \u0100rlietu ministrijas,&hellip;\n","protected":false},"author":2,"featured_media":73970,"comment_status":"","ping_status":"","sticky":false,"template":"","format":"standard","meta":{"footnotes":""},"categories":[14],"tags":[23,57,28,29,32,33,22,30,31,35,39,38,36,37,34,40,20,26,27,24,25,54,55,56,21,58],"class_list":{"0":"post-73969","1":"post","2":"type-post","3":"status-publish","4":"format-standard","5":"has-post-thumbnail","7":"category-zinas-no-arvalstim","8":"tag-aktualitates","9":"tag-arvalstim","10":"tag-breaking-news","11":"tag-breakingnews","12":"tag-featured-news","13":"tag-featurednews","14":"tag-headlines","15":"tag-latest-news","16":"tag-latestnews","17":"tag-latvia","18":"tag-latvian","19":"tag-latviesu","20":"tag-latviesu-valoda","21":"tag-latviesuvaloda","22":"tag-latvija","23":"tag-lv","24":"tag-news","25":"tag-popularakas-zinas","26":"tag-popularakaszinas","27":"tag-top-stories","28":"tag-topstories","29":"tag-world","30":"tag-world-news","31":"tag-worldnews","32":"tag-zinas","33":"tag-zinas-no-arvalstim"},"share_on_mastodon":{"url":"https:\/\/pubeurope.com\/@lv\/115716540702278916","error":""},"_links":{"self":[{"href":"https:\/\/www.europesays.com\/lv\/wp-json\/wp\/v2\/posts\/73969","targetHints":{"allow":["GET"]}}],"collection":[{"href":"https:\/\/www.europesays.com\/lv\/wp-json\/wp\/v2\/posts"}],"about":[{"href":"https:\/\/www.europesays.com\/lv\/wp-json\/wp\/v2\/types\/post"}],"author":[{"embeddable":true,"href":"https:\/\/www.europesays.com\/lv\/wp-json\/wp\/v2\/users\/2"}],"replies":[{"embeddable":true,"href":"https:\/\/www.europesays.com\/lv\/wp-json\/wp\/v2\/comments?post=73969"}],"version-history":[{"count":0,"href":"https:\/\/www.europesays.com\/lv\/wp-json\/wp\/v2\/posts\/73969\/revisions"}],"wp:featuredmedia":[{"embeddable":true,"href":"https:\/\/www.europesays.com\/lv\/wp-json\/wp\/v2\/media\/73970"}],"wp:attachment":[{"href":"https:\/\/www.europesays.com\/lv\/wp-json\/wp\/v2\/media?parent=73969"}],"wp:term":[{"taxonomy":"category","embeddable":true,"href":"https:\/\/www.europesays.com\/lv\/wp-json\/wp\/v2\/categories?post=73969"},{"taxonomy":"post_tag","embeddable":true,"href":"https:\/\/www.europesays.com\/lv\/wp-json\/wp\/v2\/tags?post=73969"}],"curies":[{"name":"wp","href":"https:\/\/api.w.org\/{rel}","templated":true}]}}