{"id":73982,"date":"2025-12-14T06:59:08","date_gmt":"2025-12-14T06:59:08","guid":{"rendered":"https:\/\/www.europesays.com\/lv\/73982\/"},"modified":"2025-12-14T06:59:08","modified_gmt":"2025-12-14T06:59:08","slug":"lidl-maina-elektroprecu-atgriesanas-politiku-latvija-negodpratigas-izmantosanas-del-lente-lv","status":"publish","type":"post","link":"https:\/\/www.europesays.com\/lv\/73982\/","title":{"rendered":"Lidl maina elektropre\u010du atgrie\u0161anas politiku Latvij\u0101 negodpr\u0101t\u012bgas izmanto\u0161anas d\u0113\u013c\u00a0\u2014\u00a0Lente.lv"},"content":{"rendered":"<p>Lidl maina pre\u010du atgrie\u0161anas politiku elektroprec\u0113m Latvij\u0101<\/p>\n<p>Mazumtirdzniec\u012bbas veikalu t\u012bkls Lidl ir veicis izmai\u0146as sav\u0101 politik\u0101 attiec\u012bb\u0101 uz elektropre\u010du atgrie\u0161anu Latvij\u0101. L\u0113mums n\u0101cis p\u0113c tam, kad tika konstat\u0113ts, ka da\u017ei klienti \u0161o pretimn\u0101ko\u0161o iesp\u0113ju izmantoja nepamatoti, radot zaud\u0113jumus mazumtirgot\u0101jam.<\/p>\n<p>Nepamatota pre\u010du atgrie\u0161ana k\u0101 probl\u0113ma<\/p>\n<p>K\u0101 nor\u0101d\u012bjis Lidl p\u0101rst\u0101vis, lai gan uz\u0146\u0113mums vienm\u0113r ir centies pied\u0101v\u0101t klientiem \u0113rtus un izdev\u012bgus risin\u0101jumus, diem\u017e\u0113l atsevi\u0161\u0137i pirc\u0113ji s\u0101ka izmantot elektropre\u010du atgrie\u0161anas iesp\u0113ju ne p\u0113c b\u016bt\u012bbas. \u0160\u0101da r\u012bc\u012bba, iesp\u0113jams, saist\u012bta ar v\u0113lmi \u012bslaic\u012bgi izmantot preci bez maksas vai ar\u012b ar k\u0101diem citiem negodpr\u0101t\u012bgiem nol\u016bkiem. Tas rad\u012bjis nepiecie\u0161am\u012bbu p\u0101rskat\u012bt eso\u0161os noteikumus, lai nov\u0113rstu \u0161\u0101du negat\u012bvu praksi.<\/p>\n<p>Jaunie noteikumi un to sekas<\/p>\n<p>Lai gan konkr\u0113ti jaun\u0101s politikas nosac\u012bjumi v\u0113l nav detaliz\u0113ti publiskoti, ir skaidrs, ka izmai\u0146as mazin\u0101s iesp\u0113ju nepamatoti atgriezt elektropreces. \u0160\u0101ds solis ir saprotams no uz\u0146\u0113muma perspekt\u012bvas, kura m\u0113r\u0137is ir aizsarg\u0101t savus finan\u0161u resursus un nodro\u0161in\u0101t god\u012bgu tirdzniec\u012bbas vidi. Lai gan tas var\u0113tu rad\u012bt zin\u0101mas ne\u0113rt\u012bbas godpr\u0101t\u012bgiem pirc\u0113jiem, kuriem patie\u0161\u0101m rodas nepiecie\u0161am\u012bba atgriezt k\u0101du preci, kopum\u0101 tas ir solis pretim stabil\u0101kam un ilgtsp\u0113j\u012bg\u0101kam biznesa modelim.<\/p>\n","protected":false},"excerpt":{"rendered":"Lidl maina pre\u010du atgrie\u0161anas politiku elektroprec\u0113m Latvij\u0101 Mazumtirdzniec\u012bbas veikalu t\u012bkls Lidl ir veicis izmai\u0146as sav\u0101 politik\u0101 attiec\u012bb\u0101 uz&hellip;\n","protected":false},"author":2,"featured_media":73983,"comment_status":"","ping_status":"","sticky":false,"template":"","format":"standard","meta":{"footnotes":""},"categories":[16],"tags":[18835,77,76,18834,35,39,38,36,37,34,16737,40,18833],"class_list":{"0":"post-73982","1":"post","2":"type-post","3":"status-publish","4":"format-standard","5":"has-post-thumbnail","7":"category-bizness","8":"tag-atgriesanas-politika","9":"tag-bizness","10":"tag-business","11":"tag-elektropreces","12":"tag-latvia","13":"tag-latvian","14":"tag-latviesu","15":"tag-latviesu-valoda","16":"tag-latviesuvaloda","17":"tag-latvija","18":"tag-lidl","19":"tag-lv","20":"tag-precu-atgriesana"},"share_on_mastodon":{"url":"https:\/\/pubeurope.com\/@lv\/115716630999697703","error":""},"_links":{"self":[{"href":"https:\/\/www.europesays.com\/lv\/wp-json\/wp\/v2\/posts\/73982","targetHints":{"allow":["GET"]}}],"collection":[{"href":"https:\/\/www.europesays.com\/lv\/wp-json\/wp\/v2\/posts"}],"about":[{"href":"https:\/\/www.europesays.com\/lv\/wp-json\/wp\/v2\/types\/post"}],"author":[{"embeddable":true,"href":"https:\/\/www.europesays.com\/lv\/wp-json\/wp\/v2\/users\/2"}],"replies":[{"embeddable":true,"href":"https:\/\/www.europesays.com\/lv\/wp-json\/wp\/v2\/comments?post=73982"}],"version-history":[{"count":0,"href":"https:\/\/www.europesays.com\/lv\/wp-json\/wp\/v2\/posts\/73982\/revisions"}],"wp:featuredmedia":[{"embeddable":true,"href":"https:\/\/www.europesays.com\/lv\/wp-json\/wp\/v2\/media\/73983"}],"wp:attachment":[{"href":"https:\/\/www.europesays.com\/lv\/wp-json\/wp\/v2\/media?parent=73982"}],"wp:term":[{"taxonomy":"category","embeddable":true,"href":"https:\/\/www.europesays.com\/lv\/wp-json\/wp\/v2\/categories?post=73982"},{"taxonomy":"post_tag","embeddable":true,"href":"https:\/\/www.europesays.com\/lv\/wp-json\/wp\/v2\/tags?post=73982"}],"curies":[{"name":"wp","href":"https:\/\/api.w.org\/{rel}","templated":true}]}}