{"id":73984,"date":"2025-12-14T07:01:11","date_gmt":"2025-12-14T07:01:11","guid":{"rendered":"https:\/\/www.europesays.com\/lv\/73984\/"},"modified":"2025-12-14T07:01:11","modified_gmt":"2025-12-14T07:01:11","slug":"video-jau-divas-avarijas-bet-cela-tiritaja-neviena-ko-jus-gaidat-martins-nikns-par-gauso-darbu-uz-a9","status":"publish","type":"post","link":"https:\/\/www.europesays.com\/lv\/73984\/","title":{"rendered":"VIDEO. \u201cJau divas av\u0101rijas, bet ce\u013ca t\u012br\u012bt\u0101ja neviena, ko j\u016bs gaid\u0101t?\u201d M\u0101rti\u0146\u0161 nikns par gauso darbu uz A9"},"content":{"rendered":"<p>    <img decoding=\"async\" src=\"https:\/\/www.europesays.com\/lv\/wp-content\/uploads\/2025\/12\/LET_24688200-1024x677.jpg\" alt=\"&#10;\"\/><\/p>\n<p>Foto: Ivars Soik\u00e2ns\/LETA\n<\/p>\n<p>Sniega un apledojuma d\u0113\u013c vis\u0101 Latvij\u0101, iz\u0146emot Liep\u0101jas apk\u0101rtni, ir apgr\u016btin\u0101ta brauk\u0161ana pa valsts galvenajiem un re\u0123ion\u0101lajiem autoce\u013ciem, a\u0123ent\u016brai LETA pav\u0113st\u012bja VSIA \u201cLatvijas valsts ce\u013ci\u201d.<\/p>\n<p>        Las\u012bt\u0101kie<br \/>\n        <a data-imagesrc=\"{&quot;300&quot;:&quot;https:\\\/\\\/lastatic.ams3.cdn.digitaloceanspaces.com\\\/2025\\\/12\\\/LET_24882854-300x191.jpg&quot;,&quot;1024&quot;:&quot;https:\\\/\\\/lastatic.ams3.cdn.digitaloceanspaces.com\\\/2025\\\/12\\\/LET_24882854-1024x651.jpg&quot;,&quot;1536&quot;:&quot;https:\\\/\\\/lastatic.ams3.cdn.digitaloceanspaces.com\\\/2025\\\/12\\\/LET_24882854-1536x976.jpg&quot;,&quot;500&quot;:&quot;https:\\\/\\\/lastatic.ams3.cdn.digitaloceanspaces.com\\\/2025\\\/12\\\/LET_24882854-500x318.jpg&quot;,&quot;800&quot;:&quot;https:\\\/\\\/lastatic.ams3.cdn.digitaloceanspaces.com\\\/2025\\\/12\\\/LET_24882854-800x508.jpg&quot;,&quot;2560&quot;:&quot;https:\\\/\\\/lastatic.ams3.cdn.digitaloceanspaces.com\\\/2025\\\/12\\\/LET_24882854-scaled.jpg&quot;}\" data-focuspoint=\"&quot;&quot;\" data-p=\"2478699\" href=\"https:\/\/www.la.lv\/foto-dzemdibas-noskirti-dvini-atklats-ka-musu-saeima-strada-divi-pilnigi-identiski-deputati\" class=\"content-item lazy-load\" wp_automatic_readability=\"27\" rel=\"nofollow noopener\" target=\"_blank\"><\/p>\n<p>                                <img decoding=\"async\" src=\"\" alt=\"\" style=\"\" data-imageid=\"\"\/><\/p>\n<p>                                Kokteilis<\/p>\n<p>\n                                                FOTO. Dzemd\u012bb\u0101s no\u0161\u0137irti dv\u012b\u0146i? Atkl\u0101ts, ka m\u016bsu Saeim\u0101 str\u0101d\u0101 divi piln\u012bgi identiski deput\u0101ti\n                            <\/p>\n<p><\/a><a data-imagesrc=\"{&quot;300&quot;:&quot;https:\\\/\\\/lastatic.ams3.cdn.digitaloceanspaces.com\\\/2024\\\/06\\\/11395525-1-300x201.jpg&quot;,&quot;768&quot;:&quot;https:\\\/\\\/lastatic.ams3.cdn.digitaloceanspaces.com\\\/2024\\\/06\\\/11395525-1-768x514.jpg&quot;,&quot;200&quot;:&quot;https:\\\/\\\/lastatic.ams3.cdn.digitaloceanspaces.com\\\/2024\\\/06\\\/11395525-1-200x134.jpg&quot;,&quot;400&quot;:&quot;https:\\\/\\\/lastatic.ams3.cdn.digitaloceanspaces.com\\\/2024\\\/06\\\/11395525-1-400x268.jpg&quot;,&quot;500&quot;:&quot;https:\\\/\\\/lastatic.ams3.cdn.digitaloceanspaces.com\\\/2024\\\/06\\\/11395525-1-500x335.jpg&quot;,&quot;800&quot;:&quot;https:\\\/\\\/lastatic.ams3.cdn.digitaloceanspaces.com\\\/2024\\\/06\\\/11395525-1-800x535.jpg&quot;,&quot;1000&quot;:&quot;https:\\\/\\\/lastatic.ams3.cdn.digitaloceanspaces.com\\\/2024\\\/06\\\/11395525-1.jpg&quot;}\" data-focuspoint=\"{&quot;x&quot;:&quot;48.60395591211969&quot;,&quot;y&quot;:&quot;27.19057504701345&quot;}\" data-p=\"2479229\" href=\"https:\/\/www.la.lv\/eiropas-padome-beidzot-pienem-likumu-kas-bus-milzigi-sapigs-trieciens-krievijai\" class=\"content-item lazy-load\" wp_automatic_readability=\"26.5\" rel=\"nofollow noopener\" target=\"_blank\"><\/p>\n<p>                                <img decoding=\"async\" src=\"\" alt=\"\" style=\"object-position: 48.60395591211969% 27.19057504701345%\" data-imageid=\"\"\/><\/p>\n<p>                                TV24<\/p>\n<p>                                            Eiropas Padome beidzot pie\u0146em likumu, kas b\u016bs milz\u012bgi s\u0101p\u012bgs trieciens Krievijai\n                            <\/p>\n<p><\/a><a data-imagesrc=\"{&quot;300&quot;:&quot;https:\\\/\\\/lastatic.ams3.cdn.digitaloceanspaces.com\\\/2025\\\/04\\\/LET_24592359-1-300x200.jpg&quot;,&quot;768&quot;:&quot;https:\\\/\\\/lastatic.ams3.cdn.digitaloceanspaces.com\\\/2025\\\/04\\\/LET_24592359-1-768x511.jpg&quot;,&quot;200&quot;:&quot;https:\\\/\\\/lastatic.ams3.cdn.digitaloceanspaces.com\\\/2025\\\/04\\\/LET_24592359-1-200x133.jpg&quot;,&quot;400&quot;:&quot;https:\\\/\\\/lastatic.ams3.cdn.digitaloceanspaces.com\\\/2025\\\/04\\\/LET_24592359-1-400x266.jpg&quot;,&quot;500&quot;:&quot;https:\\\/\\\/lastatic.ams3.cdn.digitaloceanspaces.com\\\/2025\\\/04\\\/LET_24592359-1-500x333.jpg&quot;,&quot;800&quot;:&quot;https:\\\/\\\/lastatic.ams3.cdn.digitaloceanspaces.com\\\/2025\\\/04\\\/LET_24592359-1-800x533.jpg&quot;,&quot;1000&quot;:&quot;https:\\\/\\\/lastatic.ams3.cdn.digitaloceanspaces.com\\\/2025\\\/04\\\/LET_24592359-1.jpg&quot;}\" data-focuspoint=\"&quot;&quot;\" data-p=\"2464163\" href=\"https:\/\/www.la.lv\/nogurums-ir-milzigs-reinis-vairakas-stundas-diena-pavada-cela-uz-un-no-darba-valsts-darba-inspekcija-atklaj-kas-vinam-par-to-pienakas\" class=\"content-item lazy-load\" wp_automatic_readability=\"27\" rel=\"nofollow noopener\" target=\"_blank\"><\/p>\n<p>                                <img decoding=\"async\" src=\"\" alt=\"\" style=\"\" data-imageid=\"\"\/><\/p>\n<p>                                RAKSTA REDAKTORS<\/p>\n<p>\n                                                \u201cNogurums ir milz\u012bgs.\u201d Reinis vair\u0101kas stundas dien\u0101 pavada ce\u013c\u0101 uz un no darba. Valsts darba inspekcija atkl\u0101j, kas vi\u0146am par to pien\u0101kas\n                            <\/p>\n<p><\/a><br \/>\n        <a class=\"read-more\" href=\"https:\/\/www.la.lv\/top\" rel=\"nofollow noopener\" target=\"_blank\">Las\u012bt citas zi\u0146as<\/a><\/p>\n<p>Sniegotos autoce\u013ca posmus t\u012bra un kaisa ar pretsl\u012bdes materi\u0101liem. Lai uzlabotu brauk\u0161anas apst\u0101k\u013cus, ce\u013cu uztur\u0113\u0161anas darbos ir iesaist\u012btas 142 ziemas dienesta tehnikas vien\u012bbas. Tom\u0113r realit\u0101te mazliet at\u0161\u0137iras. \u201cLust\u012bgais bl\u016bm\u012bzeris\u201d m\u016bzi\u0137is M\u0101rti\u0146\u0161 Bergmanis soci\u0101lajos t\u012bklos nov\u0113rojis tie\u0161i pret\u0113jo \u2013 snieg, ce\u013ci slideni, av\u0101rijas, bet ce\u013cu uztur\u0113t\u0101jus nekur nemana. <\/p>\n<p>\u201cCemme baiga! Kad j\u016bs s\u0101kat darbu Latvijas Autoce\u013cu Uztur\u0113t\u0101js? Sniegs beidza snigt pirms stundas! Tagad ir 2:22 nakt\u012b! Esmu redz\u0113jis divas av\u0101rijas! Ko j\u016bs gaid\u0101t? F\u016bres brauc no ostas pa A9 \u0161oseju teju, viena aiz otras. P\u013cura, sniega bl\u0101\u0137i! <\/p>\n<p>    CITI \u0160OBR\u012aD LASA<\/p>\n<p>Neviena ma\u0161\u012bna no j\u016bsu kantora nav str\u0101d\u0101jusi! Esmu apbraucis R\u012bgas apvedcelu, nobraucis R\u012bga-Saldus un neviena censo\u0146a!<br \/>Ko j\u016bs gaid\u0101t? Idiotisms! Satiksme ir nenorm\u0101la, bet j\u016bs spriedel\u0113jat- mo\u0161ka nokusis?  Nu, re, s\u0101k te pie Saldus l\u012bt! \u010cu\u010diet saldi! Fenomen\u0101li j\u016bs esat!\u201d<\/p>\n<p>Jau zi\u0146ots, ka Uz valsts galvenajiem autoce\u013ciem apgr\u016btin\u0101ti brauk\u0161anas apst\u0101k\u013ci ir uz Tallinas \u0161osejas (A1) vis\u0101 posm\u0101, uz Vidzemes \u0161osejas (A2) vis\u0101 posm\u0101, uz Valmieras \u0161osejas (A3) vis\u0101 posm\u0101, uz R\u012bgas apvedce\u013ca no Salaspils l\u012bdz Baltezeram (A4) vis\u0101 posm\u0101, uz R\u012bgas apvedce\u013ca no Salaspils l\u012bdz Bab\u012btei (A5) vis\u0101 posm\u0101, uz Daugavpils \u0161osejas (A6) vis\u0101 posm\u0101, uz Bauskas \u0161osejas (A7) no R\u012bgas l\u012bdz Dzimtmisai, k\u0101 ar\u012b uz Jelgavas \u0161osejas (A8) vis\u0101 posm\u0101.<\/p>\n<p>T\u0101pat apgr\u016btin\u0101ti brauk\u0161anas apst\u0101k\u013ci ir uz Liep\u0101jas \u0161osejas (A9) no R\u012bgas l\u012bdz Ap\u0161upes krustojumam un no Mazbl\u012bdenes l\u012bdz Ciecerei, uz Ventspils \u0161osejas (A10) no R\u012bgas l\u012bdz K\u016bdrai un no Strazdes l\u012bdz Ventspilij, uz R\u0113zeknes \u0161osejas (A12) vis\u0101 posm\u0101, uz autoce\u013ca Greb\u0146eva-R\u0113zekne-Daugavpils-Medumi (A13) vis\u0101 posm\u0101, uz Daugavpils apvedce\u013ca (A14) vis\u0101 posm\u0101, uz R\u0113zeknes apvedce\u013ca (A15) vis\u0101 posm\u0101 un uz valsts re\u0123ion\u0101l\u0101 autoce\u013ca T\u012bn\u016b\u017ei-Koknese (P80) vis\u0101 posm\u0101.<\/p>\n<p>Savuk\u0101rt uz re\u0123ion\u0101lajiem autoce\u013ciem apgr\u016btin\u0101ta brauk\u0161ana ir vis\u0101 Latvij\u0101, iz\u0146emot Liep\u0101jas apk\u0101rtni.<\/p>\n<p>Par apgr\u016btin\u0101tiem brauk\u0161anas apst\u0101k\u013ciem vai citiem ar satiksmi un ce\u013cu st\u0101vokli saist\u012btiem nov\u0113rojumiem iedz\u012bvot\u0101ji ir aicin\u0101ti inform\u0113t \u201cLatvijas valsts ce\u013cus\u201d, zvanot uz diennakts bezmaksas informat\u012bvo t\u0101lruni 80005555, k\u0101 ar\u012b uz\u0146\u0113muma kontos soci\u0101l\u0101s sazi\u0146as t\u012bklos \u201cX\u201d un \u201cFacebook\u201d.<\/p>\n<p>T\u0113mas<\/p>\n<p>    SAIST\u012aTIE RAKSTI<\/p>\n","protected":false},"excerpt":{"rendered":"Foto: Ivars Soik\u00e2ns\/LETA Sniega un apledojuma d\u0113\u013c vis\u0101 Latvij\u0101, iz\u0146emot Liep\u0101jas apk\u0101rtni, ir apgr\u016btin\u0101ta brauk\u0161ana pa valsts galvenajiem&hellip;\n","protected":false},"author":2,"featured_media":73985,"comment_status":"","ping_status":"","sticky":false,"template":"","format":"standard","meta":{"footnotes":""},"categories":[12],"tags":[23,28,29,32,33,22,30,31,35,39,38,36,37,34,40,20,26,27,24,25,21],"class_list":{"0":"post-73984","1":"post","2":"type-post","3":"status-publish","4":"format-standard","5":"has-post-thumbnail","7":"category-latvija","8":"tag-aktualitates","9":"tag-breaking-news","10":"tag-breakingnews","11":"tag-featured-news","12":"tag-featurednews","13":"tag-headlines","14":"tag-latest-news","15":"tag-latestnews","16":"tag-latvia","17":"tag-latvian","18":"tag-latviesu","19":"tag-latviesu-valoda","20":"tag-latviesuvaloda","21":"tag-latvija","22":"tag-lv","23":"tag-news","24":"tag-popularakas-zinas","25":"tag-popularakaszinas","26":"tag-top-stories","27":"tag-topstories","28":"tag-zinas"},"share_on_mastodon":{"url":"https:\/\/pubeurope.com\/@lv\/115716639098321892","error":""},"_links":{"self":[{"href":"https:\/\/www.europesays.com\/lv\/wp-json\/wp\/v2\/posts\/73984","targetHints":{"allow":["GET"]}}],"collection":[{"href":"https:\/\/www.europesays.com\/lv\/wp-json\/wp\/v2\/posts"}],"about":[{"href":"https:\/\/www.europesays.com\/lv\/wp-json\/wp\/v2\/types\/post"}],"author":[{"embeddable":true,"href":"https:\/\/www.europesays.com\/lv\/wp-json\/wp\/v2\/users\/2"}],"replies":[{"embeddable":true,"href":"https:\/\/www.europesays.com\/lv\/wp-json\/wp\/v2\/comments?post=73984"}],"version-history":[{"count":0,"href":"https:\/\/www.europesays.com\/lv\/wp-json\/wp\/v2\/posts\/73984\/revisions"}],"wp:featuredmedia":[{"embeddable":true,"href":"https:\/\/www.europesays.com\/lv\/wp-json\/wp\/v2\/media\/73985"}],"wp:attachment":[{"href":"https:\/\/www.europesays.com\/lv\/wp-json\/wp\/v2\/media?parent=73984"}],"wp:term":[{"taxonomy":"category","embeddable":true,"href":"https:\/\/www.europesays.com\/lv\/wp-json\/wp\/v2\/categories?post=73984"},{"taxonomy":"post_tag","embeddable":true,"href":"https:\/\/www.europesays.com\/lv\/wp-json\/wp\/v2\/tags?post=73984"}],"curies":[{"name":"wp","href":"https:\/\/api.w.org\/{rel}","templated":true}]}}