{"id":74011,"date":"2025-12-14T07:38:08","date_gmt":"2025-12-14T07:38:08","guid":{"rendered":"https:\/\/www.europesays.com\/lv\/74011\/"},"modified":"2025-12-14T07:38:08","modified_gmt":"2025-12-14T07:38:08","slug":"stajas-speka-vilcienu-ziemas-sezonas-kustibas-saraksts-jauns-lv","status":"publish","type":"post","link":"https:\/\/www.europesays.com\/lv\/74011\/","title":{"rendered":"St\u0101jas sp\u0113k\u0101 vilcienu ziemas sezonas kust\u012bbas saraksts &#8211; Jauns.lv"},"content":{"rendered":"<ol>\n<li><a href=\"https:\/\/news.google.com\/rss\/articles\/CBMilgFBVV95cUxPUWxlb29FS2ZBajE2bUtfYTJsaFU4LXcyd3FubFVzejdlOUlGM1NPaW1BRVNhNVpBWTRtZ3VXVGpwZERCeGp0aGsxZDhYRHFlRkd4OGNKd2UzajZncjZuZTk4OTdpWHJBY2M1aEhzZF9FYUFhVTJRaXJxenZ5ZWVJTjNSXzVPcDFtZGxHOE1Bb0N3WUdLY1E?oc=5\" target=\"_blank\" rel=\"nofollow noopener\">St\u0101jas sp\u0113k\u0101 vilcienu ziemas sezonas kust\u012bbas saraksts<\/a>&nbsp;&nbsp;Jauns.lv<\/li>\n<li><a href=\"https:\/\/news.google.com\/rss\/articles\/CBMivAFBVV95cUxObTFsRTdpenprNUI4REtNZmxaX2hQdFNNWW9UQ2JDSFZReTY5U3ByOXRWODB5OFVrYlFJRTV0LXdWd0xnd0xDdUctZXhHOHd5aFMwZE42QnhvQlg1TndFSmtEQnY0UnNmUjVHNTV0Rml2NmY1VGs4X0VmMGpQSnh0Nng1TWhyRzRjaFlGNFBBSG92Nnk1ZlI3dXkxUEJpd0VvRlVLYWNiTkVZWWItQzVfbEloaU9XOUhnSG5hTg?oc=5\" target=\"_blank\" rel=\"nofollow noopener\">St\u0101jas sp\u0113k\u0101 jauns vilcienu ziemas sezonas kust\u012bbas saraksts \/ Raksts<\/a>&nbsp;&nbsp;LSM<\/li>\n<li><a href=\"https:\/\/news.google.com\/rss\/articles\/CBMirwFBVV95cUxNMEJoZlcweHlIVDRCZ1hvZUNJX0c4R2JJT2xmYWY3YmtyMElXTkhoc0lyWkFvaW1PUEhka2lXUlpTcGtORDZTMjA0WmxGWHBBaFJzenI0R1BONGpGTGF5V2xwUmNxNmFoQmNHNnBBVVIzSHpuLW14RmY1Qjk2WVBUSXFXQlZaSkRsQlBuMVgtZmlEUzRHY3R0bXR3enAyTHFaQVd4dzJxQnlsc1laYkdB?oc=5\" target=\"_blank\" rel=\"nofollow noopener\">No 14. decembra vilcieni s\u0101ks kurs\u0113t atbilsto\u0161i jaunajam ziemas sezonas grafikam<\/a>&nbsp;&nbsp;Dzentlmenis.lv<\/li>\n<li><a href=\"https:\/\/news.google.com\/rss\/articles\/CBMiiAFBVV95cUxQYXVJZGdIY2FjcG0waXpQV2RvTlFEelZEV0RzRk84a1hsRDBramdpX3JYYk5VX0hzQk5rdEZ5OEhRY1pKeUpBT1VOdWVCRDdKb1JZX1FJaGhhTGdrb0VTcnV4NDVtcWxsdVNzSTlBMDUtYkR3R3VEREhsTjJ0WlQ3S3hGVGlSQmJX?oc=5\" target=\"_blank\" rel=\"nofollow noopener\">Izmai\u0146as vilcienu kust\u012bb\u0101 no 14. l\u012bdz 21. decembrim<\/a>&nbsp;&nbsp;Valmieras novada pa\u0161vald\u012bba<\/li>\n<li><a href=\"https:\/\/news.google.com\/rss\/articles\/CBMiwgFBVV95cUxPQVZET01fNFJlUmZLUHdjZWdJbVF0aTBPWER5TTh1OHNqbHh2eU5Gcnhqa3ZLQ01kT2pnU1B0NkJLRGF2WXJzcklTYWpKbU1jQ3pSM2xlVlZvOU55TFptb2NpVWJjenJpOXRKXzlNXzl5OE4tUGQ2OUdReDNKLTBBLUhBRTl3SG1CNGVGZzM4bm9nYUdyd1FBbTlsc0dDejRZbUhPeHhKWC1NTklCNnRvWFJIRjZVY2tQVXdZX0MyZnczUQ?oc=5\" target=\"_blank\" rel=\"nofollow noopener\">No 14. decembra \u2013 jaunumi &#8220;Vivi&#8221; vilcienu grafik\u0101: ko pasa\u017eieriem j\u0101zina par izmai\u0146\u0101m<\/a>&nbsp;&nbsp;Lente.lv<\/li>\n<\/ol>\n","protected":false},"excerpt":{"rendered":"St\u0101jas sp\u0113k\u0101 vilcienu ziemas sezonas kust\u012bbas saraksts&nbsp;&nbsp;Jauns.lv St\u0101jas sp\u0113k\u0101 jauns vilcienu ziemas sezonas kust\u012bbas saraksts \/ Raksts&nbsp;&nbsp;LSM No&hellip;\n","protected":false},"author":2,"featured_media":74012,"comment_status":"","ping_status":"","sticky":false,"template":"","format":"standard","meta":{"footnotes":""},"categories":[5],"tags":[23,28,29,32,33,22,30,31,35,39,38,36,37,34,40,20,26,27,24,25,21],"class_list":{"0":"post-74011","1":"post","2":"type-post","3":"status-publish","4":"format-standard","5":"has-post-thumbnail","7":"category-aktualitates","8":"tag-aktualitates","9":"tag-breaking-news","10":"tag-breakingnews","11":"tag-featured-news","12":"tag-featurednews","13":"tag-headlines","14":"tag-latest-news","15":"tag-latestnews","16":"tag-latvia","17":"tag-latvian","18":"tag-latviesu","19":"tag-latviesu-valoda","20":"tag-latviesuvaloda","21":"tag-latvija","22":"tag-lv","23":"tag-news","24":"tag-popularakas-zinas","25":"tag-popularakaszinas","26":"tag-top-stories","27":"tag-topstories","28":"tag-zinas"},"share_on_mastodon":{"url":"https:\/\/pubeurope.com\/@lv\/115716784329528870","error":""},"_links":{"self":[{"href":"https:\/\/www.europesays.com\/lv\/wp-json\/wp\/v2\/posts\/74011","targetHints":{"allow":["GET"]}}],"collection":[{"href":"https:\/\/www.europesays.com\/lv\/wp-json\/wp\/v2\/posts"}],"about":[{"href":"https:\/\/www.europesays.com\/lv\/wp-json\/wp\/v2\/types\/post"}],"author":[{"embeddable":true,"href":"https:\/\/www.europesays.com\/lv\/wp-json\/wp\/v2\/users\/2"}],"replies":[{"embeddable":true,"href":"https:\/\/www.europesays.com\/lv\/wp-json\/wp\/v2\/comments?post=74011"}],"version-history":[{"count":0,"href":"https:\/\/www.europesays.com\/lv\/wp-json\/wp\/v2\/posts\/74011\/revisions"}],"wp:featuredmedia":[{"embeddable":true,"href":"https:\/\/www.europesays.com\/lv\/wp-json\/wp\/v2\/media\/74012"}],"wp:attachment":[{"href":"https:\/\/www.europesays.com\/lv\/wp-json\/wp\/v2\/media?parent=74011"}],"wp:term":[{"taxonomy":"category","embeddable":true,"href":"https:\/\/www.europesays.com\/lv\/wp-json\/wp\/v2\/categories?post=74011"},{"taxonomy":"post_tag","embeddable":true,"href":"https:\/\/www.europesays.com\/lv\/wp-json\/wp\/v2\/tags?post=74011"}],"curies":[{"name":"wp","href":"https:\/\/api.w.org\/{rel}","templated":true}]}}