{"id":74025,"date":"2025-12-14T07:54:09","date_gmt":"2025-12-14T07:54:09","guid":{"rendered":"https:\/\/www.europesays.com\/lv\/74025\/"},"modified":"2025-12-14T07:54:09","modified_gmt":"2025-12-14T07:54:09","slug":"lavrovs-draud-somijai-un-zviedrijai-ar-ukrainas-likteni-krievijas-1997-gada-prasibas-nato-joprojam-ir-speka","status":"publish","type":"post","link":"https:\/\/www.europesays.com\/lv\/74025\/","title":{"rendered":"Lavrovs draud Somijai un Zviedrijai ar Ukrainas likteni: Krievijas 1997. gada pras\u012bbas NATO joproj\u0101m ir sp\u0113k\u0101"},"content":{"rendered":"<p>    <img decoding=\"async\" src=\"https:\/\/www.europesays.com\/lv\/wp-content\/uploads\/2025\/12\/sdlzi1urzanmpc-nh-1.jpg\" alt=\"&#10;Sergejs Lavrovs viz\u012bt\u0113 Nikaragv\u0101&#10;\"\/><\/p>\n<p>Sergejs Lavrovs viz\u012bt\u0113 Nikaragv\u0101<\/p>\n<p>Foto. AP Photo\/Eraldo Peres)  XEP209\n<\/p>\n<p>Krievijas \u0100rlietu ministrijas vad\u012bt\u0101js skaidri nor\u0101d\u012bja, ka Kremlis ir pret jebkur\u0101d\u0101m kaimi\u0146attiec\u012bb\u0101m ar NATO valst\u012bm, s\u0101kot iebied\u0113t Zviedriju un Somiju ar Ukrainas likteni, raksta <a href=\"https:\/\/www.dialog.ua\/russia\/325451_1765667908\" rel=\"noopener nofollow\" target=\"_blank\">dialog.ua.<\/a><\/p>\n<p>        Las\u012bt\u0101kie<br \/>\n        <a data-imagesrc=\"{&quot;300&quot;:&quot;https:\\\/\\\/lastatic.ams3.cdn.digitaloceanspaces.com\\\/2025\\\/12\\\/LET_24882854-300x191.jpg&quot;,&quot;1024&quot;:&quot;https:\\\/\\\/lastatic.ams3.cdn.digitaloceanspaces.com\\\/2025\\\/12\\\/LET_24882854-1024x651.jpg&quot;,&quot;1536&quot;:&quot;https:\\\/\\\/lastatic.ams3.cdn.digitaloceanspaces.com\\\/2025\\\/12\\\/LET_24882854-1536x976.jpg&quot;,&quot;500&quot;:&quot;https:\\\/\\\/lastatic.ams3.cdn.digitaloceanspaces.com\\\/2025\\\/12\\\/LET_24882854-500x318.jpg&quot;,&quot;800&quot;:&quot;https:\\\/\\\/lastatic.ams3.cdn.digitaloceanspaces.com\\\/2025\\\/12\\\/LET_24882854-800x508.jpg&quot;,&quot;2560&quot;:&quot;https:\\\/\\\/lastatic.ams3.cdn.digitaloceanspaces.com\\\/2025\\\/12\\\/LET_24882854-scaled.jpg&quot;}\" data-focuspoint=\"&quot;&quot;\" data-p=\"2478699\" href=\"https:\/\/www.la.lv\/foto-dzemdibas-noskirti-dvini-atklats-ka-musu-saeima-strada-divi-pilnigi-identiski-deputati\" class=\"content-item lazy-load\" wp_automatic_readability=\"27\" rel=\"nofollow noopener\" target=\"_blank\"><\/p>\n<p>                                <img decoding=\"async\" src=\"\" alt=\"\" style=\"\" data-imageid=\"\"\/><\/p>\n<p>                                Kokteilis<\/p>\n<p>\n                                                FOTO. Dzemd\u012bb\u0101s no\u0161\u0137irti dv\u012b\u0146i? Atkl\u0101ts, ka m\u016bsu Saeim\u0101 str\u0101d\u0101 divi piln\u012bgi identiski deput\u0101ti\n                            <\/p>\n<p><\/a><a data-imagesrc=\"{&quot;300&quot;:&quot;https:\\\/\\\/lastatic.ams3.cdn.digitaloceanspaces.com\\\/2024\\\/06\\\/11395525-1-300x201.jpg&quot;,&quot;768&quot;:&quot;https:\\\/\\\/lastatic.ams3.cdn.digitaloceanspaces.com\\\/2024\\\/06\\\/11395525-1-768x514.jpg&quot;,&quot;200&quot;:&quot;https:\\\/\\\/lastatic.ams3.cdn.digitaloceanspaces.com\\\/2024\\\/06\\\/11395525-1-200x134.jpg&quot;,&quot;400&quot;:&quot;https:\\\/\\\/lastatic.ams3.cdn.digitaloceanspaces.com\\\/2024\\\/06\\\/11395525-1-400x268.jpg&quot;,&quot;500&quot;:&quot;https:\\\/\\\/lastatic.ams3.cdn.digitaloceanspaces.com\\\/2024\\\/06\\\/11395525-1-500x335.jpg&quot;,&quot;800&quot;:&quot;https:\\\/\\\/lastatic.ams3.cdn.digitaloceanspaces.com\\\/2024\\\/06\\\/11395525-1-800x535.jpg&quot;,&quot;1000&quot;:&quot;https:\\\/\\\/lastatic.ams3.cdn.digitaloceanspaces.com\\\/2024\\\/06\\\/11395525-1.jpg&quot;}\" data-focuspoint=\"{&quot;x&quot;:&quot;48.60395591211969&quot;,&quot;y&quot;:&quot;27.19057504701345&quot;}\" data-p=\"2479229\" href=\"https:\/\/www.la.lv\/eiropas-padome-beidzot-pienem-likumu-kas-bus-milzigi-sapigs-trieciens-krievijai\" class=\"content-item lazy-load\" wp_automatic_readability=\"26.5\" rel=\"nofollow noopener\" target=\"_blank\"><\/p>\n<p>                                <img decoding=\"async\" src=\"\" alt=\"\" style=\"object-position: 48.60395591211969% 27.19057504701345%\" data-imageid=\"\"\/><\/p>\n<p>                                TV24<\/p>\n<p>                                            Eiropas Padome beidzot pie\u0146em likumu, kas b\u016bs milz\u012bgi s\u0101p\u012bgs trieciens Krievijai\n                            <\/p>\n<p><\/a><a data-imagesrc=\"{&quot;300&quot;:&quot;https:\\\/\\\/lastatic.ams3.cdn.digitaloceanspaces.com\\\/2025\\\/04\\\/LET_24592359-1-300x200.jpg&quot;,&quot;768&quot;:&quot;https:\\\/\\\/lastatic.ams3.cdn.digitaloceanspaces.com\\\/2025\\\/04\\\/LET_24592359-1-768x511.jpg&quot;,&quot;200&quot;:&quot;https:\\\/\\\/lastatic.ams3.cdn.digitaloceanspaces.com\\\/2025\\\/04\\\/LET_24592359-1-200x133.jpg&quot;,&quot;400&quot;:&quot;https:\\\/\\\/lastatic.ams3.cdn.digitaloceanspaces.com\\\/2025\\\/04\\\/LET_24592359-1-400x266.jpg&quot;,&quot;500&quot;:&quot;https:\\\/\\\/lastatic.ams3.cdn.digitaloceanspaces.com\\\/2025\\\/04\\\/LET_24592359-1-500x333.jpg&quot;,&quot;800&quot;:&quot;https:\\\/\\\/lastatic.ams3.cdn.digitaloceanspaces.com\\\/2025\\\/04\\\/LET_24592359-1-800x533.jpg&quot;,&quot;1000&quot;:&quot;https:\\\/\\\/lastatic.ams3.cdn.digitaloceanspaces.com\\\/2025\\\/04\\\/LET_24592359-1.jpg&quot;}\" data-focuspoint=\"&quot;&quot;\" data-p=\"2464163\" href=\"https:\/\/www.la.lv\/nogurums-ir-milzigs-reinis-vairakas-stundas-diena-pavada-cela-uz-un-no-darba-valsts-darba-inspekcija-atklaj-kas-vinam-par-to-pienakas\" class=\"content-item lazy-load\" wp_automatic_readability=\"27\" rel=\"nofollow noopener\" target=\"_blank\"><\/p>\n<p>                                <img decoding=\"async\" src=\"\" alt=\"\" style=\"\" data-imageid=\"\"\/><\/p>\n<p>                                RAKSTA REDAKTORS<\/p>\n<p>\n                                                \u201cNogurums ir milz\u012bgs.\u201d Reinis vair\u0101kas stundas dien\u0101 pavada ce\u013c\u0101 uz un no darba. Valsts darba inspekcija atkl\u0101j, kas vi\u0146am par to pien\u0101kas\n                            <\/p>\n<p><\/a><br \/>\n        <a class=\"read-more\" href=\"https:\/\/www.la.lv\/top\" rel=\"nofollow noopener\" target=\"_blank\">Las\u012bt citas zi\u0146as<\/a><\/p>\n<p>14. decembr\u012b Sergejs Lavrovs sav\u0101 pazi\u0146ojum\u0101 skaidri nor\u0101d\u012bja Somijai un Zviedrijai, ar k\u0101diem draudiem vi\u0146i saskaras. Ukrainas 365 Telegram kan\u0101ls cit\u0113ja Iltu Sanomatu, kas public\u0113ja Krievijas \u0101rlietu ministra v\u0101rdus.<\/p>\n<p>Ministrs atg\u0101din\u0101ja Krievijas pras\u012bbas NATO no 1997. gada, kur\u0101s t\u0101 piepras\u012bja, lai alianse nepapla\u0161in\u0101s, nepie\u0146em Ukrainu sav\u0101s rind\u0101s un neb\u0101z\u0113 milit\u0101r\u0101s vien\u012bbas \u0101rpus valst\u012bm, kur\u0101s t\u0101s jau past\u0101v.<\/p>\n<p>    CITI \u0160OBR\u012aD LASA<\/p>\n<p>\u201cTas noz\u012bm\u0113, ka Krievijas pras\u012bbas attiecas ne tikai uz Ukrainu, bet ar\u012b uz Somiju un Zviedriju (jaunpien\u0101c\u0113jiem, kas pievienoj\u0101s NATO 2023. un 2024. gad\u0101), vis\u0101m Krievijas kaimi\u0146valst\u012bm, kas pievienoj\u0101s NATO p\u0113c 1997. gada,\u201d br\u012bdin\u0101ja Krievijas Feder\u0101cijas galvenais diplom\u0101ts. <\/p>\n<p>Lavrovs ar savu pazi\u0146ojumu skaidri nor\u0101d\u012bja, ka Ukraina neizpild\u012bja Krievijas pras\u012bbas un viss beidz\u0101s ar karu, laiks r\u0101d\u012bs, k\u0101 tas beigsies p\u0101r\u0113jiem, iesp\u0113jams, Ukrainas scen\u0101rijs. <\/p>\n<p>Paties\u012bb\u0101 Lavrovs m\u0113\u0123in\u0101ja p\u0101rcelt atbild\u012bbu par karu Ukrain\u0101 uz NATO un, protams, meloja, jo Krimas aneksijas, iebrukuma Donbas\u0101 un p\u0113c tam visas Ukrainas iemesli ir Krievijas un \u012bpa\u0161i Vladimira Putina pl\u0113s\u012bgaj\u0101s, imperi\u0101listisk\u0101s interes\u0113s, k\u0101 ar\u012b nesod\u0101m\u012bb\u0101, stulbum\u0101 un nekontrol\u0113t\u0101 agresij\u0101.<\/p>\n<p>T\u0113mas<\/p>\n<p>    SAIST\u012aTIE RAKSTI<\/p>\n","protected":false},"excerpt":{"rendered":"Sergejs Lavrovs viz\u012bt\u0113 Nikaragv\u0101 Foto. AP Photo\/Eraldo Peres) XEP209 Krievijas \u0100rlietu ministrijas vad\u012bt\u0101js skaidri nor\u0101d\u012bja, ka Kremlis ir&hellip;\n","protected":false},"author":2,"featured_media":74026,"comment_status":"","ping_status":"","sticky":false,"template":"","format":"standard","meta":{"footnotes":""},"categories":[14],"tags":[23,57,28,29,32,33,22,30,31,35,39,38,36,37,34,40,20,26,27,24,25,54,55,56,21,58],"class_list":{"0":"post-74025","1":"post","2":"type-post","3":"status-publish","4":"format-standard","5":"has-post-thumbnail","7":"category-zinas-no-arvalstim","8":"tag-aktualitates","9":"tag-arvalstim","10":"tag-breaking-news","11":"tag-breakingnews","12":"tag-featured-news","13":"tag-featurednews","14":"tag-headlines","15":"tag-latest-news","16":"tag-latestnews","17":"tag-latvia","18":"tag-latvian","19":"tag-latviesu","20":"tag-latviesu-valoda","21":"tag-latviesuvaloda","22":"tag-latvija","23":"tag-lv","24":"tag-news","25":"tag-popularakas-zinas","26":"tag-popularakaszinas","27":"tag-top-stories","28":"tag-topstories","29":"tag-world","30":"tag-world-news","31":"tag-worldnews","32":"tag-zinas","33":"tag-zinas-no-arvalstim"},"share_on_mastodon":{"url":"https:\/\/pubeurope.com\/@lv\/115716847467437482","error":""},"_links":{"self":[{"href":"https:\/\/www.europesays.com\/lv\/wp-json\/wp\/v2\/posts\/74025","targetHints":{"allow":["GET"]}}],"collection":[{"href":"https:\/\/www.europesays.com\/lv\/wp-json\/wp\/v2\/posts"}],"about":[{"href":"https:\/\/www.europesays.com\/lv\/wp-json\/wp\/v2\/types\/post"}],"author":[{"embeddable":true,"href":"https:\/\/www.europesays.com\/lv\/wp-json\/wp\/v2\/users\/2"}],"replies":[{"embeddable":true,"href":"https:\/\/www.europesays.com\/lv\/wp-json\/wp\/v2\/comments?post=74025"}],"version-history":[{"count":0,"href":"https:\/\/www.europesays.com\/lv\/wp-json\/wp\/v2\/posts\/74025\/revisions"}],"wp:featuredmedia":[{"embeddable":true,"href":"https:\/\/www.europesays.com\/lv\/wp-json\/wp\/v2\/media\/74026"}],"wp:attachment":[{"href":"https:\/\/www.europesays.com\/lv\/wp-json\/wp\/v2\/media?parent=74025"}],"wp:term":[{"taxonomy":"category","embeddable":true,"href":"https:\/\/www.europesays.com\/lv\/wp-json\/wp\/v2\/categories?post=74025"},{"taxonomy":"post_tag","embeddable":true,"href":"https:\/\/www.europesays.com\/lv\/wp-json\/wp\/v2\/tags?post=74025"}],"curies":[{"name":"wp","href":"https:\/\/api.w.org\/{rel}","templated":true}]}}