{"id":74027,"date":"2025-12-14T07:55:11","date_gmt":"2025-12-14T07:55:11","guid":{"rendered":"https:\/\/www.europesays.com\/lv\/74027\/"},"modified":"2025-12-14T07:55:11","modified_gmt":"2025-12-14T07:55:11","slug":"pietura-jauna-publiska-telpa-koncertzale-lielais-dzintars-raksts","status":"publish","type":"post","link":"https:\/\/www.europesays.com\/lv\/74027\/","title":{"rendered":"\u00abPietura\u00bb \u2013 jauna publisk\u0101 telpa koncertz\u0101l\u0113 \u00abLielais dzintars\u00bb \/ Raksts"},"content":{"rendered":"<p>Liep\u0101jas koncertz\u0101l\u0113 &#8220;Lielais dzintars&#8221; atkl\u0101ta jauna publisk\u0101 telpa iedz\u012bvot\u0101jiem un pils\u0113tas viesiem ar nosaukumu &#8220;Pietura&#8221;. Telpa kalpos k\u0101 pieturvieta gan da\u017e\u0101d\u0101m kopien\u0101m un organiz\u0101cij\u0101m, gan ikvienam, kur\u0161 v\u0113las uzl\u0101d\u0113t t\u0101lruni, atp\u016bsties vai palas\u012bt gr\u0101matu. Vienlaikus &#8220;Pietura&#8221; k\u013c\u016bs pa jaunie\u0161u att\u012bst\u012bbas platformas &#8220;YOU+&#8221; &#8220;Vienas pieturas a\u0123ent\u016bru&#8221;, kur jaunie\u0161i var\u0113s sa\u0146emt da\u017e\u0101da veida atbalstu. T\u0101 b\u016bs pirm\u0101 \u0161\u0101da vieta Latvij\u0101.<\/p>\n<p>\u00abPietura\u00bb &#8211; jauna publiska telpa koncertz\u0101l\u0113 \u00abLielais dzintars\u00bb<\/p>\n<p>Jaun\u0101 publisk\u0101 telpa &#8220;Pietura&#8221; atrodas koncertz\u0101les &#8220;Lielais dzintars&#8221; pirmaj\u0101 st\u0101v\u0101. L\u012bdz \u0161im t\u0101 bija pla\u0161\u0101k zin\u0101ma\u00a0k\u0101 m\u0101kslas telpa &#8220;Civita Nova&#8221;. Tagad vieta ir transform\u0113jusies un k\u013cuvusi par publisku telpu pils\u0113t\u0101. Par \u012bstenoto ideju, kas pak\u0101peniski tiks pilnveidota, st\u0101st\u012bja\u00a0koncertz\u0101les valdes priek\u0161s\u0113d\u0113t\u0101js Timurs Tomsons:<\/p>\n<p>&#8220;M\u0113s esam main\u012bju\u0161i konceptu un p\u0113c b\u016bt\u012bbas esam atgriezu\u0161ies pie t\u0101, ko arhitekts bija izdom\u0101jis \u0161aj\u0101 telp\u0101. Arhitekts nosauca \u0161o telpu &#8220;Civita Nova&#8221;, kas ir jaun\u0101 pils\u0113ta, un tai j\u0101b\u016bt vietai, kur satiekas pils\u0113tnieki, iedz\u012bvot\u0101ji. J\u0101saka, ka, lai satiktos ar iedz\u012bvot\u0101jiem, mums ir j\u0101piestr\u0101d\u0101 pie dizaina.\u00a0J\u0101paprasa iedz\u012bvot\u0101jiem, ko vi\u0146i v\u0113las \u0161eit.\u00a0T\u0101 ar\u012b notika. M\u0113s pajaut\u0101j\u0101m liep\u0101jniekiem, k\u0101du vi\u0146i redz kvalitat\u012bvu publisko telpu, un liep\u0101jnieki ir \u013coti skaidri pateiku\u0161i, ko vi\u0146i v\u0113las \u0161ai pils\u0113t\u0101 un pie mums.<\/p>\n<blockquote>\n<p>M\u0113s esam izveidoju\u0161i telpu, kur vi\u0146i var pavad\u012bt laiku, uzl\u0101d\u0113t savu mobilo telefonu, pastr\u0101d\u0101t, nedaudz palas\u012bt gr\u0101matu vai vienk\u0101r\u0161i satikties, vienk\u0101r\u0161i b\u016bt \u0161eit, kas ir m\u016bsdien\u0101s diezgan svar\u012bga sast\u0101vda\u013ca.<\/p>\n<\/blockquote>\n<p>Iziet \u0101rpus \u2013\u00a0starp m\u0101ju un darbu. T\u0101 ir publisk\u0101 telpa, kas ir pieejama cilv\u0113kiem.&#8221;<\/p>\n<p>\u0145emot v\u0113r\u0101 izteiktos priek\u0161likumus, dizaina birojs &#8220;H2E&#8221; izstr\u0101d\u0101ja telpas dizaina koncepciju, izmantoti viet\u0113jie materi\u0101li un Latvijas ra\u017eot\u0101ju idejas, st\u0101st\u012bja koncertz\u0101les vad\u012bt\u0101js. Savuk\u0101rt\u00a0Jaunie\u0161u att\u012bst\u012bbas platformas &#8220;YOU+&#8221; valdes loceklis Andris K\u0101posts atceras sarunu, kas &#8220;Lielaj\u0101 dzintar\u0101&#8221; notika ar Latvijas Radio pirms vair\u0101kiem gadiem \u2013 tie\u0161i par ieceri n\u0101kotn\u0113 veidot &#8220;Vienas pieturas a\u0123ent\u016bru&#8221;. Tagad tas ir noticis, gandar\u012bjumu pauda K\u0101posts:<\/p>\n<p>&#8220;Kaut k\u0101 mistiski satiekoties ar &#8220;Liel\u0101 dzintara&#8221; vad\u012bt\u0101ju Timuru [Tomsonu], \u012bsten\u012bb\u0101 caur kult\u016bras galvaspils\u0113tas programmu\u00a0m\u0113s saprat\u0101m, ka mums abiem ir \u0161\u012b vajadz\u012bba. M\u0113s abi veidojam telpu.\u00a0Rad\u0101s pietieko\u0161i \u0137ecer\u012bga un jauna ideja, kuru neviens neb\u016btu varb\u016bt apsv\u0113ris, \u2013\u00a0m\u0113\u0123in\u0101m savienot, m\u0113\u0123in\u0101m jaunie\u0161us integr\u0113t tur, kur vi\u0146i nekad \u012bsti neb\u016btu integr\u0113ti pirms tam, un ceram uz \u013coti veiksm\u012bgu rezult\u0101tu, kas b\u016bs t\u0101ds pirm\u0101 veida koncepts visp\u0101r Latvij\u0101.&#8221;<\/p>\n<p>K\u0101posts skaidroja, ka tie b\u016bs divi galvenie darb\u012bbas virzieni, kas tiks \u012bstenoti jaunaj\u0101 &#8220;Pieturas&#8221; telp\u0101.<\/p>\n<blockquote>\n<p>&#8220;Jaunietis var atn\u0101kt sa\u0146emt individu\u0101lu konsult\u0101ciju par sev vajadz\u012bgu jaut\u0101jumu, par jebko, s\u0101kot no izgl\u012bt\u012bbas iesp\u0113j\u0101m l\u012bdz soci\u0101lajam atbalstam.<\/p>\n<\/blockquote>\n<p>Sa\u0146emt da\u017e\u0101du speci\u0101listu konsult\u0101cijas, kuri n\u0101ks no visda\u017e\u0101d\u0101kaj\u0101m iest\u0101d\u0113m, kuras jau pa\u0161laik darbojas. Otrs ir publiskais virziens \u2013\u00a0veidot akt\u012bvus pas\u0101kumus, pulc\u0113\u0161an\u0101s iesp\u0113jas jaunie\u0161iem \u0161aj\u0101 viet\u0101, lai tas ir ne tikai viens\u00a0pret viens\u00a0konsult\u0113\u0161ana, bet vienk\u0101r\u0161i for\u0161i, jaud\u012bgi pas\u0101kumi, kur jaunie\u0161iem satikties pa\u0161\u0101 pils\u0113tas centr\u0101.&#8221;<\/p>\n<p>Akt\u012bva darb\u012bba s\u0101ksies janv\u0101r\u012b, st\u0101st\u012bja\u00a0&#8220;Vienas pieturas a\u0123ent\u016bras&#8221; vad\u012bt\u0101ja El\u012bna Briljonoka. Tuvojoties v\u0113l\u0113\u0161an\u0101m, uzman\u012bbu piev\u0113rs\u012bs l\u012bdzdal\u012bbas jaut\u0101jumiem.<\/p>\n<p>&#8220;Vienas pieturas a\u0123ent\u016bra, visticam\u0101k,\u00a0s\u0101ks ar tr\u012bs\u00a0dien\u0101m ned\u0113\u013c\u0101, kas b\u016bs tre\u0161dien\u0101s, ceturtdien\u0101s un piektdien\u0101s, kur\u0101s tiks aicin\u0101ti speci\u0101listi un organiz\u0101cijas, kas ir piekritu\u0161as iesaist\u012bties. B\u016bs da\u017e\u0101d\u0101s mentoru programmas par izgl\u012bt\u012bbas iesp\u0113j\u0101m, sporta skolas p\u0101rst\u0101vji, Valsts policija, pa\u0161vald\u012bbas policija, soci\u0101lais dienests, Nodarbin\u0101t\u012bbas valsts a\u0123ent\u016bra un daudzi citi, lai p\u0101rkl\u0101tu un var\u0113tu izst\u0101st\u012bt jaunie\u0161iem par visu to, kas vi\u0146iem var\u0113tu interes\u0113t. Pl\u0101nojam ar\u012b piesaist\u012bt k\u0101dus armijas p\u0101rst\u0101vjus, lai var\u0113tu pui\u0161iem vair\u0101k past\u0101st\u012bt gan par oblig\u0101to milit\u0101ro dienestu, gan ar\u012b noteikti tais\u012bt ap maiju skol\u0101m atv\u0113rto durvju dienas un \u0161eit pulc\u0113t kop\u0101. K\u0101 ar\u012b oblig\u0101ti katru ned\u0113\u013cu vismaz viens jaunie\u0161u vakars, kas atbilstu jaunie\u0161u pa\u0161u interes\u0113m.<\/p>\n<blockquote>\n<p>\u0160obr\u012bd \u0137ecer\u012bga ideja ir regul\u0101ri &#8220;speed dating&#8221;, jo akt\u012bvie jaunie\u0161i atz\u012bst to, ka vi\u0146iem Liep\u0101j\u0101 \u012bsti nav kur iepaz\u012bties, ka vi\u0146i v\u0113l\u0113tos ar\u012b \u0161\u0101du iesp\u0113ju realiz\u0113t.<\/p>\n<\/blockquote>\n<p>Gan jau k\u0101di filmu vakari, jaunie\u0161iem sun\u012b\u0161i pat\u012bk. Noteikti sarun\u0101sim, ka atn\u0101k gan kinologi, gan policija ar su\u0146iem, un da\u017e\u0101du profesiju p\u0101rst\u0101vjus mekl\u0113sim, lai dotu t\u0101du re\u0101lu ieskatu par to, k\u0101da paties\u012bb\u0101 ir t\u0101 profesija,&#8221; kl\u0101st\u012bja\u00a0Briljonoka.<\/p>\n<p>&#8220;Pieturas&#8221; izveide ir kopdarbs, kur\u0101 iesaist\u012bj\u0101s vides pakalpojumu koncerns AS &#8220;CleanR Grupa&#8221;, koncertz\u0101les &#8220;Lielais dzintars&#8221; att\u012bst\u012bbas biedr\u012bba, Liep\u0101jas valstspils\u0113tas pa\u0161vald\u012bba, nodibin\u0101juma &#8220;Nodibin\u0101jums Liep\u0101ja 2027&#8221; un biedr\u012bba &#8220;Att\u012bst\u012bbas platforma YOU+&#8221;. Par iesaisti projekt\u0101 st\u0101st\u012bja uz\u0146\u0113muma AS &#8220;CleanR Grupa&#8221; valdes locekle Agita Baltb\u0101rde.<\/p>\n<p>&#8220;\u0160is projekts ir vienk\u0101r\u0161i viens praktisks piem\u0113rs un paraugs, k\u0101 m\u0113s varam run\u0101t ar sabiedr\u012bbu, ar da\u017e\u0101d\u0101m sabiedr\u012bbas grup\u0101m par vides tematiem, par vides aktualit\u0101t\u0113m, s\u0101kot no ilgtsp\u0113jas aprites, ekonomikas, klimata p\u0101rmai\u0146\u0101m l\u012bdz t\u0101diem vienk\u0101r\u0161iem risin\u0101jumiem k\u0101 atkritumu \u0161\u0137iro\u0161ana. Praktiski jau no pirmaj\u0101m dien\u0101m s\u0101k\u0101m str\u0101d\u0101t kop\u0101 ar &#8220;Liel\u0101 dzintara&#8221; kol\u0113\u0123iem, Liep\u0101jas kol\u0113\u0123iem par to, k\u0101 gan ilgtsp\u0113j\u012bgi iek\u0101rtot \u0161o telpu, jo t\u0101 ilgtsp\u0113ja var izpausties gan interjera dizain\u0101, gan m\u0113be\u013cu izv\u0113l\u0113, gan, teiksim, taj\u0101 satur\u0101, par ko m\u0113s run\u0101jam \u0161aj\u0101 telp\u0101. T\u0101 ka\u00a0te, s\u0101kot ar tekstila m\u0101kslu, kas ir, piem\u0113ram, \u0161obr\u012bd m\u0113s redzam Ievas Kr\u016bmi\u0146as, Latvijas M\u0101kslas akad\u0113mijas Tekstila katedras vad\u012bt\u0101jas, br\u012bni\u0161\u0137\u012bgo darbu, ko skatoties\u00a0tu nekad neiedom\u0101sies, ka tas ir tapis no plastmasas atkritumiem.&#8221;<\/p>\n<p>Akcent\u0113jot tie\u0161i ilgtsp\u0113jas jaut\u0101jumus, &#8220;Pietur\u0101&#8221; atkl\u0101ta Latvijas M\u0101kslas akad\u0113mijas Tekstila studentu un pasniedz\u0113ju darba izst\u0101de &#8220;Laika pietura&#8221;. Jaunaj\u0101 &#8220;Pietur\u0101&#8221; b\u016bs iesp\u0113ja ar\u012b las\u012bt gr\u0101matas, kuras sag\u0101d\u0101ju\u0161as vair\u0101kas izdevniec\u012bbas ( &#8220;Aminori&#8221;, &#8220;Dienas Gr\u0101mata&#8221;, &#8220;Neputns&#8221; un &#8220;P\u0113tergailis&#8221;). Koncertz\u0101le &#8220;Lielais dzintars&#8221; liep\u0101jniekus aicin\u0101ja dal\u012bties ar telpaugiem, un interese esot bijusi\u00a0liela, t\u0101p\u0113c za\u013cu augu te netr\u016bk\u0161ot. Dr\u012bzum\u0101 b\u016b\u0161ot pieejama ar\u012b klusuma kab\u012bne.<\/p>\n","protected":false},"excerpt":{"rendered":"Liep\u0101jas koncertz\u0101l\u0113 &#8220;Lielais dzintars&#8221; atkl\u0101ta jauna publisk\u0101 telpa iedz\u012bvot\u0101jiem un pils\u0113tas viesiem ar nosaukumu &#8220;Pietura&#8221;. Telpa kalpos k\u0101&hellip;\n","protected":false},"author":2,"featured_media":74028,"comment_status":"","ping_status":"","sticky":false,"template":"","format":"standard","meta":{"footnotes":""},"categories":[12],"tags":[23,28,29,32,33,22,30,31,35,39,38,36,37,34,40,20,26,27,24,25,21],"class_list":{"0":"post-74027","1":"post","2":"type-post","3":"status-publish","4":"format-standard","5":"has-post-thumbnail","7":"category-latvija","8":"tag-aktualitates","9":"tag-breaking-news","10":"tag-breakingnews","11":"tag-featured-news","12":"tag-featurednews","13":"tag-headlines","14":"tag-latest-news","15":"tag-latestnews","16":"tag-latvia","17":"tag-latvian","18":"tag-latviesu","19":"tag-latviesu-valoda","20":"tag-latviesuvaloda","21":"tag-latvija","22":"tag-lv","23":"tag-news","24":"tag-popularakas-zinas","25":"tag-popularakaszinas","26":"tag-top-stories","27":"tag-topstories","28":"tag-zinas"},"share_on_mastodon":{"url":"https:\/\/pubeurope.com\/@lv\/115716851245983067","error":""},"_links":{"self":[{"href":"https:\/\/www.europesays.com\/lv\/wp-json\/wp\/v2\/posts\/74027","targetHints":{"allow":["GET"]}}],"collection":[{"href":"https:\/\/www.europesays.com\/lv\/wp-json\/wp\/v2\/posts"}],"about":[{"href":"https:\/\/www.europesays.com\/lv\/wp-json\/wp\/v2\/types\/post"}],"author":[{"embeddable":true,"href":"https:\/\/www.europesays.com\/lv\/wp-json\/wp\/v2\/users\/2"}],"replies":[{"embeddable":true,"href":"https:\/\/www.europesays.com\/lv\/wp-json\/wp\/v2\/comments?post=74027"}],"version-history":[{"count":0,"href":"https:\/\/www.europesays.com\/lv\/wp-json\/wp\/v2\/posts\/74027\/revisions"}],"wp:featuredmedia":[{"embeddable":true,"href":"https:\/\/www.europesays.com\/lv\/wp-json\/wp\/v2\/media\/74028"}],"wp:attachment":[{"href":"https:\/\/www.europesays.com\/lv\/wp-json\/wp\/v2\/media?parent=74027"}],"wp:term":[{"taxonomy":"category","embeddable":true,"href":"https:\/\/www.europesays.com\/lv\/wp-json\/wp\/v2\/categories?post=74027"},{"taxonomy":"post_tag","embeddable":true,"href":"https:\/\/www.europesays.com\/lv\/wp-json\/wp\/v2\/tags?post=74027"}],"curies":[{"name":"wp","href":"https:\/\/api.w.org\/{rel}","templated":true}]}}