{"id":74029,"date":"2025-12-14T07:56:08","date_gmt":"2025-12-14T07:56:08","guid":{"rendered":"https:\/\/www.europesays.com\/lv\/74029\/"},"modified":"2025-12-14T07:56:08","modified_gmt":"2025-12-14T07:56:08","slug":"muzicesana-un-muzika-vairo-mieru-saruna-ar-muziki-un-muzikas-pedagogu-ainaru-kiserovski-raksts","status":"publish","type":"post","link":"https:\/\/www.europesays.com\/lv\/74029\/","title":{"rendered":"Muzic\u0113\u0161ana un m\u016bzika vairo mieru. Saruna ar m\u016bzi\u0137i un m\u016bzikas pedagogu Ain\u0101ru Kiserovski \/ Raksts"},"content":{"rendered":"<p>Pirmssv\u0113tku laiks m\u016bzi\u0137iem parasti ir sam\u0113r\u0101 saspringts. Koncertu un m\u016bzikas skolu ieskai\u0161u maratona vid\u016b nelielai sarunai laiku izbr\u012bv\u0113ja jaunais un akt\u012bvais m\u016bzi\u0137is, m\u016bzikas pedagogs un kordiri\u0123ents Ain\u0101rs Kiserovskis no R\u0113zeknes novada Dek\u0161\u0101ru puses.<\/p>\n<p>P\u0113c kordiri\u0123\u0113\u0161anas klases absolv\u0113\u0161anas J\u0101zepa V\u012btola m\u016bzikas akad\u0113mij\u0101 Ain\u0101rs Kiserovskis ir atgriezies uz dz\u012bvi dzimtaj\u0101s m\u0101j\u0101s R\u0113zeknes novada Dek\u0161\u0101ru pagast\u0101. Savu ce\u013cu m\u016bzik\u0101 vi\u0146\u0161 savulaik s\u0101ka Varak\u013c\u0101nu M\u016bzikas un m\u0101kslas skol\u0101, tad turpin\u0101ja R\u0113zekn\u0113 J\u0101\u0146a Ivanova m\u016bzikas vidusskola, kas tagad zin\u0101ma k\u0101 Latgales m\u016bzikas un m\u0101kslas vidusskola, bet nu ab\u0101s \u0161aj\u0101s skol\u0101s vi\u0146\u0161 pats str\u0101d\u0101 k\u0101 pedagogs un vada vair\u0101kus rado\u0161os kolekt\u012bvus.<\/p>\n<p>&#8220;Tas, kas mani piesaist\u012bja, \u2013 man jau bija savi kolekt\u012bvi Varak\u013c\u0101nos.\u00a0Jau tad, kad stud\u0113ju R\u012bg\u0101, man bija Jauktais vok\u0101lais ansamblis &#8220;Nona&#8221; un Varak\u013c\u0101nu sievie\u0161u koris &#8220;Dzelv\u0113rte&#8221;. Otrs vilin\u0101jums\u00a0\u2013\u00a0liel\u0101kais\u00a0\u2013\u00a0bija m\u012blest\u012bba pret dzimto vietu, cilv\u0113ki apk\u0101rt. Latgale vilina ar savu vienk\u0101r\u0161\u012bbu, labest\u012bbu. Mani cilv\u0113ki apk\u0101rt, manos kolekt\u012bvos liela da\u013ca ir ar\u012b mani tuvi draugi, un es tos saucu par savu otro \u0123imeni,&#8221; st\u0101st\u012bja\u00a0Kiserovskis.<\/p>\n<p>Jaut\u0101ts, vai decembris ir diezgan izaicino\u0161i piepild\u012bts m\u0113nesis, jo var satikt k\u0101z\u0101s, b\u0113r\u0113s, skolu koncertos un citu iest\u0101\u017eu koncertos,\u00a0Kiserovskis atzina:<\/p>\n<blockquote>\n<p>&#8220;Viennoz\u012bm\u012bgi tas spektrs, kas \u0161obr\u012bd j\u0101apvieno \u0161aj\u0101 sv\u0113tku laik\u0101, ir diezgan milz\u012bgs. Miega stundu \u0161aj\u0101 laik\u0101 ir \u013coti maz\u00a0un koncertu ir \u013coti daudz.<\/p>\n<\/blockquote>\n<p>\u0160ajos Ziemassv\u0113tkos visvair\u0101k koncertu ir ar maniem draugiem \u2013 br\u0101l\u0113nu Ediju Stru\u0161eli un ar manu labu draudzeni, kol\u0113\u0123i un rado\u0161u personu Guntu Greisli.&#8221;<\/p>\n<p>Viens no svar\u012bgiem s\u0101kuma punktiem m\u016bzikas ce\u013c\u0101 Kiserovskim, kas pats n\u0101k no lauksaimnieku \u0123imenes, bija Stirnienes dziedo\u0161\u0101s dienas.<\/p>\n<p>&#8220;Tas kaut k\u0101d\u0101 zi\u0146\u0101 ievilka\u00a0\u2013\u00a0t\u0101 gar\u012bg\u0101 pasaule, ko m\u0113s tur apguv\u0101m, un tas skaistais gar\u012bgais repertu\u0101rs, ko m\u0113s dzied\u0101j\u0101m. Bija kaut k\u0101ds vienojo\u0161ais moments, kur\u0101 tu saprati, ka m\u016bzika ir for\u0161a, ka tu tur sp\u0113j izpaust savas emocijas, tas man bija \u013coti svar\u012bgi taj\u0101 laik\u0101,&#8221; vi\u0146\u0161 sac\u012bja.<\/p>\n<p>&#8220;Esmu lepna, ka esmu bijusi vi\u0146a skolot\u0101ja, ka esmu st\u0101v\u0113jusi pie vi\u0146a att\u012bst\u012bbas \u0161\u016bpu\u013ca. K\u0101 kol\u0113\u0123is vi\u0146\u0161 ir jauns, bet apbr\u012bnojams ir vi\u0146a sp\u0113ks un m\u012blest\u012bba uz m\u016bziku un cilv\u0113kiem, un Latgali\u00a0\u2013\u00a0ka vi\u0146\u0161 nepalika R\u012bg\u0101, lai gan bija daudz labu pied\u0101v\u0101jumu, bet vi\u0146\u0161 atgriez\u0101s \u0161eit. Tas daudz par vi\u0146u pasaka, ka vi\u0146\u0161 ir patriots.<\/p>\n<blockquote>\n<p>\u013boti lielas darbasp\u0113jas, ar m\u0113r\u0137tiec\u012bbu un atbild\u012bbas saj\u016btu, un amb\u012bcijas \u2013 tiek\u0161an\u0101s uz profesionalit\u0101ti, ar\u012b str\u0101d\u0101jot ar parastu kori.<\/p>\n<\/blockquote>\n<p>Vi\u0146\u0161 iedvesmo ar savu person\u012bbu visus, un vi\u0146\u0161 ir \u013coti pras\u012bgs un stingrs,&#8221; t\u0101 Kiserovski raksturoja vi\u0146a skolot\u0101ja, nu jau kol\u0113\u0123e un rado\u0161o kolekt\u012bvu koncertmeistare Agnija Romanovska.<\/p>\n<p>Kopum\u0101 decembr\u012b Ain\u0101rs saskait\u012bjis 15 da\u017e\u0101dus koncertus, kuros j\u0101piedal\u0101s. Da\u013ca no tiem jau izskan\u0113jusi, da\u013ca v\u0113l b\u016bs klaus\u0101ma da\u017e\u0101dos kult\u016bras centros Latgal\u0113.<\/p>\n<p>&#8220;Tuv\u0101kaj\u0101 laik\u0101 gaid\u0101ms koncerts kop\u0101 ar Jaukto vok\u0101lo ansambli &#8220;Nona&#8221; Varak\u013c\u0101nos 21. decembr\u012b, v\u0113l koncerts ar Guntu un Ediju b\u016bs 25. decembr\u012b B\u0113rzgal\u0113 un 26. decembr\u012b \u2013 Aizkaln\u0113,&#8221; atz\u012bm\u0113ja\u00a0Kiserovskis.<\/p>\n<p>Edijs Ziemassv\u0113tkus pamat\u0101 svin\u0113s koncertos, bet \u012bst\u0101 sv\u0113tku saj\u016bta ir kop\u0101 ar sav\u0113jiem. &#8220;Mana Ziemassv\u0113tku saj\u016bta ir b\u016bt m\u0101j\u0101s ar \u0123imeni.&#8221;<\/p>\n<p>                    Valodas k\u013c\u016bda rakst\u0101?<\/p>\n<p class=\"d-none d-md-block\">Iez\u012bm\u0113jiet tekstu un spiediet Ctrl+Enter, lai nos\u016bt\u012btu labojamo teksta fragmentu redaktoram! Par faktu k\u013c\u016bd\u0101m l\u016bdzam zi\u0146ot e-past\u0101 <a href=\"https:\/\/www.lsm.lv\/cdn-cgi\/l\/email-protection\" class=\"__cf_email__\" data-cfemail=\"9ae8fffefbf1f9f3f0fbdaf6e9f7b4f6ec\" rel=\"nofollow noopener\" target=\"_blank\">[email\u00a0protected]<\/a>.<\/p>\n<p class=\"d-md-none\">Iez\u012bm\u0113jiet tekstu un spiediet uz Zi\u0146ot par k\u013c\u016bdu pogas, lai nos\u016bt\u012btu labojamo teksta fragmentu redaktoram!<\/p>\n<p>\n                    Zi\u0146ot par k\u013c\u016bdu\n                <\/p>\n","protected":false},"excerpt":{"rendered":"Pirmssv\u0113tku laiks m\u016bzi\u0137iem parasti ir sam\u0113r\u0101 saspringts. Koncertu un m\u016bzikas skolu ieskai\u0161u maratona vid\u016b nelielai sarunai laiku izbr\u012bv\u0113ja&hellip;\n","protected":false},"author":2,"featured_media":74030,"comment_status":"","ping_status":"","sticky":false,"template":"","format":"standard","meta":{"footnotes":""},"categories":[5],"tags":[23,28,29,32,33,22,30,31,35,39,38,36,37,34,40,20,26,27,24,25,21],"class_list":{"0":"post-74029","1":"post","2":"type-post","3":"status-publish","4":"format-standard","5":"has-post-thumbnail","7":"category-aktualitates","8":"tag-aktualitates","9":"tag-breaking-news","10":"tag-breakingnews","11":"tag-featured-news","12":"tag-featurednews","13":"tag-headlines","14":"tag-latest-news","15":"tag-latestnews","16":"tag-latvia","17":"tag-latvian","18":"tag-latviesu","19":"tag-latviesu-valoda","20":"tag-latviesuvaloda","21":"tag-latvija","22":"tag-lv","23":"tag-news","24":"tag-popularakas-zinas","25":"tag-popularakaszinas","26":"tag-top-stories","27":"tag-topstories","28":"tag-zinas"},"share_on_mastodon":{"url":"https:\/\/pubeurope.com\/@lv\/115716855166967255","error":""},"_links":{"self":[{"href":"https:\/\/www.europesays.com\/lv\/wp-json\/wp\/v2\/posts\/74029","targetHints":{"allow":["GET"]}}],"collection":[{"href":"https:\/\/www.europesays.com\/lv\/wp-json\/wp\/v2\/posts"}],"about":[{"href":"https:\/\/www.europesays.com\/lv\/wp-json\/wp\/v2\/types\/post"}],"author":[{"embeddable":true,"href":"https:\/\/www.europesays.com\/lv\/wp-json\/wp\/v2\/users\/2"}],"replies":[{"embeddable":true,"href":"https:\/\/www.europesays.com\/lv\/wp-json\/wp\/v2\/comments?post=74029"}],"version-history":[{"count":0,"href":"https:\/\/www.europesays.com\/lv\/wp-json\/wp\/v2\/posts\/74029\/revisions"}],"wp:featuredmedia":[{"embeddable":true,"href":"https:\/\/www.europesays.com\/lv\/wp-json\/wp\/v2\/media\/74030"}],"wp:attachment":[{"href":"https:\/\/www.europesays.com\/lv\/wp-json\/wp\/v2\/media?parent=74029"}],"wp:term":[{"taxonomy":"category","embeddable":true,"href":"https:\/\/www.europesays.com\/lv\/wp-json\/wp\/v2\/categories?post=74029"},{"taxonomy":"post_tag","embeddable":true,"href":"https:\/\/www.europesays.com\/lv\/wp-json\/wp\/v2\/tags?post=74029"}],"curies":[{"name":"wp","href":"https:\/\/api.w.org\/{rel}","templated":true}]}}