{"id":74031,"date":"2025-12-14T07:57:09","date_gmt":"2025-12-14T07:57:09","guid":{"rendered":"https:\/\/www.europesays.com\/lv\/74031\/"},"modified":"2025-12-14T07:57:09","modified_gmt":"2025-12-14T07:57:09","slug":"festivals-eiropas-ziemassvetki-riga-piedava-plasu-un-daudzveidigu-koncertu-ciklu-lente-lv","status":"publish","type":"post","link":"https:\/\/www.europesays.com\/lv\/74031\/","title":{"rendered":"Festiv\u0101ls &#8220;Eiropas Ziemassv\u0113tki&#8221; R\u012bg\u0101 pied\u0101v\u0101 pla\u0161u un daudzveid\u012bgu koncertu ciklu\u00a0\u2014\u00a0Lente.lv"},"content":{"rendered":"<p>Festiv\u0101ls &#8220;Eiropas Ziemassv\u0113tki&#8221; R\u012bg\u0101 aicina uz elpu aizraujo\u0161u koncertu ciklu<\/p>\n<p>Gada nosl\u0113dzo\u0161aj\u0101 m\u0113nes\u012b, decembr\u012b, R\u012bg\u0101 atkal skan\u0113s festiv\u0101la &#8220;Eiropas Ziemassv\u0113tki&#8221; melodijas, pulc\u0113jot izcilus m\u0101ksliniekus un pied\u0101v\u0101jot daudzveid\u012bgu koncertu programmu. K\u0101 inform\u0113 port\u0101ls jauns.lv, VSIA \u201cLatvijas Koncerti\u201d r\u012bkotais festiv\u0101ls \u0161ogad sniegs klaus\u012bt\u0101jiem iesp\u0113ju baud\u012bt gan klasisk\u0101s m\u016bzikas p\u0113rles, gan d\u017eeza ritmus, gan ar\u012b laikmet\u012bg\u0101s m\u016bzikas jaunrades. \u0160is pas\u0101kumu kopums ir k\u013cuvis par gaid\u012btu trad\u012bciju, kas rada \u012bpa\u0161u, sv\u0113tku noska\u0146u pils\u0113t\u0101.<\/p>\n<p>M\u016bzikas izlase: no akad\u0113misma l\u012bdz minim\u0101lismam<\/p>\n<p>\u0160\u012b gada festiv\u0101la viena no gaid\u012bt\u0101kaj\u0101m programm\u0101m notiks 21. decembr\u012b plkst. 19:00 Sp\u012b\u0137eru koncertz\u0101l\u0113, kur uz vienas skatuves pulc\u0113sies unik\u0101ls m\u0101kslinieku sast\u0101vs \u2013 \u201cR\u012bgas Saksofonu kvartets\u201d un dzied\u0101t\u0101ja Ter\u0113ze Gretere. Koncertprogramm\u0101 ar intri\u0123\u0113jo\u0161u nosaukumu \u201cK\u0101rlis L\u0101cis, Filips Gl\u0101ss un R\u012bgas Saksofonu kvartets\u201d skan\u0113s gan latvie\u0161u, gan starptautiski atz\u012btu komponistu darbi. Programm\u0101 iek\u013cauta Georga Pel\u0113\u010da kant\u0101te \u201cSniega \u0161\u016bpul\u012b\u201d ar Alfr\u0113da Kr\u016bk\u013ca dzeju, kas savu pirmatska\u0146ojumu piedz\u012bvoja 2010. gad\u0101, apliecinot Pel\u0113\u010da stilistiku, kur\u0101 saskat\u0101mi renesanses, baroka un minim\u0101lisma elementi. T\u0101pat klaus\u012bt\u0101ji var\u0113s baud\u012bt Filipa Gl\u0101sa kompon\u0113to \u201cSaksofonu kvartetu\u201d, kas rad\u012bts 1995. gad\u0101 un izce\u013cas ar kontrastiem bag\u0101tu piedz\u012bvojumu garu. Savuk\u0101rt K\u0101r\u013ca L\u0101\u010da interpret\u0101cij\u0101 skan\u0113s dziesmas, kuru pamat\u0101 ir Imanta Ziedo\u0146a dzeja, \u0146emtas no vi\u0146a popul\u0101r\u0101 cikla \u201cZiedonis. L\u0101cis. Sievietes\u201d. L\u0101cis, kura dai\u013crade bie\u017ei vien asoci\u0113jas ar te\u0101tra pasauli, sp\u0113jis m\u016bzik\u0101 rad\u012bt spilgtus un daudzveid\u012bgus t\u0113lus un noska\u0146as. Savuk\u0101rt \u201cR\u012bgas Saksofonu kvartets\u201d, kas dibin\u0101ts 1992. gad\u0101, ir papla\u0161in\u0101jis priek\u0161status par saksofona iesp\u0113j\u0101m, iek\u013caujot sav\u0101 repertu\u0101r\u0101 gan baroka un klasicisma p\u0101rlikumus, gan ori\u0123in\u0101lm\u016bziku, pasaules m\u016bzikas programmas un d\u017eeza klasikas aran\u017e\u0113jumus. Ansamblis ir guvis pla\u0161u atzin\u012bbu gan Latvij\u0101, gan starptautiskaj\u0101 ar\u0113n\u0101.<\/p>\n<p>Festiv\u0101la daudzveid\u012bba un v\u0113riens<\/p>\n<p>Festiv\u0101ls \u201cEiropas Ziemassv\u0113tki\u201d kopum\u0101 norisin\u0101sies no 11. l\u012bdz 30. decembrim, pied\u0101v\u0101jot klaus\u012bt\u0101jiem pla\u0161u un stilistiski bag\u0101tu programmu. T\u0101 ietvaros skan\u0113s gan Johana Sebasti\u0101na Baha, Fran\u010da \u0160\u016bberta, Kloda Debis\u012b, Riharda \u0160trausa un citu klasi\u0137u m\u016bzika, gan tradicion\u0101l\u0101s Ziemassv\u0113tku melodijas un d\u017eeza kompoz\u012bcijas. Uz skatuves k\u0101ps Latvij\u0101 atz\u012bti un iem\u012b\u013coti m\u0101kslinieki, tostarp kameror\u0137estris \u201cSinfonietta R\u012bga\u201d, vijolniece Alfija Bakijeva, dzied\u0101t\u0101ji Edgars O\u0161leja, Et\u012bna Em\u012blija Saul\u012bte, Brigita Reisone, Ralfs Eilands, k\u0101 ar\u012b aktieri Guna Zari\u0146a un Artis Jan\u010devskis. Festiv\u0101l\u0101 paredz\u0113ti ar\u012b citi aizraujo\u0161i notikumi, piem\u0113ram, Latvijas Radio bigbenda uzst\u0101\u0161an\u0101s divos da\u017e\u0101dos koncertos: 18. decembr\u012b Sp\u012b\u0137eru koncertz\u0101l\u0113 kop\u0101 ar Ralfu Eilandu, un 27. decembr\u012b R\u012bgas cirk\u0101 kop\u0101 ar britu d\u017eeza zvaigzni D\u017eord\u017eiju Ses\u012blu un Edgaru O\u0161leju. D\u017eord\u017eija Ses\u012bla ir ieguvusi vair\u0101kas presti\u017eas d\u017eeza balvas, un vi\u0146as m\u016bzik\u0101 savijas klasiskais d\u017eezs ar laikmet\u012bgo soulm\u016bziku. T\u0101pat festiv\u0101la ietvaros 14. decembr\u012b Sp\u012b\u0137eru koncertz\u0101l\u0113 b\u016bs skat\u0101ma aktrises Gunas Zari\u0146as koncertizr\u0101de \u201cDzeltens trotu\u0101rs\u201d, kas ir sa\u0146\u0113musi Liel\u0101s m\u016bzikas balvu k\u0101 \u201cGada kamerizr\u0101de\u201d. \u0160aj\u0101 izr\u0101d\u0113 skan\u0113s latvie\u0161u komponistes Annas Veismanes ori\u0123in\u0101lm\u016bzika, kas iedvesmoja dzejnieces Montas Kromas dzejas darbi.<\/p>\n<p>M\u016bzi\u0137i un to rado\u0161\u0101s sadarb\u012bbas<\/p>\n<p>\u201cR\u012bgas Saksofonu kvartets\u201d, kura sast\u0101v\u0101 sp\u0113l\u0113 R\u016bdolfs P\u0113teris Rubenis, Aigars Raumanis, Ainars \u0160ablovskis un Baiba Tilhena, ir ne tikai tehniski virtuozs, bet ar\u012b rado\u0161i mekl\u0113jumu pilns kolekt\u012bvs. Vi\u0146u sadarb\u012bba ar Ter\u0113zi Greteri \u0161aj\u0101 programm\u0101 ir pirm\u0101, un t\u0101 sola interesantu kopdarbu, atkl\u0101jot jaunas muzik\u0101las dimensijas. Filips Gl\u0101ss, kura minim\u0101listisk\u0101 m\u016bzika bie\u017ei vien rada hipnotiz\u0113jo\u0161u efektu, pied\u0101v\u0101 unik\u0101lu ska\u0146u pasauli. Savuk\u0101rt K\u0101rlis L\u0101cis, kur\u0161 paz\u012bstams ar savu darbu te\u0101tra m\u016bzik\u0101, sp\u0113j rad\u012bt dzi\u013ci emocion\u0101lus un st\u0101stnieciski bag\u0101tus ska\u0146darbus. Vi\u0146a dziesmas ar Imanta Ziedo\u0146a v\u0101rdiem, kas skan\u0113s koncert\u0101, ir \u012bpa\u0161i v\u0113rt\u012bgas, jo t\u0101s apliecina Ziedo\u0146a dzejas un L\u0101\u010da m\u016bzikas harmonisko savienojumu. \u0160is koncerts sol\u0101s b\u016bt ne tikai muzik\u0101ls baud\u012bjums, bet ar\u012b gar\u012bgs piedz\u012bvojums, kur\u0101 savijas da\u017e\u0101das est\u0113tikas un rado\u0161\u0101s domas. Sp\u012b\u0137eru koncertz\u0101le, kur\u0101 norisin\u0101sies pas\u0101kums, ir k\u013cuvusi par noz\u012bm\u012bgu kult\u016bras centru R\u012bg\u0101, pulc\u0113jot augstas raudzes m\u016bzi\u0137us un pied\u0101v\u0101jot iespaid\u012bgu akustiku un atmosf\u0113ru.<\/p>\n","protected":false},"excerpt":{"rendered":"Festiv\u0101ls &#8220;Eiropas Ziemassv\u0113tki&#8221; R\u012bg\u0101 aicina uz elpu aizraujo\u0161u koncertu ciklu Gada nosl\u0113dzo\u0161aj\u0101 m\u0113nes\u012b, decembr\u012b, R\u012bg\u0101 atkal skan\u0113s festiv\u0101la&hellip;\n","protected":false},"author":2,"featured_media":74032,"comment_status":"","ping_status":"","sticky":false,"template":"","format":"standard","meta":{"footnotes":""},"categories":[19],"tags":[12649,89,8792,90,4325,35,39,38,36,37,34,40,18841,4482],"class_list":{"0":"post-74031","1":"post","2":"type-post","3":"status-publish","4":"format-standard","5":"has-post-thumbnail","7":"category-izklaide","8":"tag-eiropas-ziemassvetki","9":"tag-entertainment","10":"tag-filips-glass","11":"tag-izklaide","12":"tag-karlis-lacis","13":"tag-latvia","14":"tag-latvian","15":"tag-latviesu","16":"tag-latviesu-valoda","17":"tag-latviesuvaloda","18":"tag-latvija","19":"tag-lv","20":"tag-rigas-saksofonu-kvartets","21":"tag-spikeru-koncertzale"},"share_on_mastodon":{"url":"https:\/\/pubeurope.com\/@lv\/115716859096123019","error":""},"_links":{"self":[{"href":"https:\/\/www.europesays.com\/lv\/wp-json\/wp\/v2\/posts\/74031","targetHints":{"allow":["GET"]}}],"collection":[{"href":"https:\/\/www.europesays.com\/lv\/wp-json\/wp\/v2\/posts"}],"about":[{"href":"https:\/\/www.europesays.com\/lv\/wp-json\/wp\/v2\/types\/post"}],"author":[{"embeddable":true,"href":"https:\/\/www.europesays.com\/lv\/wp-json\/wp\/v2\/users\/2"}],"replies":[{"embeddable":true,"href":"https:\/\/www.europesays.com\/lv\/wp-json\/wp\/v2\/comments?post=74031"}],"version-history":[{"count":0,"href":"https:\/\/www.europesays.com\/lv\/wp-json\/wp\/v2\/posts\/74031\/revisions"}],"wp:featuredmedia":[{"embeddable":true,"href":"https:\/\/www.europesays.com\/lv\/wp-json\/wp\/v2\/media\/74032"}],"wp:attachment":[{"href":"https:\/\/www.europesays.com\/lv\/wp-json\/wp\/v2\/media?parent=74031"}],"wp:term":[{"taxonomy":"category","embeddable":true,"href":"https:\/\/www.europesays.com\/lv\/wp-json\/wp\/v2\/categories?post=74031"},{"taxonomy":"post_tag","embeddable":true,"href":"https:\/\/www.europesays.com\/lv\/wp-json\/wp\/v2\/tags?post=74031"}],"curies":[{"name":"wp","href":"https:\/\/api.w.org\/{rel}","templated":true}]}}