{"id":74033,"date":"2025-12-14T07:58:05","date_gmt":"2025-12-14T07:58:05","guid":{"rendered":"https:\/\/www.europesays.com\/lv\/74033\/"},"modified":"2025-12-14T07:58:05","modified_gmt":"2025-12-14T07:58:05","slug":"latvijas-kamaninu-braucejiem-pasaules-kausa-posma-ceturta-vieta-stafete","status":"publish","type":"post","link":"https:\/\/www.europesays.com\/lv\/74033\/","title":{"rendered":"Latvijas kamani\u0146u brauc\u0113jiem Pasaules kausa posm\u0101 ceturt\u0101 vieta stafet\u0113"},"content":{"rendered":"<p>Sievie\u0161u konkurenc\u0113 pirmo vietu izc\u012bn\u012bja amerik\u0101niete Sammera Bri\u010dere, kura p\u0113c pirm\u0101 brauciena bija l\u012bdere, bet otraj\u0101 tika pie ceturt\u0101 lab\u0101k\u0101 laika, summ\u0101 nosarg\u0101jot pirmo vietu un fini\u0161\u0113jot min\u016bt\u0113 un 26,961 sekund\u0113. Vi\u0146ai 0,105 sekundes zaud\u0113ja It\u0101lijas sportiste Verena Hofere, bet v\u0113l viena ASV p\u0101rst\u0101ve E\u0161lija F\u0101rkersone piek\u0101p\u0101s tautietei 0,109 sekundes un bija tre\u0161\u0101.<\/p>\n","protected":false},"excerpt":{"rendered":"Sievie\u0161u konkurenc\u0113 pirmo vietu izc\u012bn\u012bja amerik\u0101niete Sammera Bri\u010dere, kura p\u0113c pirm\u0101 brauciena bija l\u012bdere, bet otraj\u0101 tika pie&hellip;\n","protected":false},"author":2,"featured_media":74034,"comment_status":"","ping_status":"","sticky":false,"template":"","format":"standard","meta":{"footnotes":""},"categories":[17],"tags":[35,39,38,36,37,34,40,67],"class_list":{"0":"post-74033","1":"post","2":"type-post","3":"status-publish","4":"format-standard","5":"has-post-thumbnail","7":"category-sports","8":"tag-latvia","9":"tag-latvian","10":"tag-latviesu","11":"tag-latviesu-valoda","12":"tag-latviesuvaloda","13":"tag-latvija","14":"tag-lv","15":"tag-sports"},"share_on_mastodon":{"url":"https:\/\/pubeurope.com\/@lv\/115716862968380837","error":""},"_links":{"self":[{"href":"https:\/\/www.europesays.com\/lv\/wp-json\/wp\/v2\/posts\/74033","targetHints":{"allow":["GET"]}}],"collection":[{"href":"https:\/\/www.europesays.com\/lv\/wp-json\/wp\/v2\/posts"}],"about":[{"href":"https:\/\/www.europesays.com\/lv\/wp-json\/wp\/v2\/types\/post"}],"author":[{"embeddable":true,"href":"https:\/\/www.europesays.com\/lv\/wp-json\/wp\/v2\/users\/2"}],"replies":[{"embeddable":true,"href":"https:\/\/www.europesays.com\/lv\/wp-json\/wp\/v2\/comments?post=74033"}],"version-history":[{"count":0,"href":"https:\/\/www.europesays.com\/lv\/wp-json\/wp\/v2\/posts\/74033\/revisions"}],"wp:featuredmedia":[{"embeddable":true,"href":"https:\/\/www.europesays.com\/lv\/wp-json\/wp\/v2\/media\/74034"}],"wp:attachment":[{"href":"https:\/\/www.europesays.com\/lv\/wp-json\/wp\/v2\/media?parent=74033"}],"wp:term":[{"taxonomy":"category","embeddable":true,"href":"https:\/\/www.europesays.com\/lv\/wp-json\/wp\/v2\/categories?post=74033"},{"taxonomy":"post_tag","embeddable":true,"href":"https:\/\/www.europesays.com\/lv\/wp-json\/wp\/v2\/tags?post=74033"}],"curies":[{"name":"wp","href":"https:\/\/api.w.org\/{rel}","templated":true}]}}