{"id":74035,"date":"2025-12-14T08:00:04","date_gmt":"2025-12-14T08:00:04","guid":{"rendered":"https:\/\/www.europesays.com\/lv\/74035\/"},"modified":"2025-12-14T08:00:04","modified_gmt":"2025-12-14T08:00:04","slug":"karalis-carlzs-iii-mudina-izmantot-veza-skriningu-agrinai-diagnostikai","status":"publish","type":"post","link":"https:\/\/www.europesays.com\/lv\/74035\/","title":{"rendered":"Karalis \u010c\u0101rlzs III mudina izmantot v\u0113\u017ea skr\u012bningu agr\u012bnai diagnostikai"},"content":{"rendered":"<p class=\"descr\">Agr\u012bna diagnostika un \u0101rst\u0113\u0161ana \u013caus n\u0101kamgad samazin\u0101t Lielbrit\u0101nijas kara\u013ca \u010c\u0101rlza III v\u0113\u017ea \u0101rst\u0113\u0161anas intensit\u0101ti, pazi\u0146oja karalis, mudinot ar\u012b citus izmantot skr\u012bninga programmu iesp\u0113jas, lai atkl\u0101tu slim\u012bbu agr\u012bn\u0101 stadij\u0101, kad \u0101rst\u0113\u0161ana ir visviegl\u0101k\u0101.<\/p>\n<blockquote><p><a href=\"https:\/\/nra.lv\/birka\/karalis-carlzs-iii\/\" target=\"_blank\" rel=\"noopener nofollow\">Karalis \u010c\u0101rlzs<\/a> iepriek\u0161 ierakst\u012bt\u0101 telev\u012bzijas uzrun\u0101 v\u0113\u017ea skr\u012bninga programmu veicin\u0101\u0161anai uzsv\u0113ra, ka &#8220;agr\u012bna diagnostic\u0113\u0161ana vienk\u0101r\u0161i gl\u0101bj dz\u012bv\u012bbas&#8221;.<\/p><\/blockquote>\n<p>&#8220;Es ar\u012b zinu, cik liela noz\u012bme tam bijusi man\u0101 gad\u012bjum\u0101, \u013caujot man turpin\u0101t pilnasin\u012bgu un akt\u012bvu dz\u012bvi ar\u012b \u0101rst\u0113\u0161anas laik\u0101,&#8221; piebilda 77 gadus vecais monarhs.<\/p>\n<p>Bekingemas pils pazi\u0146oja, ka kara\u013ca \u0101rst\u0113\u0161ana p\u0101riet &#8220;piesardz\u012bbas f\u0101z\u0113&#8221; un vi\u0146a st\u0101voklis tiks uzraudz\u012bts, lai nodro\u0161in\u0101tu vi\u0146a turpm\u0101ku atvese\u013co\u0161anos.<\/p>\n<p>P\u0113rn febru\u0101r\u012b britu kara\u013cnams pazi\u0146oja, ka karalim \u010c\u0101rlzam III ir diagnostic\u0113ts v\u0113zis. Diagnoze atkl\u0101ta palielin\u0101tas prostatas kori\u0123\u0113jo\u0161\u0101s proced\u016bras laik\u0101. Lai gan \u0101rsti izsl\u0113dza prostatas v\u0113zi, p\u0101rbaud\u0113s tika atkl\u0101ta &#8220;atsevi\u0161\u0137a probl\u0113ma&#8221;. Pag\u0101ju\u0161\u0101 gada apr\u012bl\u012b \u0101rsti at\u013c\u0101va karalim ats\u0101kt piedal\u012bties publiskos pas\u0101kumos.<\/p>\n<p>Karalis nekad nav publiski atkl\u0101jis, k\u0101da veida v\u0113zis vi\u0146am ir vai k\u0101du \u0101rst\u0113\u0161anu vi\u0146\u0161 sa\u0146em. Pils pazi\u0146oja, ka \u0161is ir apzin\u0101ts l\u0113mums, lai nodro\u0161in\u0101tu, ka vi\u0146a v\u0113st\u012bjums sasniedz p\u0113c iesp\u0113jas pla\u0161\u0101ku auditoriju.<\/p>\n<p>Kop\u0161 diagnozes atkl\u0101\u0161anas \u010c\u0101rlzs ir ar savu st\u0101stu centies vairot sabiedr\u012bbas inform\u0113t\u012bbu par v\u0113\u017ea skr\u012bninga un \u0101rst\u0113\u0161anas iesp\u0113j\u0101m.<\/p>\n<p>Lielbrit\u0101nijas labdar\u012bbas organiz\u0101cijas, kas saist\u012btas ar atbalstu onkolo\u0123iskiem pacientiem, ir nor\u0101d\u012bju\u0161as, ka p\u0113c tam, kad karalis publiski pazi\u0146oja par savu diagnozi un \u0101rst\u0113\u0161anu, krasi ir pieaugusi cilv\u0113ku interese par inform\u0101ciju saist\u012bb\u0101 ar v\u0113\u017ea diagnozi.<\/p>\n<p>Britu karalisk\u0101 \u0123imene ierasti nepublisko inform\u0101ciju par savu vesel\u012bbas st\u0101vokli.<\/p>\n<p>&#8220;K\u0101 jau iepriek\u0161 esmu nov\u0113rojis, slim\u012bbas tum\u0161\u0101kos br\u012b\u017eus var apgaismot visliel\u0101k\u0101 l\u012bdzj\u016bt\u012bba,&#8221; \u010c\u0101rlzs teica videov\u0113st\u012bjum\u0101. &#8220;Ta\u010du l\u012bdzj\u016bt\u012bbai j\u0101b\u016bt apvienotai ar r\u012bc\u012bbu. \u0160\u012b gada decembr\u012b, kad m\u0113s pulc\u0113jamies, lai p\u0101rdom\u0101tu aizvad\u012bto gadu, es l\u016bdzu, lai m\u0113s katrs, k\u0101 da\u013cu no m\u016bsu ap\u0146em\u0161an\u0101s n\u0101kamajam gadam, ap\u0146emtos sniegt savu ieguld\u012bjumu v\u0113\u017ea agr\u012bn\u0101 atkl\u0101\u0161an\u0101,&#8221; vi\u0146\u0161 mudin\u0101ja.<\/p>\n<p>&#8220;J\u016bsu dz\u012bv\u012bba &#8211; vai k\u0101da jums m\u012b\u013ca cilv\u0113ka dz\u012bv\u012bba &#8211; var b\u016bt atkar\u012bga no t\u0101,&#8221; piebilda karalis.<\/p>\n<p>P\u0113rn \u0137\u012bmijterapija tika veikta ar\u012b kara\u013ca vedeklai Velsas princesei Ketr\u012bnai.<\/p>\n<p>\t\t\t\t\t\tinfo<\/p>\n<p>Uzzini pirmais<br \/>kas interesants noticis Latvij\u0101 un pasaul\u0113,<br \/>pievienojoties mums <a href=\"https:\/\/t.me\/neatkariga\" rel=\"nofollow\">Telegram<\/a> vai <a href=\"https:\/\/whatsapp.com\/channel\/0029VaMLFUH5K3zLU5s4wm3y\" rel=\"nofollow noopener\" target=\"_blank\">Whatsapp<\/a> kan\u0101l\u0101<\/p>\n","protected":false},"excerpt":{"rendered":"Agr\u012bna diagnostika un \u0101rst\u0113\u0161ana \u013caus n\u0101kamgad samazin\u0101t Lielbrit\u0101nijas kara\u013ca \u010c\u0101rlza III v\u0113\u017ea \u0101rst\u0113\u0161anas intensit\u0101ti, pazi\u0146oja karalis, mudinot ar\u012b&hellip;\n","protected":false},"author":2,"featured_media":74036,"comment_status":"","ping_status":"","sticky":false,"template":"","format":"standard","meta":{"footnotes":""},"categories":[14],"tags":[23,57,28,29,32,33,22,30,31,35,39,38,36,37,34,40,20,26,27,24,25,54,55,56,21,58],"class_list":{"0":"post-74035","1":"post","2":"type-post","3":"status-publish","4":"format-standard","5":"has-post-thumbnail","7":"category-zinas-no-arvalstim","8":"tag-aktualitates","9":"tag-arvalstim","10":"tag-breaking-news","11":"tag-breakingnews","12":"tag-featured-news","13":"tag-featurednews","14":"tag-headlines","15":"tag-latest-news","16":"tag-latestnews","17":"tag-latvia","18":"tag-latvian","19":"tag-latviesu","20":"tag-latviesu-valoda","21":"tag-latviesuvaloda","22":"tag-latvija","23":"tag-lv","24":"tag-news","25":"tag-popularakas-zinas","26":"tag-popularakaszinas","27":"tag-top-stories","28":"tag-topstories","29":"tag-world","30":"tag-world-news","31":"tag-worldnews","32":"tag-zinas","33":"tag-zinas-no-arvalstim"},"share_on_mastodon":{"url":"https:\/\/pubeurope.com\/@lv\/115716870917348086","error":""},"_links":{"self":[{"href":"https:\/\/www.europesays.com\/lv\/wp-json\/wp\/v2\/posts\/74035","targetHints":{"allow":["GET"]}}],"collection":[{"href":"https:\/\/www.europesays.com\/lv\/wp-json\/wp\/v2\/posts"}],"about":[{"href":"https:\/\/www.europesays.com\/lv\/wp-json\/wp\/v2\/types\/post"}],"author":[{"embeddable":true,"href":"https:\/\/www.europesays.com\/lv\/wp-json\/wp\/v2\/users\/2"}],"replies":[{"embeddable":true,"href":"https:\/\/www.europesays.com\/lv\/wp-json\/wp\/v2\/comments?post=74035"}],"version-history":[{"count":0,"href":"https:\/\/www.europesays.com\/lv\/wp-json\/wp\/v2\/posts\/74035\/revisions"}],"wp:featuredmedia":[{"embeddable":true,"href":"https:\/\/www.europesays.com\/lv\/wp-json\/wp\/v2\/media\/74036"}],"wp:attachment":[{"href":"https:\/\/www.europesays.com\/lv\/wp-json\/wp\/v2\/media?parent=74035"}],"wp:term":[{"taxonomy":"category","embeddable":true,"href":"https:\/\/www.europesays.com\/lv\/wp-json\/wp\/v2\/categories?post=74035"},{"taxonomy":"post_tag","embeddable":true,"href":"https:\/\/www.europesays.com\/lv\/wp-json\/wp\/v2\/tags?post=74035"}],"curies":[{"name":"wp","href":"https:\/\/api.w.org\/{rel}","templated":true}]}}