{"id":74039,"date":"2025-12-14T08:02:34","date_gmt":"2025-12-14T08:02:34","guid":{"rendered":"https:\/\/www.europesays.com\/lv\/74039\/"},"modified":"2025-12-14T08:02:34","modified_gmt":"2025-12-14T08:02:34","slug":"stajas-speka-jauns-vilcienu-ziemas-sezonas-kustibas-saraksts-raksts","status":"publish","type":"post","link":"https:\/\/www.europesays.com\/lv\/74039\/","title":{"rendered":"St\u0101jas sp\u0113k\u0101 jauns vilcienu ziemas sezonas kust\u012bbas saraksts \/ Raksts"},"content":{"rendered":"<p>No sv\u0113tdienas sp\u0113k\u0101 ir jauns vilcienu kust\u012bbas ziemas sezonas saraksts. Vair\u0101kiem reisiem par da\u017e\u0101m min\u016bt\u0113m ir main\u012bju\u0161ies pien\u0101k\u0161anas un atie\u0161anas laiki, atsevi\u0161\u0137i reisi ir pagarin\u0101ti, k\u0101 ar\u012b ieviestas citas izmai\u0146as.<\/p>\n<p>Pirms do\u0161an\u0101s ce\u013c\u0101 pasa\u017eierus aicina p\u0101rliecin\u0101ties par vilcienu atie\u0161anas un pien\u0101k\u0161anas laikiem &#8220;Vivi&#8221;\u00a0t\u012bmek\u013cvietn\u0113 un mobilaj\u0101 lietotn\u0113.<\/p>\n<p>&#8220;Par t\u0101d\u0101m b\u016btisk\u0101kaj\u0101m izmai\u0146\u0101m\u00a0\u2013\u00a0viena no t\u0101m ir Aizkraukles l\u012bnij\u0101, kur tiek ieviests interv\u0101lu grafiks, piem\u0113ram, vilcieni aties no R\u012bgas Centr\u0101l\u0101s stacijas katr\u0101 9. un 39. min\u016bt\u0113, savuk\u0101rt ekspre\u0161a vilciens R\u012bga\u2013R\u0113zekne tiek pagarin\u0101ts l\u012bdz Ludzai, tas b\u016btiski ietekm\u0113s vilciena atie\u0161anas laiku atpaka\u013cce\u013c\u0101 uz R\u012bgu. Savuk\u0101rt mar\u0161rut\u0101 R\u012bga\u2013Daugavpils saglab\u0101jas nemain\u012bgs reisu skaits, bet atsevi\u0161\u0137iem vilcieniem ir main\u012btas pieturas, kur\u0101s vilcieni apst\u0101sies. T\u0101das neb\u016btiskas izmai\u0146as vilcienu atie\u0161anas un pien\u0101k\u0161anas laikos ir ar\u012b mar\u0161rutiem R\u012bga \u2013 Zilupe, Liep\u0101jas, Kr\u0101slavas, Indras, Madonas un Gulbenes virzien\u0101,&#8221; st\u0101sta &#8220;Vivi&#8221;\u00a0p\u0101rst\u0101ve Sigita Paula.<\/p>\n<p>                    Valodas k\u013c\u016bda rakst\u0101?<\/p>\n<p class=\"d-none d-md-block\">Iez\u012bm\u0113jiet tekstu un spiediet Ctrl+Enter, lai nos\u016bt\u012btu labojamo teksta fragmentu redaktoram! Par faktu k\u013c\u016bd\u0101m l\u016bdzam zi\u0146ot e-past\u0101 <a href=\"https:\/\/www.lsm.lv\/cdn-cgi\/l\/email-protection\" class=\"__cf_email__\" data-cfemail=\"295b4c4d48424a40434869455a4407455f\" rel=\"nofollow noopener\" target=\"_blank\">[email\u00a0protected]<\/a>.<\/p>\n<p class=\"d-md-none\">Iez\u012bm\u0113jiet tekstu un spiediet uz Zi\u0146ot par k\u013c\u016bdu pogas, lai nos\u016bt\u012btu labojamo teksta fragmentu redaktoram!<\/p>\n<p>\n                    Zi\u0146ot par k\u013c\u016bdu\n                <\/p>\n","protected":false},"excerpt":{"rendered":"No sv\u0113tdienas sp\u0113k\u0101 ir jauns vilcienu kust\u012bbas ziemas sezonas saraksts. Vair\u0101kiem reisiem par da\u017e\u0101m min\u016bt\u0113m ir main\u012bju\u0161ies pien\u0101k\u0161anas&hellip;\n","protected":false},"author":2,"featured_media":74040,"comment_status":"","ping_status":"","sticky":false,"template":"","format":"standard","meta":{"footnotes":""},"categories":[5],"tags":[23,28,29,32,33,22,30,31,35,39,38,36,37,34,40,20,26,27,24,25,21],"class_list":{"0":"post-74039","1":"post","2":"type-post","3":"status-publish","4":"format-standard","5":"has-post-thumbnail","7":"category-aktualitates","8":"tag-aktualitates","9":"tag-breaking-news","10":"tag-breakingnews","11":"tag-featured-news","12":"tag-featurednews","13":"tag-headlines","14":"tag-latest-news","15":"tag-latestnews","16":"tag-latvia","17":"tag-latvian","18":"tag-latviesu","19":"tag-latviesu-valoda","20":"tag-latviesuvaloda","21":"tag-latvija","22":"tag-lv","23":"tag-news","24":"tag-popularakas-zinas","25":"tag-popularakaszinas","26":"tag-top-stories","27":"tag-topstories","28":"tag-zinas"},"share_on_mastodon":{"url":"https:\/\/pubeurope.com\/@lv\/115716878745072014","error":""},"_links":{"self":[{"href":"https:\/\/www.europesays.com\/lv\/wp-json\/wp\/v2\/posts\/74039","targetHints":{"allow":["GET"]}}],"collection":[{"href":"https:\/\/www.europesays.com\/lv\/wp-json\/wp\/v2\/posts"}],"about":[{"href":"https:\/\/www.europesays.com\/lv\/wp-json\/wp\/v2\/types\/post"}],"author":[{"embeddable":true,"href":"https:\/\/www.europesays.com\/lv\/wp-json\/wp\/v2\/users\/2"}],"replies":[{"embeddable":true,"href":"https:\/\/www.europesays.com\/lv\/wp-json\/wp\/v2\/comments?post=74039"}],"version-history":[{"count":0,"href":"https:\/\/www.europesays.com\/lv\/wp-json\/wp\/v2\/posts\/74039\/revisions"}],"wp:featuredmedia":[{"embeddable":true,"href":"https:\/\/www.europesays.com\/lv\/wp-json\/wp\/v2\/media\/74040"}],"wp:attachment":[{"href":"https:\/\/www.europesays.com\/lv\/wp-json\/wp\/v2\/media?parent=74039"}],"wp:term":[{"taxonomy":"category","embeddable":true,"href":"https:\/\/www.europesays.com\/lv\/wp-json\/wp\/v2\/categories?post=74039"},{"taxonomy":"post_tag","embeddable":true,"href":"https:\/\/www.europesays.com\/lv\/wp-json\/wp\/v2\/tags?post=74039"}],"curies":[{"name":"wp","href":"https:\/\/api.w.org\/{rel}","templated":true}]}}