{"id":74041,"date":"2025-12-14T08:03:06","date_gmt":"2025-12-14T08:03:06","guid":{"rendered":"https:\/\/www.europesays.com\/lv\/74041\/"},"modified":"2025-12-14T08:03:06","modified_gmt":"2025-12-14T08:03:06","slug":"muzikas-producents-kriss-tap-laiz-klaja-jaunu-ziemassvetku-dziesmu-eglite-bez-vaveres-lente-lv","status":"publish","type":"post","link":"https:\/\/www.europesays.com\/lv\/74041\/","title":{"rendered":"M\u016bzikas producents Kriss Tap lai\u017e klaj\u0101 jaunu Ziemassv\u0113tku dziesmu &#8220;Egl\u012bte bez v\u0101veres&#8221;\u00a0\u2014\u00a0Lente.lv"},"content":{"rendered":"<p>Jauna sv\u0113tku dziesma priec\u0113 klaus\u012bt\u0101jus<\/p>\n<p>M\u016bzikas producents Kriss Tap ir sar\u016bp\u0113jis sirsn\u012bgu un jautru d\u0101vanu visiem sv\u0113tku gaid\u012b\u0161anas laik\u0101 \u2013 jaunu Ziemassv\u0113tku un Jaun\u0101 gada dziesmu \u201cEgl\u012bte bez v\u0101veres\u201d. K\u0101 zi\u0146o telekan\u0101ls TV3, \u0161\u012b melodija radusies, iedvesmojoties no P\u0113tera Sila jauk\u0101 un paz\u012bstam\u0101 dzejo\u013ca \u201cEgl\u012bte\u201d.<\/p>\n<p>Dzejolis, kas iemantojis jaunu dz\u012bv\u012bbu<\/p>\n<p>P\u0113tera Sila dzejolis \u201cEgl\u012bte\u201d ir paz\u012bstams daudziem kop\u0161 b\u0113rn\u012bbas. Taj\u0101 st\u0101st\u012bts par me\u017e\u0101 augo\u0161u egl\u012bti, kurai blakus m\u0101jojusi ar\u012b v\u0101ver\u012bte. Tom\u0113r, kad egl\u012bti atradu\u0161i un nol\u0113mu\u0161i nest m\u0101j\u0101s, v\u0101ver\u012bte, lai gan ar nelielu no\u017e\u0113lu, tom\u0113r aizskr\u0113jusi sav\u0101s gait\u0101s. \u0160o jauko st\u0101stu Kriss Tap ir p\u0101rv\u0113rtis aizraujo\u0161\u0101 muzik\u0101l\u0101 kompoz\u012bcij\u0101, pie\u0161\u0137irot tam Ziemassv\u0113tku un Jaungada sv\u0113tku noska\u0146u.<\/p>\n<p>Kriss Tap \u2013 rado\u0161s un daudzpus\u012bgs m\u0101kslinieks<\/p>\n<p>Kriss Tap ir m\u016bzikas producents, kur\u0161 nu jau ir iekarojis savu vietu Latvijas muzik\u0101laj\u0101 vid\u0113. Vi\u0146a jaun\u0101kais darbs \u201cEgl\u012bte bez v\u0101veres\u201d apliecina vi\u0146a sp\u0113ju rad\u012bt gan svin\u012bgu, gan ar\u012b rota\u013c\u012bgu noska\u0146u, kas lieliski piest\u0101v \u0161im gada tum\u0161\u0101kajam un kr\u0101\u0161\u0146\u0101kajam laikam. Dziesma sniedz iesp\u0113ju atcer\u0113ties b\u0113rn\u012bbas saj\u016btas un ar prieku sagaid\u012bt gan Ziemassv\u0113tkus, gan Jauno gadu.<\/p>\n","protected":false},"excerpt":{"rendered":"Jauna sv\u0113tku dziesma priec\u0113 klaus\u012bt\u0101jus M\u016bzikas producents Kriss Tap ir sar\u016bp\u0113jis sirsn\u012bgu un jautru d\u0101vanu visiem sv\u0113tku gaid\u012b\u0161anas&hellip;\n","protected":false},"author":2,"featured_media":74042,"comment_status":"","ping_status":"","sticky":false,"template":"","format":"standard","meta":{"footnotes":""},"categories":[19],"tags":[18843,89,90,18842,35,39,38,194,36,37,34,40,18844,16817],"class_list":{"0":"post-74041","1":"post","2":"type-post","3":"status-publish","4":"format-standard","5":"has-post-thumbnail","7":"category-izklaide","8":"tag-eglite-bez-vaveres","9":"tag-entertainment","10":"tag-izklaide","11":"tag-kriss-tap","12":"tag-latvia","13":"tag-latvian","14":"tag-latviesu","15":"tag-latviesu-muzika","16":"tag-latviesu-valoda","17":"tag-latviesuvaloda","18":"tag-latvija","19":"tag-lv","20":"tag-peteris-sils","21":"tag-ziemassvetku-dziesma"},"share_on_mastodon":{"url":"https:\/\/pubeurope.com\/@lv\/115716882658364943","error":""},"_links":{"self":[{"href":"https:\/\/www.europesays.com\/lv\/wp-json\/wp\/v2\/posts\/74041","targetHints":{"allow":["GET"]}}],"collection":[{"href":"https:\/\/www.europesays.com\/lv\/wp-json\/wp\/v2\/posts"}],"about":[{"href":"https:\/\/www.europesays.com\/lv\/wp-json\/wp\/v2\/types\/post"}],"author":[{"embeddable":true,"href":"https:\/\/www.europesays.com\/lv\/wp-json\/wp\/v2\/users\/2"}],"replies":[{"embeddable":true,"href":"https:\/\/www.europesays.com\/lv\/wp-json\/wp\/v2\/comments?post=74041"}],"version-history":[{"count":0,"href":"https:\/\/www.europesays.com\/lv\/wp-json\/wp\/v2\/posts\/74041\/revisions"}],"wp:featuredmedia":[{"embeddable":true,"href":"https:\/\/www.europesays.com\/lv\/wp-json\/wp\/v2\/media\/74042"}],"wp:attachment":[{"href":"https:\/\/www.europesays.com\/lv\/wp-json\/wp\/v2\/media?parent=74041"}],"wp:term":[{"taxonomy":"category","embeddable":true,"href":"https:\/\/www.europesays.com\/lv\/wp-json\/wp\/v2\/categories?post=74041"},{"taxonomy":"post_tag","embeddable":true,"href":"https:\/\/www.europesays.com\/lv\/wp-json\/wp\/v2\/tags?post=74041"}],"curies":[{"name":"wp","href":"https:\/\/api.w.org\/{rel}","templated":true}]}}