{"id":74045,"date":"2025-12-14T08:06:06","date_gmt":"2025-12-14T08:06:06","guid":{"rendered":"https:\/\/www.europesays.com\/lv\/74045\/"},"modified":"2025-12-14T08:06:06","modified_gmt":"2025-12-14T08:06:06","slug":"vacija-gatava-atcelt-robezkontroli-pec-es-migracijas-politikas-pastiprinasanas-lente-lv","status":"publish","type":"post","link":"https:\/\/www.europesays.com\/lv\/74045\/","title":{"rendered":"V\u0101cija gatava atcelt robe\u017ekontroli p\u0113c ES migr\u0101cijas politikas pastiprin\u0101\u0161anas\u00a0\u2014\u00a0Lente.lv"},"content":{"rendered":"<p>V\u0101cijas kanclers Fr\u012bdrihs Mercs paudis cer\u012bbu, ka V\u0101cija dr\u012bzum\u0101 var\u0113tu atjaunot br\u012bvu kust\u012bbu uz sav\u0101m robe\u017e\u0101m. \u0160\u012bs cer\u012bbas balst\u0101s uz nesen pan\u0101kto vieno\u0161anos Eiropas Savien\u012bbas (ES) l\u012bmen\u012b par migr\u0101cijas politikas pastiprin\u0101\u0161anu. Jaunie pas\u0101kumi, ko atbalst\u012bju\u0161as ES dal\u012bbvalstis, paredz izveidot \u012bpa\u0161us centrus migrantiem, kuriem atteikts patv\u0113rums, \u0101rpus ES teritorijas. \u0160\u0101di so\u013ci, p\u0113c Merca dom\u0101m, \u013caus p\u0101rvirz\u012bt robe\u017ekontroli uz Eiropas \u0101r\u0113j\u0101m robe\u017e\u0101m.<\/p>\n<p>Eiropas migr\u0101cijas politikas tv\u0113rums<\/p>\n<p>\u0160\u012b vieno\u0161an\u0101s Brisel\u0113 tika pan\u0101kta ES iek\u0161lietu ministru san\u0101ksm\u0113, un t\u0101 ietver ar\u012b jaunus pas\u0101kumus, lai sod\u012btu neleg\u0101los imigrantus, kuri atsak\u0101s pamest ES, tostarp pagarin\u0101tu aiztur\u0113\u0161anas laiku. T\u0101pat paredz\u0113ta iesp\u0113ja migrantus nos\u016bt\u012bt atpaka\u013c uz valst\u012bm, kuras ES uzskata par dro\u0161\u0101m, pat ja t\u0101s nav vi\u0146u izcelsmes valstis. Pirms \u0161ie pas\u0101kumi st\u0101sies sp\u0113k\u0101, tiem v\u0113l j\u0101g\u016bst apstiprin\u0101jums Eiropas Parlament\u0101.<\/p>\n<p>V\u0101cijas gad\u012bjum\u0101 robe\u017ekontrole tika ieviesta 2024. gada septembr\u012b biju\u0161\u0101 kanclera Olafa \u0160olca vad\u012bb\u0101, lai ierobe\u017eotu neleg\u0101lo imigr\u0101ciju un stiprin\u0101tu dro\u0161\u012bbu. Merca vald\u012bba ir turpin\u0101jusi un pat pastiprin\u0101jusi \u0161os pas\u0101kumus, palielinot policijas resursus un noraidot liel\u0101ko da\u013cu patv\u0113ruma mekl\u0113t\u0101ju. Kanclers ir uzsv\u0113ris, ka robe\u017ekontrole vienm\u0113r tikusi uzskat\u012bta par pagaidu risin\u0101jumu. Vi\u0146\u0161 pau\u017e gandar\u012bjumu, ka kop\u0113j\u0101s Eiropas patv\u0113ruma politikas izveide ES virz\u0101s uz priek\u0161u, jo tas ir bijis V\u0101cijas ilggad\u0113jais m\u0113r\u0137is.<\/p>\n<p>V\u0101cijas nost\u0101ja un starptautisk\u0101s attiec\u012bbas<\/p>\n<p>Fr\u012bdrihs Mercs ir stingri noraid\u012bjis jebk\u0101du \u0101r\u0113ju spiedienu, tostarp no ASV, attiec\u012bb\u0101 uz V\u0101cijas migr\u0101cijas politiku. Vi\u0146\u0161 uzsv\u0113ris, ka migr\u0101cijas politikas veido\u0161ana ir katras Eiropas valsts suver\u0113na ties\u012bba un ka V\u0101cija pati izstr\u0101d\u0101 savu kursu, pamatojoties uz saviem v\u0113rt\u0113jumiem un vajadz\u012bb\u0101m. Kanclers ir nor\u0101d\u012bjis, ka V\u0101cija ir uz pareiz\u0101 ce\u013ca kop\u0161 jaun\u0101s vald\u012bbas st\u0101\u0161an\u0101s amat\u0101 maij\u0101, \u012bstenojot stingr\u0101kus pas\u0101kumus neleg\u0101l\u0101s imigr\u0101cijas ierobe\u017eo\u0161anai. Vi\u0146\u0161 ar\u012b kritiz\u0113jis ASV m\u0113\u0123in\u0101jumus ietekm\u0113t Eiropas debates par migr\u0101ciju, uzsverot, ka \u0161\u012b joma nav piem\u0113rota \u0101r\u0113jai iejauk\u0161anai.<\/p>\n<p>Neraugoties uz citu valstu, piem\u0113ram, Polijas premjera Donalda Tuska kritiku par V\u0101cijas robe\u017ekontroli, jaunie ES pas\u0101kumi sniedz V\u0101cijai iesp\u0113ju stiprin\u0101t savu poz\u012bciju Eiropas Savien\u012bbas iek\u0161ien\u0113. P\u0113d\u0113jos gados V\u0101cija ir \u012bstenojusi stingr\u0101ku robe\u017ekontroli, tostarp atjaunojot kontroli uz robe\u017e\u0101m ar devi\u0146\u0101m kaimi\u0146valst\u012bm 2024. gada septembr\u012b, k\u0101 ar\u012b palielinot policijas kl\u0101tb\u016btni un noraidot liel\u0101ko da\u013cu patv\u0113ruma mekl\u0113t\u0101ju.<\/p>\n<p>N\u0101kotnes perspekt\u012bvas un izaicin\u0101jumi<\/p>\n<p>Lai gan vieno\u0161an\u0101s par migr\u0101cijas politikas pastiprin\u0101\u0161anu ir noz\u012bm\u012bgs solis, pirms jaunie pas\u0101kumi st\u0101sies sp\u0113k\u0101, tie v\u0113l ir j\u0101apstiprina Eiropas Parlament\u0101. Tas noz\u012bm\u0113, ka piln\u012bga robe\u017ekontroles atcel\u0161ana V\u0101cij\u0101 v\u0113l nav t\u016bl\u012bt\u0113js process. Tom\u0113r V\u0101cijas kanclera Fr\u012bdriha Merca optimismu par iesp\u0113ju dr\u012bzum\u0101 atcelt robe\u017ekontroli var\u0113tu rosin\u0101t progresa saj\u016btu Eiropas Savien\u012bb\u0101. \u0160\u012b situ\u0101cija atspogu\u013co pla\u0161\u0101kas Eiropas tendences, kur migr\u0101cijas jaut\u0101jumi joproj\u0101m ir politiski jut\u012bgi un prasa gan dro\u0161\u012bbas, gan solidarit\u0101tes balansu. V\u0101cija, kas ir viena no galvenaj\u0101m galam\u0113r\u0137a valst\u012bm patv\u0113ruma mekl\u0113t\u0101jiem, turpina mekl\u0113t efekt\u012bvus risin\u0101jumus, lai p\u0101rvald\u012btu migr\u0101cijas pl\u016bsmas, vienlaikus iev\u0113rojot starptautisk\u0101s saist\u012bbas un cilv\u0113kties\u012bbas.<\/p>\n","protected":false},"excerpt":{"rendered":"V\u0101cijas kanclers Fr\u012bdrihs Mercs paudis cer\u012bbu, ka V\u0101cija dr\u012bzum\u0101 var\u0113tu atjaunot br\u012bvu kust\u012bbu uz sav\u0101m robe\u017e\u0101m. \u0160\u012bs cer\u012bbas&hellip;\n","protected":false},"author":2,"featured_media":74046,"comment_status":"","ping_status":"","sticky":false,"template":"","format":"standard","meta":{"footnotes":""},"categories":[14],"tags":[23,57,28,29,18845,32,33,5154,22,30,31,35,39,38,36,37,34,40,20,9356,26,27,6191,24,25,299,54,55,56,21,58],"class_list":{"0":"post-74045","1":"post","2":"type-post","3":"status-publish","4":"format-standard","5":"has-post-thumbnail","7":"category-zinas-no-arvalstim","8":"tag-aktualitates","9":"tag-arvalstim","10":"tag-breaking-news","11":"tag-breakingnews","12":"tag-es-migracijas-politika","13":"tag-featured-news","14":"tag-featurednews","15":"tag-fridrihs-mercs","16":"tag-headlines","17":"tag-latest-news","18":"tag-latestnews","19":"tag-latvia","20":"tag-latvian","21":"tag-latviesu","22":"tag-latviesu-valoda","23":"tag-latviesuvaloda","24":"tag-latvija","25":"tag-lv","26":"tag-news","27":"tag-patverums","28":"tag-popularakas-zinas","29":"tag-popularakaszinas","30":"tag-robezkontrole","31":"tag-top-stories","32":"tag-topstories","33":"tag-vacija","34":"tag-world","35":"tag-world-news","36":"tag-worldnews","37":"tag-zinas","38":"tag-zinas-no-arvalstim"},"share_on_mastodon":{"url":"https:\/\/pubeurope.com\/@lv\/115716894438680459","error":""},"_links":{"self":[{"href":"https:\/\/www.europesays.com\/lv\/wp-json\/wp\/v2\/posts\/74045","targetHints":{"allow":["GET"]}}],"collection":[{"href":"https:\/\/www.europesays.com\/lv\/wp-json\/wp\/v2\/posts"}],"about":[{"href":"https:\/\/www.europesays.com\/lv\/wp-json\/wp\/v2\/types\/post"}],"author":[{"embeddable":true,"href":"https:\/\/www.europesays.com\/lv\/wp-json\/wp\/v2\/users\/2"}],"replies":[{"embeddable":true,"href":"https:\/\/www.europesays.com\/lv\/wp-json\/wp\/v2\/comments?post=74045"}],"version-history":[{"count":0,"href":"https:\/\/www.europesays.com\/lv\/wp-json\/wp\/v2\/posts\/74045\/revisions"}],"wp:featuredmedia":[{"embeddable":true,"href":"https:\/\/www.europesays.com\/lv\/wp-json\/wp\/v2\/media\/74046"}],"wp:attachment":[{"href":"https:\/\/www.europesays.com\/lv\/wp-json\/wp\/v2\/media?parent=74045"}],"wp:term":[{"taxonomy":"category","embeddable":true,"href":"https:\/\/www.europesays.com\/lv\/wp-json\/wp\/v2\/categories?post=74045"},{"taxonomy":"post_tag","embeddable":true,"href":"https:\/\/www.europesays.com\/lv\/wp-json\/wp\/v2\/tags?post=74045"}],"curies":[{"name":"wp","href":"https:\/\/api.w.org\/{rel}","templated":true}]}}