{"id":74106,"date":"2025-12-14T09:26:10","date_gmt":"2025-12-14T09:26:10","guid":{"rendered":"https:\/\/www.europesays.com\/lv\/74106\/"},"modified":"2025-12-14T09:26:10","modified_gmt":"2025-12-14T09:26:10","slug":"somijas-deputats-atbalstot-skaistumkaralieni-publice-foto-kura-izstiepj-acis","status":"publish","type":"post","link":"https:\/\/www.europesays.com\/lv\/74106\/","title":{"rendered":"Somijas deput\u0101ts, atbalstot skaistumkaralieni, public\u0113 foto, kur\u0101 izstiepj acis"},"content":{"rendered":"<p><a rel=\"noopener nofollow\" target=\"_blank\" href=\"https:\/\/www.delfi.lv\/temas\/35506393\/somija\" tag-id=\"35506393\">Somijas<\/a> deput\u0101ts Juho \u0112rola soci\u0101laj\u0101 t\u012bkl\u0101 &#8220;<a rel=\"noopener nofollow\" target=\"_blank\" href=\"https:\/\/www.delfi.lv\/temas\/40536651\/facebook\" tag-id=\"40536651\">Facebook<\/a>&#8221; public\u0113jis fotogr\u0101fiju, kur\u0101 vi\u0146\u0161 ar pirkstiem izstiepj acis, t\u0101d\u0113j\u0101di atdarinot pretrun\u012bgi v\u0113rt\u0113to biju\u0161\u0101s Mis Somija S\u0101ras Dzafces fotogr\u0101fiju, zi\u0146o &#8220;Helsinki Times&#8221;.<\/p>\n<p>Dzafce, kura par &#8220;Mis Somiju&#8221; tika kron\u0113ta septembr\u012b, non\u0101ca soci\u0101lo mediju lietot\u0101ju sa\u0161utuma epicentr\u0101, jo platform\u0101 &#8220;Jodel&#8221; ievietoja fotogr\u0101fiju, kur\u0101 redzama, r\u0101dot it k\u0101 rasistisku \u017eestu. Att\u0113l\u0101 vi\u0146a ar pirkstiem bija savilkusi acis sl\u012bp\u0101 form\u0101, un zem t\u0101s bija uzraksts (somu valod\u0101) &#8220;kiinalaisenkaa sy\u00f6m\u00e4s&#8221;, ko aptuveni var\u0113tu tulkot k\u0101 &#8220;malt\u012bte ar \u0137\u012bnieti&#8221;.<\/p>\n<p>Lasiet ar\u012b<\/p>\n<p><a href=\"https:\/\/www.delfi.lv\/life\/56010800\/notikumi\/120098987\/mis-somijai-rasistiska-zesta-del-atnem-titulu\" class=\"headline__image-link\" itemprop=\"url\" rel=\"nofollow noopener\" target=\"_blank\"><img decoding=\"async\" loading=\"lazy\" itemprop=\"image\" src=\"https:\/\/www.europesays.com\/lv\/wp-content\/uploads\/2025\/12\/64fa7424-17fe-4d5c-8cb9-a7c97c2758d0.jpg\" alt=\"&quot;Mis Somijai&quot; rasistiska \u017eesta d\u0113\u013c at\u0146em titulu\" title=\"&quot;Mis Somijai&quot; rasistiska \u017eesta d\u0113\u013c at\u0146em titulu\" class=\"headline__image img-fluid w-100\"\/><\/a><\/p>\n<p class=\"MsoNormal\">\u0112rola, kur\u0161 vada Somijas parlamenta Juridisko lietu komiteju, public\u0113t\u0101s fotogr\u0101fijas paraksts ir &#8220;Je suis Sarah&#8221; (&#8220;Es esmu S\u0101ra&#8221;), fr\u0101ze, ko parasti izmanto k\u0101 publisku solidarit\u0101tes \u017eestu. Vi\u0146\u0161 Somijas raidorganiz\u0101cijai &#8220;Yle&#8221; nor\u0101d\u012bjis, ka fotogr\u0101fija dom\u0101ta &#8220;priekam&#8221;, un noliedzis, ka t\u0101 b\u016btu rasistiska.<\/p>\n<p class=\"MsoNormal\">&#8220;Da\u017ei cilv\u0113ki varb\u016bt to t\u0101 uztver, bet, p\u0113c manas sapratnes, t\u0101 visp\u0101r nav rasistiska,&#8221; paudis deput\u0101ts.<\/p>\n<p class=\"MsoNormal\">\u0112rola noraid\u012bjis pret Dzafci v\u0113rsto kritiku. &#8220;Tas ir piln\u012bgs absurds. Vi\u0146ai ir imigranta izcelsme, un vi\u0146a noteikti zina, kas ir <a rel=\"noopener nofollow\" target=\"_blank\" href=\"https:\/\/www.delfi.lv\/temas\/35609349\/rasisms\" tag-id=\"35609349\">rasisms<\/a>,&#8221; vi\u0146\u0161 teicis.<\/p>\n<p><img decoding=\"async\" itemprop=\"image\" src=\"https:\/\/www.europesays.com\/lv\/wp-content\/uploads\/2025\/12\/b0c35e63-94e4-462e-a2a0-aa482a7ed91e.jpg\" title=\"Somijas deput\u0101ts, atbalstot skaistumkaralieni, public\u0113 foto, kur\u0101 izstiepj acis\" alt=\"Somijas deput\u0101ts, atbalstot skaistumkaralieni, public\u0113 foto, kur\u0101 izstiepj acis\" class=\"img-fluid w-100\" data-v-a1a92103=\"\"\/>Foto: Ekr\u0101nuz\u0146\u0113mums no &#8220;Facebook&#8221;<\/p>\n<p class=\"MsoNormal\">Vi\u0146\u0161 piebildis, ka ar\u012b vi\u0146a pa\u0161a foto sasaucas ar fizisk\u0101m galvass\u0101p\u0113m: &#8220;Es sa\u0146\u0113mu padomu no Miss Somijas par to, k\u0101 atvieglot galvass\u0101pes. Tas ir redzams att\u0113l\u0101.&#8221;<\/p>\n<p class=\"MsoNormal\">Dzafce bija teikusi, ka vi\u0146as fotogr\u0101fiju draugs uz\u0146\u0113mis k\u0101 joku, kam\u0113r vi\u0146a m\u0113\u0123in\u0101jusi atvieglot migr\u0113nu, piespie\u017eot deni\u0146us.<\/p>\n<p class=\"MsoNormal\">Ar\u012b Somijas politi\u0137is Joakims Vigelius soci\u0101lo t\u012bklu platform\u0101 &#8220;X&#8221; aizst\u0101v\u0113jis Dzafci. &#8220;Es nedom\u0101ju, ka tas ir taisn\u012bgi. Es dom\u0101ju, ka tas ir slim\u012bgi. Un galvenais, ne\u017e\u0113l\u012bgi,&#8221; vi\u0146\u0161 rakst\u012bjis par titula at\u0146em\u0161anu. Vigelius ar\u012b kritiz\u0113ja &#8220;mor\u0101lo hist\u0113riju&#8221; un soci\u0101lo t\u012bklu kampa\u0146as pret atsevi\u0161\u0137\u0101m person\u0101m.<\/p>\n<p class=\"m-0\">Seko &#8220;Delfi&#8221; ar\u012b  <a target=\"_blank\" href=\"https:\/\/www.instagram.com\/delfi.lv\/\" rel=\"nofollow noopener\">Instagram<\/a>  un <a target=\"_blank\" href=\"https:\/\/www.youtube.com\/channel\/UCw5foWtcJvAbUm64rv7jwUQ\" rel=\"nofollow noopener\">YouTube<\/a>  profil\u0101 \u2013 pievienojies, lai uzzin\u0101tu svar\u012bg\u0101ko un interesant\u0101ko pirmais!<\/p>\n<p>Publik\u0101cijas saturs vai t\u0101s jebk\u0101da apjoma da\u013ca ir aizsarg\u0101ts autorties\u012bbu objekts Autorties\u012bbu likuma izpratn\u0113, un t\u0101 izmanto\u0161ana bez izdev\u0113ja at\u013caujas ir aizliegta. Vair\u0101k lasi  <a target=\"_blank\" href=\"https:\/\/www.delfi.lv\/noteikumi#autortiesibas\" rel=\"nofollow noopener\">\u0161eit<\/a><script async src=\"\/\/www.instagram.com\/embed.js\"><\/script><\/p>\n","protected":false},"excerpt":{"rendered":"Somijas deput\u0101ts Juho \u0112rola soci\u0101laj\u0101 t\u012bkl\u0101 &#8220;Facebook&#8221; public\u0113jis fotogr\u0101fiju, kur\u0101 vi\u0146\u0161 ar pirkstiem izstiepj acis, t\u0101d\u0113j\u0101di atdarinot pretrun\u012bgi&hellip;\n","protected":false},"author":2,"featured_media":74107,"comment_status":"","ping_status":"","sticky":false,"template":"","format":"standard","meta":{"footnotes":""},"categories":[14],"tags":[23,57,28,29,5406,32,33,22,30,31,35,39,38,36,37,34,40,20,26,27,18853,490,24,25,54,55,56,21,58],"class_list":{"0":"post-74106","1":"post","2":"type-post","3":"status-publish","4":"format-standard","5":"has-post-thumbnail","7":"category-zinas-no-arvalstim","8":"tag-aktualitates","9":"tag-arvalstim","10":"tag-breaking-news","11":"tag-breakingnews","12":"tag-facebook","13":"tag-featured-news","14":"tag-featurednews","15":"tag-headlines","16":"tag-latest-news","17":"tag-latestnews","18":"tag-latvia","19":"tag-latvian","20":"tag-latviesu","21":"tag-latviesu-valoda","22":"tag-latviesuvaloda","23":"tag-latvija","24":"tag-lv","25":"tag-news","26":"tag-popularakas-zinas","27":"tag-popularakaszinas","28":"tag-rasisms","29":"tag-somija","30":"tag-top-stories","31":"tag-topstories","32":"tag-world","33":"tag-world-news","34":"tag-worldnews","35":"tag-zinas","36":"tag-zinas-no-arvalstim"},"share_on_mastodon":{"url":"https:\/\/pubeurope.com\/@lv\/115717209153767681","error":""},"_links":{"self":[{"href":"https:\/\/www.europesays.com\/lv\/wp-json\/wp\/v2\/posts\/74106","targetHints":{"allow":["GET"]}}],"collection":[{"href":"https:\/\/www.europesays.com\/lv\/wp-json\/wp\/v2\/posts"}],"about":[{"href":"https:\/\/www.europesays.com\/lv\/wp-json\/wp\/v2\/types\/post"}],"author":[{"embeddable":true,"href":"https:\/\/www.europesays.com\/lv\/wp-json\/wp\/v2\/users\/2"}],"replies":[{"embeddable":true,"href":"https:\/\/www.europesays.com\/lv\/wp-json\/wp\/v2\/comments?post=74106"}],"version-history":[{"count":0,"href":"https:\/\/www.europesays.com\/lv\/wp-json\/wp\/v2\/posts\/74106\/revisions"}],"wp:featuredmedia":[{"embeddable":true,"href":"https:\/\/www.europesays.com\/lv\/wp-json\/wp\/v2\/media\/74107"}],"wp:attachment":[{"href":"https:\/\/www.europesays.com\/lv\/wp-json\/wp\/v2\/media?parent=74106"}],"wp:term":[{"taxonomy":"category","embeddable":true,"href":"https:\/\/www.europesays.com\/lv\/wp-json\/wp\/v2\/categories?post=74106"},{"taxonomy":"post_tag","embeddable":true,"href":"https:\/\/www.europesays.com\/lv\/wp-json\/wp\/v2\/tags?post=74106"}],"curies":[{"name":"wp","href":"https:\/\/api.w.org\/{rel}","templated":true}]}}