{"id":74132,"date":"2025-12-14T10:10:09","date_gmt":"2025-12-14T10:10:09","guid":{"rendered":"https:\/\/www.europesays.com\/lv\/74132\/"},"modified":"2025-12-14T10:10:09","modified_gmt":"2025-12-14T10:10:09","slug":"skatoties-ltv-mani-visu-laiku-nepamet-jautajums-par-kreipanu-publiski-atklaj-reizenbergs","status":"publish","type":"post","link":"https:\/\/www.europesays.com\/lv\/74132\/","title":{"rendered":"\u201cSkatoties LTV, mani visu laiku nepamet jaut\u0101jums par Kreip\u0101nu!\u201d publiski atkl\u0101j Reizenbergs"},"content":{"rendered":"<p>    <img decoding=\"async\" src=\"https:\/\/www.europesays.com\/lv\/wp-content\/uploads\/2025\/12\/ak7160522-1024x545.jpg\" alt=\"&#10;Anatolijs Kreip\u0101ns&#10;\"\/><\/p>\n<p>Anatolijs Kreip\u0101ns<\/p>\n<p>FOTO: no priv\u0101t\u0101\n<\/p>\n<p>10:49, 14. decembris 2025<\/p>\n<p>Latvijas biatlonistes Baiba Bendika, Sanita Buli\u0146a, Annija Sabule un Sandra Buli\u0146a sestdien Austrij\u0101 Pasaules kausa posm\u0101 4\u00d75 kilometru stafet\u0113 fini\u0161\u0113ja 18. viet\u0101. Sacens\u012bb\u0101m l\u012bdzi sekoja ar\u012b b\u0101rmenis Andris Reizenbergs. <\/p>\n<p>        Las\u012bt\u0101kie<br \/>\n        <a data-imagesrc=\"{&quot;300&quot;:&quot;https:\\\/\\\/lastatic.ams3.cdn.digitaloceanspaces.com\\\/2025\\\/12\\\/LET_24882854-300x191.jpg&quot;,&quot;1024&quot;:&quot;https:\\\/\\\/lastatic.ams3.cdn.digitaloceanspaces.com\\\/2025\\\/12\\\/LET_24882854-1024x651.jpg&quot;,&quot;1536&quot;:&quot;https:\\\/\\\/lastatic.ams3.cdn.digitaloceanspaces.com\\\/2025\\\/12\\\/LET_24882854-1536x976.jpg&quot;,&quot;500&quot;:&quot;https:\\\/\\\/lastatic.ams3.cdn.digitaloceanspaces.com\\\/2025\\\/12\\\/LET_24882854-500x318.jpg&quot;,&quot;800&quot;:&quot;https:\\\/\\\/lastatic.ams3.cdn.digitaloceanspaces.com\\\/2025\\\/12\\\/LET_24882854-800x508.jpg&quot;,&quot;2560&quot;:&quot;https:\\\/\\\/lastatic.ams3.cdn.digitaloceanspaces.com\\\/2025\\\/12\\\/LET_24882854-scaled.jpg&quot;}\" data-focuspoint=\"&quot;&quot;\" data-p=\"2478699\" href=\"https:\/\/www.la.lv\/foto-dzemdibas-noskirti-dvini-atklats-ka-musu-saeima-strada-divi-pilnigi-identiski-deputati\" class=\"content-item lazy-load\" wp_automatic_readability=\"27\" rel=\"nofollow noopener\" target=\"_blank\"><\/p>\n<p>                                <img decoding=\"async\" src=\"\" alt=\"\" style=\"\" data-imageid=\"\"\/><\/p>\n<p>                                Kokteilis<\/p>\n<p>\n                                                FOTO. Dzemd\u012bb\u0101s no\u0161\u0137irti dv\u012b\u0146i? Atkl\u0101ts, ka m\u016bsu Saeim\u0101 str\u0101d\u0101 divi piln\u012bgi identiski deput\u0101ti\n                            <\/p>\n<p><\/a><a data-imagesrc=\"{&quot;300&quot;:&quot;https:\\\/\\\/lastatic.ams3.cdn.digitaloceanspaces.com\\\/2024\\\/06\\\/11395525-1-300x201.jpg&quot;,&quot;768&quot;:&quot;https:\\\/\\\/lastatic.ams3.cdn.digitaloceanspaces.com\\\/2024\\\/06\\\/11395525-1-768x514.jpg&quot;,&quot;200&quot;:&quot;https:\\\/\\\/lastatic.ams3.cdn.digitaloceanspaces.com\\\/2024\\\/06\\\/11395525-1-200x134.jpg&quot;,&quot;400&quot;:&quot;https:\\\/\\\/lastatic.ams3.cdn.digitaloceanspaces.com\\\/2024\\\/06\\\/11395525-1-400x268.jpg&quot;,&quot;500&quot;:&quot;https:\\\/\\\/lastatic.ams3.cdn.digitaloceanspaces.com\\\/2024\\\/06\\\/11395525-1-500x335.jpg&quot;,&quot;800&quot;:&quot;https:\\\/\\\/lastatic.ams3.cdn.digitaloceanspaces.com\\\/2024\\\/06\\\/11395525-1-800x535.jpg&quot;,&quot;1000&quot;:&quot;https:\\\/\\\/lastatic.ams3.cdn.digitaloceanspaces.com\\\/2024\\\/06\\\/11395525-1.jpg&quot;}\" data-focuspoint=\"{&quot;x&quot;:&quot;48.60395591211969&quot;,&quot;y&quot;:&quot;27.19057504701345&quot;}\" data-p=\"2479229\" href=\"https:\/\/www.la.lv\/eiropas-padome-beidzot-pienem-likumu-kas-bus-milzigi-sapigs-trieciens-krievijai\" class=\"content-item lazy-load\" wp_automatic_readability=\"26.5\" rel=\"nofollow noopener\" target=\"_blank\"><\/p>\n<p>                                <img decoding=\"async\" src=\"\" alt=\"\" style=\"object-position: 48.60395591211969% 27.19057504701345%\" data-imageid=\"\"\/><\/p>\n<p>                                TV24<\/p>\n<p>                                            Eiropas Padome beidzot pie\u0146em likumu, kas b\u016bs milz\u012bgi s\u0101p\u012bgs trieciens Krievijai\n                            <\/p>\n<p><\/a><a data-imagesrc=\"{&quot;300&quot;:&quot;https:\\\/\\\/lastatic.ams3.cdn.digitaloceanspaces.com\\\/2025\\\/04\\\/LET_24592359-1-300x200.jpg&quot;,&quot;768&quot;:&quot;https:\\\/\\\/lastatic.ams3.cdn.digitaloceanspaces.com\\\/2025\\\/04\\\/LET_24592359-1-768x511.jpg&quot;,&quot;200&quot;:&quot;https:\\\/\\\/lastatic.ams3.cdn.digitaloceanspaces.com\\\/2025\\\/04\\\/LET_24592359-1-200x133.jpg&quot;,&quot;400&quot;:&quot;https:\\\/\\\/lastatic.ams3.cdn.digitaloceanspaces.com\\\/2025\\\/04\\\/LET_24592359-1-400x266.jpg&quot;,&quot;500&quot;:&quot;https:\\\/\\\/lastatic.ams3.cdn.digitaloceanspaces.com\\\/2025\\\/04\\\/LET_24592359-1-500x333.jpg&quot;,&quot;800&quot;:&quot;https:\\\/\\\/lastatic.ams3.cdn.digitaloceanspaces.com\\\/2025\\\/04\\\/LET_24592359-1-800x533.jpg&quot;,&quot;1000&quot;:&quot;https:\\\/\\\/lastatic.ams3.cdn.digitaloceanspaces.com\\\/2025\\\/04\\\/LET_24592359-1.jpg&quot;}\" data-focuspoint=\"&quot;&quot;\" data-p=\"2464163\" href=\"https:\/\/www.la.lv\/nogurums-ir-milzigs-reinis-vairakas-stundas-diena-pavada-cela-uz-un-no-darba-valsts-darba-inspekcija-atklaj-kas-vinam-par-to-pienakas\" class=\"content-item lazy-load\" wp_automatic_readability=\"27\" rel=\"nofollow noopener\" target=\"_blank\"><\/p>\n<p>                                <img decoding=\"async\" src=\"\" alt=\"\" style=\"\" data-imageid=\"\"\/><\/p>\n<p>                                RAKSTA REDAKTORS<\/p>\n<p>\n                                                \u201cNogurums ir milz\u012bgs.\u201d Reinis vair\u0101kas stundas dien\u0101 pavada ce\u013c\u0101 uz un no darba. Valsts darba inspekcija atkl\u0101j, kas vi\u0146am par to pien\u0101kas\n                            <\/p>\n<p><\/a><br \/>\n        <a class=\"read-more\" href=\"https:\/\/www.la.lv\/top\" rel=\"nofollow noopener\" target=\"_blank\">Las\u012bt citas zi\u0146as<\/a><\/p>\n<p>\u201cSkatoties  biatlonu LTV mani visu laiku nepamet jaut\u0101jums K\u0101p\u0113c Anatolijs Kreip\u0101ns bija j\u0101atlai\u017e no koment\u0113\u0161anas!?\u201d vi\u0146\u0161 X publiski raksta. <\/p>\n<blockquote class=\"twitter-tweet\" wp_automatic_readability=\"8.186170212766\">\n<p lang=\"lv\" dir=\"ltr\">Skatoties biatlonu LTV mani visu laiku nepamet jaut\u0101jums K\u0101p\u0113c Anatolijs Kreip\u0101ns bija j\u0101atlai\u017e no koment\u0113\u0161anas!?<\/p>\n<p>\u2014 Andris Reizenbergs \ud83c\uddf1\ud83c\uddfb (@A_Reizenbergs) <a href=\"https:\/\/twitter.com\/A_Reizenbergs\/status\/1999916263091691926?ref_src=twsrc%5Etfw\" rel=\"nofollow noopener\" target=\"_blank\">December 13, 2025<\/a><\/p>\n<\/blockquote>\n<p>    CITI \u0160OBR\u012aD LASA<\/p>\n<p><img decoding=\"async\" src=\"https:\/\/www.europesays.com\/lv\/wp-content\/uploads\/2025\/12\/Ekranuznemums-2025-12-14-103800.png\" alt=\"\"\/><br \/>\n<img decoding=\"async\" src=\"https:\/\/www.europesays.com\/lv\/wp-content\/uploads\/2025\/12\/Ekranuznemums-2025-12-14-103808.png\" alt=\"\"\/><\/p>\n<p>Jau zi\u0146ots, ka tie\u0161i pirms gada viens no Latvijas iem\u012b\u013cot\u0101kajiem sporta koment\u0113t\u0101jiem Anatolijs Kreip\u0101ns sa\u0146\u0113ma telefona zvanu, kur\u0101 tika atlaists no darba LTV. Vi\u0146am l\u012bdz pensijai ir paliku\u0161i vien p\u0101ris gadi. <\/p>\n<p>\u201cLatvijas Telev\u012bzijas\u201d (LTV) M\u0101rketinga un komunik\u0101cijas da\u013cas direktore Anita Jansone skaidroja, ka l\u0113mums p\u0101rtraukt sadarb\u012bbu ar sporta koment\u0113t\u0101ju Anatoliju Kreip\u0101nu nav saist\u0101ms ar vi\u0146a vecumu, zi\u0146oja LETA 5.decembr\u012b.<\/p>\n<p>Vi\u0146a skaidroja, ka LTV v\u0113las piesaist\u012bt jaunus cilv\u0113kus, bet runa ir, piem\u0113ram, par jaunu profesion\u0101lo iesp\u0113ju pied\u0101v\u0101\u0161anu LTV Sporta redakcijas \u0161tata darbiniekiem, vai t\u0101du cilv\u0113ku piesaist\u012b\u0161an\u0101, kuri iepriek\u0161 nav sadarboju\u0161ies ar LTV sacens\u012bbu koment\u0113\u0161an\u0101.<\/p>\n<p>Savuk\u0101rt port\u0101lam \u201cDelfi\u201d Kreip\u0101ns akcent\u0113ja, ka t\u0101ds bija otras puses, ne vi\u0146a l\u0113mums. Sporta koment\u0113t\u0101jam esot piezvan\u012bts un pateikts, ka turpm\u0101k ar vi\u0146u nesadarbosies, inform\u0113jot, ka piesaist\u012bs jaunus cilv\u0113kus.<\/p>\n<p>K\u0101 liecina inform\u0101cija LETA Arh\u012bv\u0101, Kreip\u0101ns s\u0101cis koment\u0113t sportu telev\u012bzij\u0101 pag\u0101ju\u0161\u0101 gadsimta asto\u0146desmitajos gados, pirms tam vi\u0146\u0161 koment\u0113jis sp\u012bdveju un autokrosu kl\u0101tien\u0113, stadion\u0101.<\/p>\n<p>T\u0113mas<\/p>\n<p>    SAIST\u012aTIE RAKSTI<\/p>\n<p>                            <script async src=\"https:\/\/platform.twitter.com\/widgets.js\" charset=\"utf-8\"><\/script><\/p>\n","protected":false},"excerpt":{"rendered":"Anatolijs Kreip\u0101ns FOTO: no priv\u0101t\u0101 10:49, 14. decembris 2025 Latvijas biatlonistes Baiba Bendika, Sanita Buli\u0146a, Annija Sabule un&hellip;\n","protected":false},"author":2,"featured_media":74133,"comment_status":"","ping_status":"","sticky":false,"template":"","format":"standard","meta":{"footnotes":""},"categories":[5],"tags":[23,28,29,32,33,22,30,31,35,39,38,36,37,34,40,20,26,27,24,25,21],"class_list":{"0":"post-74132","1":"post","2":"type-post","3":"status-publish","4":"format-standard","5":"has-post-thumbnail","7":"category-aktualitates","8":"tag-aktualitates","9":"tag-breaking-news","10":"tag-breakingnews","11":"tag-featured-news","12":"tag-featurednews","13":"tag-headlines","14":"tag-latest-news","15":"tag-latestnews","16":"tag-latvia","17":"tag-latvian","18":"tag-latviesu","19":"tag-latviesu-valoda","20":"tag-latviesuvaloda","21":"tag-latvija","22":"tag-lv","23":"tag-news","24":"tag-popularakas-zinas","25":"tag-popularakaszinas","26":"tag-top-stories","27":"tag-topstories","28":"tag-zinas"},"share_on_mastodon":{"url":"https:\/\/pubeurope.com\/@lv\/115717382245886182","error":""},"_links":{"self":[{"href":"https:\/\/www.europesays.com\/lv\/wp-json\/wp\/v2\/posts\/74132","targetHints":{"allow":["GET"]}}],"collection":[{"href":"https:\/\/www.europesays.com\/lv\/wp-json\/wp\/v2\/posts"}],"about":[{"href":"https:\/\/www.europesays.com\/lv\/wp-json\/wp\/v2\/types\/post"}],"author":[{"embeddable":true,"href":"https:\/\/www.europesays.com\/lv\/wp-json\/wp\/v2\/users\/2"}],"replies":[{"embeddable":true,"href":"https:\/\/www.europesays.com\/lv\/wp-json\/wp\/v2\/comments?post=74132"}],"version-history":[{"count":0,"href":"https:\/\/www.europesays.com\/lv\/wp-json\/wp\/v2\/posts\/74132\/revisions"}],"wp:featuredmedia":[{"embeddable":true,"href":"https:\/\/www.europesays.com\/lv\/wp-json\/wp\/v2\/media\/74133"}],"wp:attachment":[{"href":"https:\/\/www.europesays.com\/lv\/wp-json\/wp\/v2\/media?parent=74132"}],"wp:term":[{"taxonomy":"category","embeddable":true,"href":"https:\/\/www.europesays.com\/lv\/wp-json\/wp\/v2\/categories?post=74132"},{"taxonomy":"post_tag","embeddable":true,"href":"https:\/\/www.europesays.com\/lv\/wp-json\/wp\/v2\/tags?post=74132"}],"curies":[{"name":"wp","href":"https:\/\/api.w.org\/{rel}","templated":true}]}}