{"id":74216,"date":"2025-12-14T12:03:07","date_gmt":"2025-12-14T12:03:07","guid":{"rendered":"https:\/\/www.europesays.com\/lv\/74216\/"},"modified":"2025-12-14T12:03:07","modified_gmt":"2025-12-14T12:03:07","slug":"latvija-stiprina-medijpratibu-un-aizsardzibu-pret-dezinformaciju","status":"publish","type":"post","link":"https:\/\/www.europesays.com\/lv\/74216\/","title":{"rendered":"Latvija stiprina medijprat\u012bbu un aizsardz\u012bbu pret dezinform\u0101ciju"},"content":{"rendered":"<p>Latvijas \u017durn\u0101listu asoci\u0101cija \u0161ogad izveidoja anon\u012bmu zi\u0146o\u0161anas platformu &#8220;trauksmes pogu&#8221; un k\u013cuva par nacion\u0101lo kontaktpunktu Eiropas Padomes \u017eurn\u0101listu dro\u0161\u012bbas kampa\u0146ai.<\/p>\n<p>Informat\u012bvaj\u0101 zi\u0146ojum\u0101 kl\u0101st\u012bts, ka valsts ir palielin\u0101jusi Mediju atbalsta fonda finans\u0113jumu l\u012bdz diviem miljoniem eiro un nodro\u0161in\u0101jusi 13 miljonus eiro mediju digitaliz\u0101cijai un moderniz\u0101cijai no ES Atvese\u013co\u0161anas fonda. T\u0101pat Latvija piedal\u0101s Eiropas Padomes kampa\u0146\u0101 &#8220;\u017durn\u0101listiem ir noz\u012bme&#8221; un ir ANO, EDSO un UNESCO \u017eurn\u0101listu dro\u0161\u012bbas draugu grupu dal\u012bbvalsts.<\/p>\n<p>Zi\u0146ojum\u0101 nor\u0101d\u012bts, ka 2025. gad\u0101 pabeigta sabiedrisko mediju apvieno\u0161ana vienot\u0101 Latvijas sabiedriskaj\u0101 medij\u0101 (LSM), stiprinot redakcion\u0101lo neatkar\u012bbu. Sabiedrisk\u0101 medija sasniedzam\u012bba pieaugusi l\u012bdz 76% iedz\u012bvot\u0101ju, tostarp 64% maz\u0101kumtaut\u012bbu un 72% jaunie\u0161u vid\u016b.<\/p>\n<p>\u0100M secina, ka Latvijas elektronisko pla\u0161sazi\u0146as l\u012bdzek\u013cu vide ir plur\u0101listiska, un LSM tie\u0161saistes platform\u0101 pieejams saturs ang\u013cu, krievu, ukrai\u0146u, baltkrievu un po\u013cu valod\u0101. 2025. gad\u0101 krievu valod\u0101 raid\u012bti 38% radio un 39,4% telev\u012bzijas programmu, latvie\u0161u valod\u0101 &#8211; 60% radio un 26,3% telev\u012bzijas programmu, bet ukrai\u0146u valod\u0101 &#8211; 6% telev\u012bzijas programmu.<\/p>\n<p>Informat\u012bvaj\u0101 zi\u0146ojum\u0101 nor\u0101d\u012bts, ka Latvija \u012bsteno medijprat\u012bbas programmas sadarb\u012bb\u0101 ar Latvijas Nacion\u0101lo bibliot\u0113ku, Latvijas Universit\u0101ti, Baltijas Mediju izcil\u012bbas centru, Latvijas Kult\u016bras akad\u0113miju un nevalstiskaj\u0101m organiz\u0101cij\u0101m, iesaistot skol\u0113nus, pedagogus, bibliotek\u0101rus un seniorus semin\u0101ros, kampa\u0146\u0101s un darbn\u012bc\u0101s.<\/p>\n","protected":false},"excerpt":{"rendered":"Latvijas \u017durn\u0101listu asoci\u0101cija \u0161ogad izveidoja anon\u012bmu zi\u0146o\u0161anas platformu &#8220;trauksmes pogu&#8221; un k\u013cuva par nacion\u0101lo kontaktpunktu Eiropas Padomes \u017eurn\u0101listu&hellip;\n","protected":false},"author":2,"featured_media":74217,"comment_status":"","ping_status":"","sticky":false,"template":"","format":"standard","meta":{"footnotes":""},"categories":[12],"tags":[23,28,29,1604,32,33,22,30,31,35,39,38,36,37,34,40,18875,20,26,27,24,25,21],"class_list":{"0":"post-74216","1":"post","2":"type-post","3":"status-publish","4":"format-standard","5":"has-post-thumbnail","7":"category-latvija","8":"tag-aktualitates","9":"tag-breaking-news","10":"tag-breakingnews","11":"tag-dezinformacija","12":"tag-featured-news","13":"tag-featurednews","14":"tag-headlines","15":"tag-latest-news","16":"tag-latestnews","17":"tag-latvia","18":"tag-latvian","19":"tag-latviesu","20":"tag-latviesu-valoda","21":"tag-latviesuvaloda","22":"tag-latvija","23":"tag-lv","24":"tag-medijpratiba-un-dezinformacija","25":"tag-news","26":"tag-popularakas-zinas","27":"tag-popularakaszinas","28":"tag-top-stories","29":"tag-topstories","30":"tag-zinas"},"share_on_mastodon":{"url":"https:\/\/pubeurope.com\/@lv\/115717826304965050","error":""},"_links":{"self":[{"href":"https:\/\/www.europesays.com\/lv\/wp-json\/wp\/v2\/posts\/74216","targetHints":{"allow":["GET"]}}],"collection":[{"href":"https:\/\/www.europesays.com\/lv\/wp-json\/wp\/v2\/posts"}],"about":[{"href":"https:\/\/www.europesays.com\/lv\/wp-json\/wp\/v2\/types\/post"}],"author":[{"embeddable":true,"href":"https:\/\/www.europesays.com\/lv\/wp-json\/wp\/v2\/users\/2"}],"replies":[{"embeddable":true,"href":"https:\/\/www.europesays.com\/lv\/wp-json\/wp\/v2\/comments?post=74216"}],"version-history":[{"count":0,"href":"https:\/\/www.europesays.com\/lv\/wp-json\/wp\/v2\/posts\/74216\/revisions"}],"wp:featuredmedia":[{"embeddable":true,"href":"https:\/\/www.europesays.com\/lv\/wp-json\/wp\/v2\/media\/74217"}],"wp:attachment":[{"href":"https:\/\/www.europesays.com\/lv\/wp-json\/wp\/v2\/media?parent=74216"}],"wp:term":[{"taxonomy":"category","embeddable":true,"href":"https:\/\/www.europesays.com\/lv\/wp-json\/wp\/v2\/categories?post=74216"},{"taxonomy":"post_tag","embeddable":true,"href":"https:\/\/www.europesays.com\/lv\/wp-json\/wp\/v2\/tags?post=74216"}],"curies":[{"name":"wp","href":"https:\/\/api.w.org\/{rel}","templated":true}]}}