{"id":74222,"date":"2025-12-14T12:10:08","date_gmt":"2025-12-14T12:10:08","guid":{"rendered":"https:\/\/www.europesays.com\/lv\/74222\/"},"modified":"2025-12-14T12:10:08","modified_gmt":"2025-12-14T12:10:08","slug":"deputati-tresdien-spriedis-par-nakamgad-gaidamajam-saeimas-velesanam","status":"publish","type":"post","link":"https:\/\/www.europesays.com\/lv\/74222\/","title":{"rendered":"Deput\u0101ti tre\u0161dien spried\u012bs par n\u0101kamgad gaid\u0101maj\u0101m Saeimas v\u0113l\u0113\u0161an\u0101m"},"content":{"rendered":"<p>Paredz\u0113ts, ka komisijas s\u0113de s\u0101ksies plkst. 10.<\/p>\n<p>Centr\u0101l\u0101s v\u0113l\u0113\u0161anu komisijas (CVK) vad\u012bt\u0101js M\u0101ris Zviedris iepriek\u0161 nor\u0101d\u012bjis, ka saska\u0146\u0101 ar pa\u0161reiz\u0113j\u0101m apl\u0113s\u0113m <a href=\"https:\/\/www.tvnet.lv\/term\/555725\/saeimas-velesanas\" class=\"topicLink\" target=\"_blank\" rel=\"nofollow noopener\">Saeimas v\u0113l\u0113\u0161anas<\/a> n\u0101kamgad izmaks\u0101s vismaz 9,8 miljonus eiro.<\/p>\n<p>Ieskaitot iest\u0101des pamatbud\u017eetu, kas ir nedaudz vair\u0101k nek\u0101 800 000 eiro, kop\u0113jais CVK bud\u017eets 2026. gad\u0101 pl\u0101nots 10,65 miljoni eiro.<\/p>\n<p>Zviedris inform\u0113jis, ka sal\u012bdzin\u0101jum\u0101 ar iepriek\u0161\u0113j\u0101m v\u0113l\u0113\u0161an\u0101m papildus finans\u0113jums pie\u0161\u0137irts, lai nodro\u0161in\u0101tu iepriek\u0161\u0113jo balso\u0161anu un balss nodo\u0161anu glab\u0101\u0161an\u0101 visos iecirk\u0146os visas piecas dienas pirms v\u0113l\u0113\u0161an\u0101m.<\/p>\n<p>Savuk\u0101rt n\u0101kamajos divos gados CVK bud\u017eets b\u016bs 816 460 eiro.<\/p>\n<p>Saeimas v\u0113l\u0113\u0161anas notiks n\u0101kam\u0101 gada oktobra s\u0101kum\u0101.<\/p>\n","protected":false},"excerpt":{"rendered":"Paredz\u0113ts, ka komisijas s\u0113de s\u0101ksies plkst. 10. Centr\u0101l\u0101s v\u0113l\u0113\u0161anu komisijas (CVK) vad\u012bt\u0101js M\u0101ris Zviedris iepriek\u0161 nor\u0101d\u012bjis, ka saska\u0146\u0101&hellip;\n","protected":false},"author":2,"featured_media":74223,"comment_status":"","ping_status":"","sticky":false,"template":"","format":"standard","meta":{"footnotes":""},"categories":[5],"tags":[23,28,29,18876,32,33,22,30,31,35,39,38,36,37,34,40,20,26,27,1421,24,25,21],"class_list":{"0":"post-74222","1":"post","2":"type-post","3":"status-publish","4":"format-standard","5":"has-post-thumbnail","7":"category-aktualitates","8":"tag-aktualitates","9":"tag-breaking-news","10":"tag-breakingnews","11":"tag-centrala-velesanu-komisija","12":"tag-featured-news","13":"tag-featurednews","14":"tag-headlines","15":"tag-latest-news","16":"tag-latestnews","17":"tag-latvia","18":"tag-latvian","19":"tag-latviesu","20":"tag-latviesu-valoda","21":"tag-latviesuvaloda","22":"tag-latvija","23":"tag-lv","24":"tag-news","25":"tag-popularakas-zinas","26":"tag-popularakaszinas","27":"tag-saeimas-velesanas","28":"tag-top-stories","29":"tag-topstories","30":"tag-zinas"},"share_on_mastodon":{"url":"https:\/\/pubeurope.com\/@lv\/115717853855370075","error":""},"_links":{"self":[{"href":"https:\/\/www.europesays.com\/lv\/wp-json\/wp\/v2\/posts\/74222","targetHints":{"allow":["GET"]}}],"collection":[{"href":"https:\/\/www.europesays.com\/lv\/wp-json\/wp\/v2\/posts"}],"about":[{"href":"https:\/\/www.europesays.com\/lv\/wp-json\/wp\/v2\/types\/post"}],"author":[{"embeddable":true,"href":"https:\/\/www.europesays.com\/lv\/wp-json\/wp\/v2\/users\/2"}],"replies":[{"embeddable":true,"href":"https:\/\/www.europesays.com\/lv\/wp-json\/wp\/v2\/comments?post=74222"}],"version-history":[{"count":0,"href":"https:\/\/www.europesays.com\/lv\/wp-json\/wp\/v2\/posts\/74222\/revisions"}],"wp:featuredmedia":[{"embeddable":true,"href":"https:\/\/www.europesays.com\/lv\/wp-json\/wp\/v2\/media\/74223"}],"wp:attachment":[{"href":"https:\/\/www.europesays.com\/lv\/wp-json\/wp\/v2\/media?parent=74222"}],"wp:term":[{"taxonomy":"category","embeddable":true,"href":"https:\/\/www.europesays.com\/lv\/wp-json\/wp\/v2\/categories?post=74222"},{"taxonomy":"post_tag","embeddable":true,"href":"https:\/\/www.europesays.com\/lv\/wp-json\/wp\/v2\/tags?post=74222"}],"curies":[{"name":"wp","href":"https:\/\/api.w.org\/{rel}","templated":true}]}}