{"id":74242,"date":"2025-12-14T12:50:11","date_gmt":"2025-12-14T12:50:11","guid":{"rendered":"https:\/\/www.europesays.com\/lv\/74242\/"},"modified":"2025-12-14T12:50:11","modified_gmt":"2025-12-14T12:50:11","slug":"elektroenergijas-cenas-vasara-samazinajas-baltija-sasniedzot-zemako-limeni-kops-kara-sakuma-ukraina-2022-gada","status":"publish","type":"post","link":"https:\/\/www.europesays.com\/lv\/74242\/","title":{"rendered":"Elektroener\u0123ijas cenas vasar\u0101 samazin\u0101j\u0101s, Baltij\u0101 sasniedzot zem\u0101ko l\u012bmeni kop\u0161 kara s\u0101kuma Ukrain\u0101 2022. gad\u0101."},"content":{"rendered":"<p>Vi\u0146\u0161 min, ka gada s\u0101kum\u0101 elektroener\u0123ijas cenas Baltijas valst\u012bs bija augstas, febru\u0101r\u012b sasniedzot vid\u0113ji 150 eiro par megavatstundu (MWh). To noteica tas, ka ziemas un pavasara m\u0113ne\u0161os ierasti augst\u0101 hidroelektrostaciju izstr\u0101de \u0161ogad bija zem\u0101ka, nek\u0101 ierasts, palielinot d\u0101rg\u0101kas fosil\u0101s \u0123ener\u0101cijas lomu.<\/p>\n<p>Avoti\u0146\u0161 ar\u012b nor\u0101da, ka vasaras m\u0113ne\u0161os cenas b\u016btiski samazin\u0101j\u0101s, Baltijas valst\u012bs sasniedzot zem\u0101ko l\u012bmeni kop\u0161 Krievijas pilna m\u0113roga iebrukuma Ukrain\u0101 2022. gad\u0101.<\/p>\n<p>Tostarp j\u016blij\u0101 elektroener\u0123ijas vid\u0113j\u0101 cena Baltijas valst\u012bs nokrit\u0101s l\u012bdz 36-46 eiro par MWh. To veicin\u0101ja neierasti augsta hidroelektrostaciju (HES) izstr\u0101de vasaras s\u0101kum\u0101, bag\u0101t\u012bga saules \u0123ener\u0101cija un augsts imports no Zieme\u013cvalst\u012bm, ko nodro\u0161in\u0101ja &#8220;EstLink 2&#8221; starpsavienojuma darb\u012bbas piln\u012bga atjauno\u0161ana j\u016bnij\u0101 p\u0113c aptuveni se\u0161u m\u0113ne\u0161u atsl\u0113guma perioda, kas l\u012bdz tam bija b\u016btiski ierobe\u017eojis elektroener\u0123ijas pl\u016bsmas no Somijas Krievijas \u0113nu flotes ku\u0123a izrais\u012bt\u0101 boj\u0101juma d\u0113\u013c.<\/p>\n<p>T\u0101pat Baltij\u0101 turpin\u0101ja pieaugt v\u0113ja un saules elektrostaciju izstr\u0101des apm\u0113ri, pak\u0101peniski palielinot to \u012bpatsvaru kop\u0113j\u0101 bilanc\u0113 no gada uz gadu.<\/p>\n<p>Savuk\u0101rt no augusta vidus l\u012bdz novembrim cenas atkal k\u0101pa, august\u0101 sasniedzot 77-80 eiro par MWh cenu l\u012bmeni, bet jau oktobr\u012b vid\u0113j\u0101s elektroener\u0123ijas cenas p\u0101rsniedza 100 eiro par MWh. \u0160o pieaugumu noteica zem\u0101ka saules un v\u0113ja izstr\u0101de, jauni p\u0101rrobe\u017eu p\u0101rvades jaudu ierobe\u017eojumi un pak\u0101penisks pat\u0113ri\u0146a pieaugums ruden\u012b.<\/p>\n<p>Novembr\u012b vid\u0113j\u0101 cena Baltij\u0101 sasniedza 96-111 eiro par MWh.<\/p>\n","protected":false},"excerpt":{"rendered":"Vi\u0146\u0161 min, ka gada s\u0101kum\u0101 elektroener\u0123ijas cenas Baltijas valst\u012bs bija augstas, febru\u0101r\u012b sasniedzot vid\u0113ji 150 eiro par megavatstundu&hellip;\n","protected":false},"author":2,"featured_media":74243,"comment_status":"","ping_status":"","sticky":false,"template":"","format":"standard","meta":{"footnotes":""},"categories":[12],"tags":[23,28,29,3392,18878,3681,32,33,22,30,31,35,39,38,36,37,34,40,20,26,27,24,25,21],"class_list":{"0":"post-74242","1":"post","2":"type-post","3":"status-publish","4":"format-standard","5":"has-post-thumbnail","7":"category-latvija","8":"tag-aktualitates","9":"tag-breaking-news","10":"tag-breakingnews","11":"tag-elektriba","12":"tag-elektribas-tirgus-atversana","13":"tag-elektroenergija","14":"tag-featured-news","15":"tag-featurednews","16":"tag-headlines","17":"tag-latest-news","18":"tag-latestnews","19":"tag-latvia","20":"tag-latvian","21":"tag-latviesu","22":"tag-latviesu-valoda","23":"tag-latviesuvaloda","24":"tag-latvija","25":"tag-lv","26":"tag-news","27":"tag-popularakas-zinas","28":"tag-popularakaszinas","29":"tag-top-stories","30":"tag-topstories","31":"tag-zinas"},"share_on_mastodon":{"url":"https:\/\/pubeurope.com\/@lv\/115718011158976558","error":""},"_links":{"self":[{"href":"https:\/\/www.europesays.com\/lv\/wp-json\/wp\/v2\/posts\/74242","targetHints":{"allow":["GET"]}}],"collection":[{"href":"https:\/\/www.europesays.com\/lv\/wp-json\/wp\/v2\/posts"}],"about":[{"href":"https:\/\/www.europesays.com\/lv\/wp-json\/wp\/v2\/types\/post"}],"author":[{"embeddable":true,"href":"https:\/\/www.europesays.com\/lv\/wp-json\/wp\/v2\/users\/2"}],"replies":[{"embeddable":true,"href":"https:\/\/www.europesays.com\/lv\/wp-json\/wp\/v2\/comments?post=74242"}],"version-history":[{"count":0,"href":"https:\/\/www.europesays.com\/lv\/wp-json\/wp\/v2\/posts\/74242\/revisions"}],"wp:featuredmedia":[{"embeddable":true,"href":"https:\/\/www.europesays.com\/lv\/wp-json\/wp\/v2\/media\/74243"}],"wp:attachment":[{"href":"https:\/\/www.europesays.com\/lv\/wp-json\/wp\/v2\/media?parent=74242"}],"wp:term":[{"taxonomy":"category","embeddable":true,"href":"https:\/\/www.europesays.com\/lv\/wp-json\/wp\/v2\/categories?post=74242"},{"taxonomy":"post_tag","embeddable":true,"href":"https:\/\/www.europesays.com\/lv\/wp-json\/wp\/v2\/tags?post=74242"}],"curies":[{"name":"wp","href":"https:\/\/api.w.org\/{rel}","templated":true}]}}