{"id":74274,"date":"2025-12-14T13:33:14","date_gmt":"2025-12-14T13:33:14","guid":{"rendered":"https:\/\/www.europesays.com\/lv\/74274\/"},"modified":"2025-12-14T13:33:14","modified_gmt":"2025-12-14T13:33:14","slug":"parlamentariesi-spriedis-par-saulisa-apstiprinasanu-seplp-locekla-amata","status":"publish","type":"post","link":"https:\/\/www.europesays.com\/lv\/74274\/","title":{"rendered":"Parlament\u0101rie\u0161i spried\u012bs par Saul\u012b\u0161a apstiprin\u0101\u0161anu SEPLP locek\u013ca amat\u0101"},"content":{"rendered":"<p>Savuk\u0101rt Latvijas Mediju \u0113tikas padome pazi\u0146oja, ka, izv\u0113rt\u0113jot SEPLP locek\u013ca atlases proced\u016bras gaitu, t\u0101 neredz iesp\u0113ju turpin\u0101t darbu Memoranda padomes virz\u012bta SEPLP kandid\u0101ta atlas\u0113.<\/p>\n<p>K\u0101 paudusi \u0112tikas padome, lai izk\u013c\u016btu no pa\u0161reiz\u0113j\u0101 strupce\u013ca un atgrieztos pie likuma gara iev\u0113ro\u0161anas, b\u016btu lietder\u012bgi atcelt normu, kas paredz, ka Memoranda padomes virz\u012bto kandid\u0101tu apstiprina Saeima, t\u0101 viet\u0101 dele\u0123\u0113jot kandid\u0101ta apstiprin\u0101\u0161anu Memoranda padomei vai citai instit\u016bcijai, kas maz\u0101k pak\u013cauta politiskai konjunkt\u016brai.<\/p>\n<p>L\u012bdz br\u012bdim, kad \u0161\u0101ds proced\u016bras tr\u016bkums b\u016bs nov\u0113rsts, \u0112tikas padomes p\u0101rst\u0101vji nepiedal\u012bsies turpm\u0101kaj\u0101 SEPLP locek\u013ca atlases proces\u0101, pazi\u0146oja padome.<\/p>\n<p>Aptuveni ned\u0113\u013cu v\u0113l\u0101k Memoranda padome \u0101rk\u0101rtas s\u0113d\u0113 8. decembr\u012b nol\u0113ma uz tre\u0161o SEPLP locek\u013ca amata vietu apstiprin\u0101\u0161anai Saeim\u0101 virz\u012bt Saul\u012bti.<\/p>\n<p>SEPLP sast\u0101v\u0101 ir tr\u012bs locek\u013ci, kurus apstiprina Saeima. Vienu locekli apstiprin\u0101\u0161anai izvirza Valsts prezidents, vienu &#8211; Memoranda padome, bet v\u0113l vienu &#8211; Saeima. SEPLP locekli var apstiprin\u0101t amat\u0101 ne vair\u0101k k\u0101 divas reizes p\u0113c k\u0101rtas.<\/p>\n<p>SEPLP ir neatkar\u012bga, pilnties\u012bga, autonoma instit\u016bcija, kas atbilsto\u0161i savai kompetencei p\u0101rst\u0101v sabiedr\u012bbas intereses sabiedrisko mediju jom\u0101.<\/p>\n","protected":false},"excerpt":{"rendered":"Savuk\u0101rt Latvijas Mediju \u0113tikas padome pazi\u0146oja, ka, izv\u0113rt\u0113jot SEPLP locek\u013ca atlases proced\u016bras gaitu, t\u0101 neredz iesp\u0113ju turpin\u0101t darbu&hellip;\n","protected":false},"author":2,"featured_media":70058,"comment_status":"","ping_status":"","sticky":false,"template":"","format":"standard","meta":{"footnotes":""},"categories":[12],"tags":[23,28,29,32,33,22,30,31,35,39,38,36,37,34,40,20,26,27,141,6891,24,25,21],"class_list":{"0":"post-74274","1":"post","2":"type-post","3":"status-publish","4":"format-standard","5":"has-post-thumbnail","7":"category-latvija","8":"tag-aktualitates","9":"tag-breaking-news","10":"tag-breakingnews","11":"tag-featured-news","12":"tag-featurednews","13":"tag-headlines","14":"tag-latest-news","15":"tag-latestnews","16":"tag-latvia","17":"tag-latvian","18":"tag-latviesu","19":"tag-latviesu-valoda","20":"tag-latviesuvaloda","21":"tag-latvija","22":"tag-lv","23":"tag-news","24":"tag-popularakas-zinas","25":"tag-popularakaszinas","26":"tag-saeima","27":"tag-seplp","28":"tag-top-stories","29":"tag-topstories","30":"tag-zinas"},"share_on_mastodon":{"url":"https:\/\/pubeurope.com\/@lv\/115718180243906111","error":""},"_links":{"self":[{"href":"https:\/\/www.europesays.com\/lv\/wp-json\/wp\/v2\/posts\/74274","targetHints":{"allow":["GET"]}}],"collection":[{"href":"https:\/\/www.europesays.com\/lv\/wp-json\/wp\/v2\/posts"}],"about":[{"href":"https:\/\/www.europesays.com\/lv\/wp-json\/wp\/v2\/types\/post"}],"author":[{"embeddable":true,"href":"https:\/\/www.europesays.com\/lv\/wp-json\/wp\/v2\/users\/2"}],"replies":[{"embeddable":true,"href":"https:\/\/www.europesays.com\/lv\/wp-json\/wp\/v2\/comments?post=74274"}],"version-history":[{"count":0,"href":"https:\/\/www.europesays.com\/lv\/wp-json\/wp\/v2\/posts\/74274\/revisions"}],"wp:featuredmedia":[{"embeddable":true,"href":"https:\/\/www.europesays.com\/lv\/wp-json\/wp\/v2\/media\/70058"}],"wp:attachment":[{"href":"https:\/\/www.europesays.com\/lv\/wp-json\/wp\/v2\/media?parent=74274"}],"wp:term":[{"taxonomy":"category","embeddable":true,"href":"https:\/\/www.europesays.com\/lv\/wp-json\/wp\/v2\/categories?post=74274"},{"taxonomy":"post_tag","embeddable":true,"href":"https:\/\/www.europesays.com\/lv\/wp-json\/wp\/v2\/tags?post=74274"}],"curies":[{"name":"wp","href":"https:\/\/api.w.org\/{rel}","templated":true}]}}