{"id":74302,"date":"2025-12-14T14:21:09","date_gmt":"2025-12-14T14:21:09","guid":{"rendered":"https:\/\/www.europesays.com\/lv\/74302\/"},"modified":"2025-12-14T14:21:09","modified_gmt":"2025-12-14T14:21:09","slug":"zelenskis-vitkofs-un-kusners-ieradusies-uz-sarunam-berline","status":"publish","type":"post","link":"https:\/\/www.europesays.com\/lv\/74302\/","title":{"rendered":"Zelenskis, Vitkofs un Ku\u0161ners ieradu\u0161ies uz sarun\u0101m Berl\u012bn\u0113"},"content":{"rendered":"<p>Ce\u013c\u0101 uz Berl\u012bni lietotn\u0113 &#8220;WhatsApp&#8221; audioform\u0101t\u0101 atbildot uz \u017eurn\u0101listu jaut\u0101jumiem, Zelenskis nor\u0101d\u012bja, ka person\u012bgi tiksies ar Vitkofu un Ku\u0161neru.<\/p>\n<p>Zelenskis uzsv\u0113ra, ka, t\u0101 k\u0101 vair\u0101kas NATO valstis ir pret Ukrainas uz\u0146em\u0161anu alians\u0113, Ukrainai no ASV un Eiropas sabiedrotajiem ir j\u0101sa\u0146em stingras dro\u0161\u012bbas garantijas, kas b\u016btu l\u012bdz\u012bgas t\u0101m, k\u0101das tiek pied\u0101v\u0101tas NATO dal\u012bbvalst\u012bm.<\/p>\n<p>&#8220;\u0160\u012bs dro\u0161\u012bbas garantijas ir iesp\u0113ja nov\u0113rst jaunu Krievijas agresijas vilni,&#8221; vi\u0146\u0161 teica, piebilstot, ka &#8220;tas jau ir kompromiss no m\u016bsu puses&#8221;.<\/p>\n<p>Zelenskis uzsv\u0113ra, ka jebkur\u0101m dro\u0161\u012bbas garantij\u0101m b\u016bs j\u0101b\u016bt juridiski saisto\u0161\u0101m un t\u0101s b\u016btu j\u0101atbalsta ASV Kongresam. Vi\u0146\u0161 teica, ka sagaida jaun\u0101ko inform\u0101ciju p\u0113c Ukrainas un ASV milit\u0101ro amatpersonu tik\u0161an\u0101s \u0160tutgart\u0113.<\/p>\n<p>Ukrainas prezidents sac\u012bja, ka sv\u0113tdienas vakar\u0101 vi\u0146\u0161 atsevi\u0161\u0137i tiksies ar V\u0101cijas kancleru Fr\u012bdrihu Mercu un, iesp\u0113jams, ar citiem Eiropas l\u012bderiem. Pla\u0161sazi\u0146as l\u012bdzek\u013ci v\u0113sta, ka pirmdien Berl\u012bn\u0113 gaid\u0101ms samits, kur\u0101 piedal\u012bsies Zelenskis un vair\u0101ku Eiropas valstu l\u012bderi.<\/p>\n","protected":false},"excerpt":{"rendered":"Ce\u013c\u0101 uz Berl\u012bni lietotn\u0113 &#8220;WhatsApp&#8221; audioform\u0101t\u0101 atbildot uz \u017eurn\u0101listu jaut\u0101jumiem, Zelenskis nor\u0101d\u012bja, ka person\u012bgi tiksies ar Vitkofu un&hellip;\n","protected":false},"author":2,"featured_media":74303,"comment_status":"","ping_status":"","sticky":false,"template":"","format":"standard","meta":{"footnotes":""},"categories":[14],"tags":[23,57,1804,28,29,32,33,22,74,30,31,35,39,38,36,37,34,40,20,26,27,14597,24,25,276,178,54,55,56,21,58],"class_list":{"0":"post-74302","1":"post","2":"type-post","3":"status-publish","4":"format-standard","5":"has-post-thumbnail","7":"category-zinas-no-arvalstim","8":"tag-aktualitates","9":"tag-arvalstim","10":"tag-berline","11":"tag-breaking-news","12":"tag-breakingnews","13":"tag-featured-news","14":"tag-featurednews","15":"tag-headlines","16":"tag-krievijas-iebrukums-ukraina","17":"tag-latest-news","18":"tag-latestnews","19":"tag-latvia","20":"tag-latvian","21":"tag-latviesu","22":"tag-latviesu-valoda","23":"tag-latviesuvaloda","24":"tag-latvija","25":"tag-lv","26":"tag-news","27":"tag-popularakas-zinas","28":"tag-popularakaszinas","29":"tag-stivs-vitkofs","30":"tag-top-stories","31":"tag-topstories","32":"tag-ukraina","33":"tag-volodimirs-zelenskis","34":"tag-world","35":"tag-world-news","36":"tag-worldnews","37":"tag-zinas","38":"tag-zinas-no-arvalstim"},"share_on_mastodon":{"url":"https:\/\/pubeurope.com\/@lv\/115718369022995636","error":""},"_links":{"self":[{"href":"https:\/\/www.europesays.com\/lv\/wp-json\/wp\/v2\/posts\/74302","targetHints":{"allow":["GET"]}}],"collection":[{"href":"https:\/\/www.europesays.com\/lv\/wp-json\/wp\/v2\/posts"}],"about":[{"href":"https:\/\/www.europesays.com\/lv\/wp-json\/wp\/v2\/types\/post"}],"author":[{"embeddable":true,"href":"https:\/\/www.europesays.com\/lv\/wp-json\/wp\/v2\/users\/2"}],"replies":[{"embeddable":true,"href":"https:\/\/www.europesays.com\/lv\/wp-json\/wp\/v2\/comments?post=74302"}],"version-history":[{"count":0,"href":"https:\/\/www.europesays.com\/lv\/wp-json\/wp\/v2\/posts\/74302\/revisions"}],"wp:featuredmedia":[{"embeddable":true,"href":"https:\/\/www.europesays.com\/lv\/wp-json\/wp\/v2\/media\/74303"}],"wp:attachment":[{"href":"https:\/\/www.europesays.com\/lv\/wp-json\/wp\/v2\/media?parent=74302"}],"wp:term":[{"taxonomy":"category","embeddable":true,"href":"https:\/\/www.europesays.com\/lv\/wp-json\/wp\/v2\/categories?post=74302"},{"taxonomy":"post_tag","embeddable":true,"href":"https:\/\/www.europesays.com\/lv\/wp-json\/wp\/v2\/tags?post=74302"}],"curies":[{"name":"wp","href":"https:\/\/api.w.org\/{rel}","templated":true}]}}