{"id":74446,"date":"2025-12-14T17:19:12","date_gmt":"2025-12-14T17:19:12","guid":{"rendered":"https:\/\/www.europesays.com\/lv\/74446\/"},"modified":"2025-12-14T17:19:12","modified_gmt":"2025-12-14T17:19:12","slug":"dailslidotajam-kulisam-aicina-pieskirt-latvijas-pilsonibu","status":"publish","type":"post","link":"https:\/\/www.europesays.com\/lv\/74446\/","title":{"rendered":"Dai\u013cslidot\u0101jam Ku\u013ci\u0161am aicina pie\u0161\u0137irt Latvijas pilson\u012bbu"},"content":{"rendered":"<p><a href=\"https:\/\/www.apollo.lv\/term\/555432\/latvija\" class=\"topicLink\" target=\"_blank\" rel=\"nofollow noopener\">Latvija<\/a> ir viena no tikai piec\u0101m valst\u012bm, kas uz olimpiskaj\u0101m sp\u0113l\u0113m \u0161aj\u0101 kategorij\u0101 nopeln\u012bjusi vair\u0101k nek\u0101 vienu ce\u013caz\u012bmi.<\/p>\n<p>Atbalstu pilson\u012bbas ieg\u016b\u0161anai Ku\u013ci\u0161am pau\u017e Latvijas Olimpisk\u0101 komiteja (LOK), nor\u0101dot, ka vi\u0146\u0161 ir talant\u012bgs sportists, kur\u0161 ir demonstr\u0113jis iev\u0113rojamus pan\u0101kumus un \u0101tru progresu.<\/p>\n<p>&#8220;Ku\u013ci\u0161a iz\u0161\u0137iro\u0161ais ieguld\u012bjums 2025. gada Pasaules \u010dempion\u0101t\u0101 ir nodro\u0161in\u0101jis Latvijai v\u0113sturisku iesp\u0113ju pirmo reizi piedal\u012bties olimpiskaj\u0101s sp\u0113l\u0113s ar diviem sportistiem v\u012brie\u0161u dai\u013cslido\u0161anas discipl\u012bn\u0101,&#8221; uzsver LOK, prognoz\u0113jot, ka vi\u0146am ir liels potenci\u0101ls sasniegt atz\u012bstamus rezult\u0101tus starptautisk\u0101 l\u012bmen\u012b, tostarp Mil\u0101nas un Kort\u012bnas d\u2019Ampeco olimpiskaj\u0101s sp\u0113l\u0113s.<\/p>\n<p>Savuk\u0101rt Latvijas Slido\u0161anas asoci\u0101cija papildus sportiskajiem rezult\u0101tiem nor\u0101da, ka Ku\u013ci\u0161s integr\u0113jas Latvijas sabiedr\u012bb\u0101, apg\u016bst latvie\u0161u valodu, iepaz\u012bst Latvijas kult\u016bru, trad\u012bcijas un dz\u012bvesveidu un treni\u0146os, sacens\u012bb\u0101s un ikdienas saskarsm\u0113 apliecina cie\u0146u pret Latvijas valsti, t\u0101s cilv\u0113kiem un v\u0113rt\u012bb\u0101m.<\/p>\n","protected":false},"excerpt":{"rendered":"Latvija ir viena no tikai piec\u0101m valst\u012bm, kas uz olimpiskaj\u0101m sp\u0113l\u0113m \u0161aj\u0101 kategorij\u0101 nopeln\u012bjusi vair\u0101k nek\u0101 vienu ce\u013caz\u012bmi.&hellip;\n","protected":false},"author":2,"featured_media":74447,"comment_status":"","ping_status":"","sticky":false,"template":"","format":"standard","meta":{"footnotes":""},"categories":[17],"tags":[1295,35,39,38,36,37,34,40,18927,67],"class_list":{"0":"post-74446","1":"post","2":"type-post","3":"status-publish","4":"format-standard","5":"has-post-thumbnail","7":"category-sports","8":"tag-dailslidosana","9":"tag-latvia","10":"tag-latvian","11":"tag-latviesu","12":"tag-latviesu-valoda","13":"tag-latviesuvaloda","14":"tag-latvija","15":"tag-lv","16":"tag-pilsoniba","17":"tag-sports"},"share_on_mastodon":{"url":"https:\/\/pubeurope.com\/@lv\/115719068933928449","error":""},"_links":{"self":[{"href":"https:\/\/www.europesays.com\/lv\/wp-json\/wp\/v2\/posts\/74446","targetHints":{"allow":["GET"]}}],"collection":[{"href":"https:\/\/www.europesays.com\/lv\/wp-json\/wp\/v2\/posts"}],"about":[{"href":"https:\/\/www.europesays.com\/lv\/wp-json\/wp\/v2\/types\/post"}],"author":[{"embeddable":true,"href":"https:\/\/www.europesays.com\/lv\/wp-json\/wp\/v2\/users\/2"}],"replies":[{"embeddable":true,"href":"https:\/\/www.europesays.com\/lv\/wp-json\/wp\/v2\/comments?post=74446"}],"version-history":[{"count":0,"href":"https:\/\/www.europesays.com\/lv\/wp-json\/wp\/v2\/posts\/74446\/revisions"}],"wp:featuredmedia":[{"embeddable":true,"href":"https:\/\/www.europesays.com\/lv\/wp-json\/wp\/v2\/media\/74447"}],"wp:attachment":[{"href":"https:\/\/www.europesays.com\/lv\/wp-json\/wp\/v2\/media?parent=74446"}],"wp:term":[{"taxonomy":"category","embeddable":true,"href":"https:\/\/www.europesays.com\/lv\/wp-json\/wp\/v2\/categories?post=74446"},{"taxonomy":"post_tag","embeddable":true,"href":"https:\/\/www.europesays.com\/lv\/wp-json\/wp\/v2\/tags?post=74446"}],"curies":[{"name":"wp","href":"https:\/\/api.w.org\/{rel}","templated":true}]}}