{"id":74462,"date":"2025-12-14T17:35:08","date_gmt":"2025-12-14T17:35:08","guid":{"rendered":"https:\/\/www.europesays.com\/lv\/74462\/"},"modified":"2025-12-14T17:35:08","modified_gmt":"2025-12-14T17:35:08","slug":"latvijas-u20-hokeja-izlases-kandidatiem-pievienojas-17-ziemelamerika-spelejosie-hokejisti","status":"publish","type":"post","link":"https:\/\/www.europesays.com\/lv\/74462\/","title":{"rendered":"Latvijas U20 hokeja izlases kandid\u0101tiem pievienojas 17 Zieme\u013camerik\u0101 sp\u0113l\u0113jo\u0161ie hokejisti"},"content":{"rendered":"<p>Latvijas izlase no n\u0101kam\u0101s ned\u0113\u013cas s\u0101kuma l\u012bdz pasaules \u010dempion\u0101tam aizvad\u012bs treni\u0146nometni Beimid\u017ei pils\u0113t\u0101 ASV.<\/p>\n<p>Pasaules junioru \u010dempion\u0101tam b\u016bs at\u013cauts pieteikt 22 laukuma sp\u0113l\u0113t\u0101jus un tr\u012bs v\u0101rtsargus. Turn\u012bra noteikumi paredz, ka savainotu sp\u0113l\u0113t\u0101ju, kuram trauma neat\u013cauj vair\u0101k piedal\u012bties sacens\u012bb\u0101s, dr\u012bkst aizst\u0101t un pieteikt jaunu hokejistu. Latvijas U20 junioru izlases sast\u0101vs tiks nosaukts dienu pirms turn\u012bra s\u0101kuma 25. decembr\u012b.<\/p>\n<p>Gatavojoties turn\u012bram, Latvijas juniori Minesot\u0101 aizvad\u012bs divas p\u0101rbaudes sp\u0113les. Pusnakt\u012b uz 20. decembri p\u0113c Latvijas laika Arta \u0100bola vad\u012bt\u0101 izlase tiksies ar Slov\u0101kijas vienaud\u017eiem, bet 24. decembr\u012b plkst. 2 p\u0113c Latvijas laika tiksies ar \u0160veices valstsvien\u012bbu.<\/p>\n<p>Latvijas izlase pasaules \u010dempion\u0101t\u0101 sp\u0113kosies vien\u0101 grup\u0101 ar Kan\u0101du, Somiju, D\u0101niju un \u010cehiju. Tikm\u0113r otr\u0101 grup\u0101 sp\u0113l\u0113s Zviedrija, ASV, Slov\u0101kija, \u0160veice un V\u0101cija.<\/p>\n<p>\u010cetras lab\u0101k\u0101s komandas iek\u013c\u016bs ceturtda\u013cfin\u0101l\u0101, bet piekt\u0101s vietas ieguv\u0113ja aizvad\u012bs sp\u0113li par vietas saglab\u0101\u0161anu sp\u0113c\u012bg\u0101kaj\u0101 div\u012bzij\u0101.<\/p>\n<p>2026. gada pasaules \u010dempion\u0101ts junioriem norisin\u0101sies no 26. decembra l\u012bdz 5. janv\u0101rim Sentpol\u0101 un Mineapolis\u0101.<\/p>\n<p>Latvijas U-0 hokeja izlases kandid\u0101ti:<\/p>\n<p>v\u0101rtsargi \u2013 Nils Roberts Mauri\u0146\u0161 (Omahas \u201cLancers\u201d, USHL), Mikus Vecvanags (\u0145\u016bfaundlendas \u201cRegiment\u201d, QMJHL), Ivans Kufterins (Kaml\u016bpsas \u201cBlazers\u201d, WHL);<\/p>\n<p class=\"ad-desc ad-desc-main\">Saturs turpin\u0101s p\u0113c rekl\u0101mas<\/p>\n<p class=\"ad-desc ad-desc-sec\">Rekl\u0101ma<\/p>\n<p>aizsargi \u2013 Alberts \u0160mits (Mikeli \u201cJukurit\u201d, Somija), M\u0101rti\u0146\u0161 V\u012btols (\u201cZemgale\u201d\/LBTU), Oskars Nils Briedis (\u201cLulea\u201d, Zviedrija), Rolands Naglis (\u201cBern\u201d, \u0160veice), Darels U\u013cjanskis (Flintas \u201cFirebirds\u201d, OHL), Kri\u0161j\u0101nis S\u0101rts (Blekfeldas \u201cBulldogs\u201d, BCHL), Krists Retenais, Harijs Cjunskis (abi \u2013 Bruksas \u201cBandits\u201d, BCHL), Mat\u012bss O\u0161\u0101ns (\u0145\u016bd\u017eersijas \u201cRockets\u201d, NCDC), Reinis Auzi\u0146\u0161 (\u0160erbr\u016bkas \u201cPhoenix\u201d, QMJHL);<\/p>\n<p>uzbruc\u0113ji \u2013 Olivers M\u016brnieks (Sentd\u017eonas \u201cSea Dogs\u201d, QMJHL), K\u0101rlis Flugins (Kouvolas \u201cKooKoo\u201d, Somija), Kristers Ansons (\u201cMogo\u201d\/RSU), Dmitrijs Di\u013cevka (Bruksas \u201cBandits\u201d, BCHL), Bruno Osmanis (\u201cBjorkloven\u201d, Zviedrija), Markuss Sieradzkis (\u201cPlzen\u201d, \u010cehija), Maksims Pumpi\u0146\u0161 (\u201cPoruba\u201d, \u010cehija), Roberts Polis (\u201cR\u012bgas Hokeja skola\u201d), Toms Trockis (Vernonas \u201cVipers\u201d, BCHL), R\u016bdolfs B\u0113rzkalns (Mask\u012bgonas \u201cLumberjacks\u201d, USHL), Kristi\u0101ns Utn\u0101ns (Kenai \u201cBrown Bears\u201d, NAHL), Antons Macijevskis (Vatertaunas \u201cShamrocks\u201d, NAHL), Roberts Naudi\u0146\u0161 (\u201cShattuck St.Mary\u2019s\u201d, USHS), Daniels Serkins (\u201cBern\u201d, \u0160veice), Martins Klauc\u0101ns (\u0160erbr\u016bkas \u201cPhoenix\u201d, QMJHL).<\/p>\n<p class=\"tv3-fw-500\">Zi\u0146o par k\u013c\u016bdu rakst\u0101<\/p>\n<p class=\"d-md-block d-none\">Iez\u012bm\u0113 k\u013c\u016bdaino tekstu un spied Ctrl+Enter.<\/p>\n<p class=\"d-md-none d-block\">Iez\u012bm\u0113 k\u013c\u016bdaino tekstu un zi\u0146o par to!<\/p>\n","protected":false},"excerpt":{"rendered":"Latvijas izlase no n\u0101kam\u0101s ned\u0113\u013cas s\u0101kuma l\u012bdz pasaules \u010dempion\u0101tam aizvad\u012bs treni\u0146nometni Beimid\u017ei pils\u0113t\u0101 ASV. Pasaules junioru \u010dempion\u0101tam b\u016bs&hellip;\n","protected":false},"author":2,"featured_media":74463,"comment_status":"","ping_status":"","sticky":false,"template":"","format":"standard","meta":{"footnotes":""},"categories":[5],"tags":[23,28,29,32,33,22,30,31,35,39,38,36,37,34,10196,40,20,26,27,24,25,21],"class_list":{"0":"post-74462","1":"post","2":"type-post","3":"status-publish","4":"format-standard","5":"has-post-thumbnail","7":"category-aktualitates","8":"tag-aktualitates","9":"tag-breaking-news","10":"tag-breakingnews","11":"tag-featured-news","12":"tag-featurednews","13":"tag-headlines","14":"tag-latest-news","15":"tag-latestnews","16":"tag-latvia","17":"tag-latvian","18":"tag-latviesu","19":"tag-latviesu-valoda","20":"tag-latviesuvaloda","21":"tag-latvija","22":"tag-latvijas-u20-izlase-hokejau20-pasaules-cempionats-hokeja","23":"tag-lv","24":"tag-news","25":"tag-popularakas-zinas","26":"tag-popularakaszinas","27":"tag-top-stories","28":"tag-topstories","29":"tag-zinas"},"share_on_mastodon":{"url":"https:\/\/pubeurope.com\/@lv\/115719131844009855","error":""},"_links":{"self":[{"href":"https:\/\/www.europesays.com\/lv\/wp-json\/wp\/v2\/posts\/74462","targetHints":{"allow":["GET"]}}],"collection":[{"href":"https:\/\/www.europesays.com\/lv\/wp-json\/wp\/v2\/posts"}],"about":[{"href":"https:\/\/www.europesays.com\/lv\/wp-json\/wp\/v2\/types\/post"}],"author":[{"embeddable":true,"href":"https:\/\/www.europesays.com\/lv\/wp-json\/wp\/v2\/users\/2"}],"replies":[{"embeddable":true,"href":"https:\/\/www.europesays.com\/lv\/wp-json\/wp\/v2\/comments?post=74462"}],"version-history":[{"count":0,"href":"https:\/\/www.europesays.com\/lv\/wp-json\/wp\/v2\/posts\/74462\/revisions"}],"wp:featuredmedia":[{"embeddable":true,"href":"https:\/\/www.europesays.com\/lv\/wp-json\/wp\/v2\/media\/74463"}],"wp:attachment":[{"href":"https:\/\/www.europesays.com\/lv\/wp-json\/wp\/v2\/media?parent=74462"}],"wp:term":[{"taxonomy":"category","embeddable":true,"href":"https:\/\/www.europesays.com\/lv\/wp-json\/wp\/v2\/categories?post=74462"},{"taxonomy":"post_tag","embeddable":true,"href":"https:\/\/www.europesays.com\/lv\/wp-json\/wp\/v2\/tags?post=74462"}],"curies":[{"name":"wp","href":"https:\/\/api.w.org\/{rel}","templated":true}]}}