{"id":74477,"date":"2025-12-14T18:09:07","date_gmt":"2025-12-14T18:09:07","guid":{"rendered":"https:\/\/www.europesays.com\/lv\/74477\/"},"modified":"2025-12-14T18:09:07","modified_gmt":"2025-12-14T18:09:07","slug":"ukraina-valda-skepse-par-velesanu-rikosanu-kara-apstaklos-lente-lv","status":"publish","type":"post","link":"https:\/\/www.europesays.com\/lv\/74477\/","title":{"rendered":"Ukrain\u0101 valda skepse par v\u0113l\u0113\u0161anu r\u012bko\u0161anu kara apst\u0101k\u013cos\u00a0\u2014\u00a0Lente.lv"},"content":{"rendered":"<p>Ukrainas v\u0113l\u0113\u0161anu dilemmu kara laik\u0101: cer\u012bbas un \u0161aubas<\/p>\n<p>Neskatoties uz Ukrainas prezidenta Volodimira Zelenska pausto gatav\u012bbu organiz\u0113t v\u0113l\u0113\u0161anas, ja tiks nodro\u0161in\u0101ta nepiecie\u0161am\u0101 dro\u0161\u012bba, Ukrainas sabiedr\u012bb\u0101 valda iev\u0113rojama skepse par \u0161\u0101du pas\u0101kumu iesp\u0113jam\u012bbu kara apst\u0101k\u013cos. \u0160is jaut\u0101jums ir izrais\u012bjis pla\u0161as diskusijas gan starp Ukrainas iedz\u012bvot\u0101jiem, gan ekspertiem, atkl\u0101jot dzi\u013cas ba\u017eas par demokr\u0101tisk\u0101 procesa norisi nepieredz\u0113ti sare\u017e\u0123\u012btos apst\u0101k\u013cos.<\/p>\n<p>Dro\u0161\u012bbas jaut\u0101jumi un praktisk\u0101s gr\u016bt\u012bbas<\/p>\n<p>Galvenais \u0161\u0137\u0113rslis v\u0113l\u0113\u0161anu r\u012bko\u0161anai ir past\u0101v\u012bgais Krievijas milit\u0101rais iebrukums, kas rada neatsveramus riskus gan v\u0113l\u0113t\u0101jiem, gan pa\u0161iem kandid\u0101tiem. Ukrainas pilsonisk\u0101s sabiedr\u012bbas p\u0101rst\u0101vji uzsver, ka dro\u0161\u012bbas garant\u0113\u0161ana vis\u0101 valsts teritorij\u0101, ieskaitot frontes l\u012bnijas un okup\u0113t\u0101s teritorijas, ir praktiski neiesp\u0113jama misija. Vi\u0146i nor\u0101da, ka, piem\u0113ram, milit\u0101ro konfliktu skartajos re\u0123ionos, kur past\u0101v\u012bgi notiek ap\u0161audes un ra\u0137e\u0161u uzbrukumi, nodro\u0161in\u0101t br\u012bvu un dro\u0161u balssties\u012bbu \u012bsteno\u0161anu ir nere\u0101li. \u0160\u0101da situ\u0101cijas padara v\u0113l\u0113\u0161anu god\u012bgumu un le\u0123itimit\u0101ti \u013coti ap\u0161aub\u0101mu.<\/p>\n<p>Viedok\u013cu daudzveid\u012bba un sabiedr\u012bbas noska\u0146ojums<\/p>\n<p>Latvijas Radio aptauj\u0101tie Ukrainas iedz\u012bvot\u0101ji bie\u017ei vien pau\u017e pesimistisku skat\u012bjumu uz v\u0113l\u0113\u0161anu iesp\u0113jam\u012bbu. Daudzi uzskata, ka priorit\u0101te pa\u0161laik ir valsts aizsardz\u012bba un vienot\u012bba, nevis politisk\u0101s c\u012b\u0146as. Tom\u0113r ir ar\u012b balsis, kas nor\u0101da, ka ilgsto\u0161a v\u0113l\u0113\u0161anu atlik\u0161ana var\u0113tu graut demokr\u0101tisk\u0101s instit\u016bcijas un rad\u012bt politisko nestabilit\u0101ti n\u0101kotn\u0113. K\u0101ds aptauj\u0101tais min\u0113ja, ka tas ir l\u012bdz\u012bgi k\u0101 m\u0113\u0123in\u0101t izremont\u0113t m\u0101ju v\u0113tras laik\u0101 \u2013 nepiecie\u0161ami stabili pamati un dro\u0161i apst\u0101k\u013ci, lai paveiktu darbu pien\u0101c\u012bgi.<\/p>\n<p>Ekspertu anal\u012bze un starptautiskais aspekts<\/p>\n<p>Politikas anal\u012bti\u0137i Ukrain\u0101 un \u0101rvalst\u012bs nor\u0101da, ka v\u0113l\u0113\u0161anu jaut\u0101jums ir ar\u012b sare\u017e\u0123\u012bts starptautisk\u0101s politikas aspekts. Lai gan Ukrainas sabiedrotie var\u0113tu sniegt tehnisku un finansi\u0101lu atbalstu, vi\u0146u sp\u0113jas garant\u0113t fizisko dro\u0161\u012bbu uz vietas ir ierobe\u017eotas. T\u0101pat past\u0101v jaut\u0101jumi par v\u0113l\u0113t\u0101ju ties\u012bb\u0101m trimd\u0101 un par to, k\u0101 nodro\u0161in\u0101t vienl\u012bdz\u012bgu piek\u013cuvi v\u0113l\u0113\u0161anu procesam visiem Ukrainas pilso\u0146iem, neatkar\u012bgi no vi\u0146u atra\u0161an\u0101s vietas. \u0160obr\u012bd izskat\u0101s, ka l\u012bdz v\u0113l\u0113\u0161an\u0101m Ukrainai v\u0113l t\u0101ls ce\u013c\u0161 ejams, un pirms tam nepiecie\u0161ams atrast risin\u0101jumus daudziem, pat \u013coti s\u0101p\u012bgiem, jaut\u0101jumiem.<\/p>\n","protected":false},"excerpt":{"rendered":"Ukrainas v\u0113l\u0113\u0161anu dilemmu kara laik\u0101: cer\u012bbas un \u0161aubas Neskatoties uz Ukrainas prezidenta Volodimira Zelenska pausto gatav\u012bbu organiz\u0113t v\u0113l\u0113\u0161anas,&hellip;\n","protected":false},"author":2,"featured_media":74478,"comment_status":"","ping_status":"","sticky":false,"template":"","format":"standard","meta":{"footnotes":""},"categories":[14],"tags":[23,57,28,29,18930,14308,32,33,22,18929,30,31,35,39,38,36,37,34,40,20,14098,26,27,24,25,18928,54,55,56,21,58],"class_list":{"0":"post-74477","1":"post","2":"type-post","3":"status-publish","4":"format-standard","5":"has-post-thumbnail","7":"category-zinas-no-arvalstim","8":"tag-aktualitates","9":"tag-arvalstim","10":"tag-breaking-news","11":"tag-breakingnews","12":"tag-demokratija-ukraina","13":"tag-drosibas-garantijas","14":"tag-featured-news","15":"tag-featurednews","16":"tag-headlines","17":"tag-kara-apstakli","18":"tag-latest-news","19":"tag-latestnews","20":"tag-latvia","21":"tag-latvian","22":"tag-latviesu","23":"tag-latviesu-valoda","24":"tag-latviesuvaloda","25":"tag-latvija","26":"tag-lv","27":"tag-news","28":"tag-pilsoniska-sabiedriba","29":"tag-popularakas-zinas","30":"tag-popularakaszinas","31":"tag-top-stories","32":"tag-topstories","33":"tag-ukrainas-velesanas","34":"tag-world","35":"tag-world-news","36":"tag-worldnews","37":"tag-zinas","38":"tag-zinas-no-arvalstim"},"share_on_mastodon":{"url":"https:\/\/pubeurope.com\/@lv\/115719265502194381","error":""},"_links":{"self":[{"href":"https:\/\/www.europesays.com\/lv\/wp-json\/wp\/v2\/posts\/74477","targetHints":{"allow":["GET"]}}],"collection":[{"href":"https:\/\/www.europesays.com\/lv\/wp-json\/wp\/v2\/posts"}],"about":[{"href":"https:\/\/www.europesays.com\/lv\/wp-json\/wp\/v2\/types\/post"}],"author":[{"embeddable":true,"href":"https:\/\/www.europesays.com\/lv\/wp-json\/wp\/v2\/users\/2"}],"replies":[{"embeddable":true,"href":"https:\/\/www.europesays.com\/lv\/wp-json\/wp\/v2\/comments?post=74477"}],"version-history":[{"count":0,"href":"https:\/\/www.europesays.com\/lv\/wp-json\/wp\/v2\/posts\/74477\/revisions"}],"wp:featuredmedia":[{"embeddable":true,"href":"https:\/\/www.europesays.com\/lv\/wp-json\/wp\/v2\/media\/74478"}],"wp:attachment":[{"href":"https:\/\/www.europesays.com\/lv\/wp-json\/wp\/v2\/media?parent=74477"}],"wp:term":[{"taxonomy":"category","embeddable":true,"href":"https:\/\/www.europesays.com\/lv\/wp-json\/wp\/v2\/categories?post=74477"},{"taxonomy":"post_tag","embeddable":true,"href":"https:\/\/www.europesays.com\/lv\/wp-json\/wp\/v2\/tags?post=74477"}],"curies":[{"name":"wp","href":"https:\/\/api.w.org\/{rel}","templated":true}]}}