{"id":74486,"date":"2025-12-14T18:28:08","date_gmt":"2025-12-14T18:28:08","guid":{"rendered":"https:\/\/www.europesays.com\/lv\/74486\/"},"modified":"2025-12-14T18:28:08","modified_gmt":"2025-12-14T18:28:08","slug":"si-briza-dabas-aizsardzibas-piedavatais-plans-nevar-tikt-realizets-tas-ir-jauzlabo","status":"publish","type":"post","link":"https:\/\/www.europesays.com\/lv\/74486\/","title":{"rendered":"\u0160\u012b br\u012b\u017ea Dabas aizsardz\u012bbas pied\u0101v\u0101tais pl\u0101ns nevar tikt realiz\u0113ts, tas ir j\u0101uzlabo"},"content":{"rendered":"<p>Latvij\u0101 par aizsarg\u0101jam\u0101m noteikti aptuveni 16% j\u016bras teritorijas, ta\u010du Eiropas Savien\u012bbas strat\u0113\u0123ija par biolo\u0123isk\u0101s daudzveid\u012bbas saglab\u0101\u0161anu prasa aizsarg\u0101t vismaz 30%.<\/p>\n<p>2019.gad\u0101 Eiropas Komisija uzs\u0101ka p\u0101rk\u0101puma proced\u016bru pret Latviju par savva\u013cas aizsardz\u012bbas direkt\u012bvas neiev\u0113ro\u0161anu. Lai risin\u0101tu abus jaut\u0101jumus, vides sargi izstr\u0101d\u0101ja jaunu dabas aizsardz\u012bbas pl\u0101nu, par aizsarg\u0101jamu pied\u0101v\u0101jot noteikt gandr\u012bz visu piekrasti.<\/p>\n<p>Pl\u0101n\u0101 p\u0101rvalde balst\u012bj\u0101s uz zin\u0101tnieku izp\u0113t\u012bto un rekomend\u0101cij\u0101m. Viens no pied\u0101v\u0101jumiem \u2013 ierobe\u017eot zveju dabas lieguma teritorij\u0101. Praktiski tas noz\u012bm\u0113tu, ka zvejot nedr\u012bkst\u0113tu gandr\u012bz vis\u0101 piekrastes zon\u0101. Iz\u0146\u0113mums var\u0113tu b\u016bt invaz\u012bv\u0101s sugas, no kur\u0101m Latvij\u0101 \u0137er tikai apa\u013co j\u016brasgrunduli.<\/p>\n<p>Apjom\u012bgais dokuments ir uz gandr\u012bz 400 lap\u0101m. Taj\u0101 detaliz\u0113ti aprakst\u012btas, piem\u0113ram, piekrastes zvejas tendences nepilnu 30 gadu period\u0101 &#8211; p\u0113rn piekrastes nozveja bija 3071 tonna jeb 3% no visas Latvijas nozvejas. Bet iztr\u016bkst pamatojuma, k\u0101 tas ietekm\u0113 j\u016bras ekosist\u0113mu un k\u0101p\u0113c tie\u0161i to b\u016btu j\u0101ierobe\u017eo.<\/p>\n<p>Kop\u0161 2021.gada piekrastes zvejniekiem ir pieejams atbalsts no Eiropas Savien\u012bbas fondiem. L\u012bdz \u0161im pie\u0161\u0137irti vair\u0101k nek\u0101 2,6 miljoni eiro 105 projektu \u012bsteno\u0161anai. Zvejas aizlieg\u0161ana piekrast\u0113 noz\u012bm\u0113tu, ka faktiski nav iesp\u0113jams izpild\u012bt finans\u0113juma sa\u0146em\u0161anas nosac\u012bjumus.<\/p>\n<p>P\u0113c zvejnieku kritikas Vied\u0101s administr\u0101cijas un re\u0123ion\u0101l\u0101s att\u012bst\u012bbas ministrs <a href=\"https:\/\/www.apollo.lv\/term\/698154\/raimonds-cudars\" class=\"topicLink\" target=\"_blank\" rel=\"nofollow noopener\">Raimonds \u010cudars<\/a> \u0161oned\u0113\u013c pazi\u0146oja, ka aptur priek\u0161likuma virz\u012bbu un ka tas ir j\u0101p\u0101rstr\u0101d\u0101.<\/p>\n<p>Zin\u0101tnieki apspried\u0113 \u0136emeros skaidroja, ka pied\u0101v\u0101jums b\u016btu ierobe\u017eot piekrastes zveju \u0161aj\u0101s zon\u0101s vismaz uz da\u017eiem gadiem un p\u0113c k\u0101 vi\u0146i prognoz\u0113, ka nozveja b\u016btu liel\u0101ka. Aroda p\u0101rst\u0101vji iebilda ar\u012b pret to, argument\u0113jot, ka p\u0113c \u0161\u0101da aizlieguma profesija b\u016btu izzudusi.<\/p>\n","protected":false},"excerpt":{"rendered":"Latvij\u0101 par aizsarg\u0101jam\u0101m noteikti aptuveni 16% j\u016bras teritorijas, ta\u010du Eiropas Savien\u012bbas strat\u0113\u0123ija par biolo\u0123isk\u0101s daudzveid\u012bbas saglab\u0101\u0161anu prasa aizsarg\u0101t&hellip;\n","protected":false},"author":2,"featured_media":74487,"comment_status":"","ping_status":"","sticky":false,"template":"","format":"standard","meta":{"footnotes":""},"categories":[12],"tags":[23,18932,28,29,32,33,22,30,31,35,39,38,36,37,34,40,20,26,27,3492,24,25,21,18933],"class_list":{"0":"post-74486","1":"post","2":"type-post","3":"status-publish","4":"format-standard","5":"has-post-thumbnail","7":"category-latvija","8":"tag-aktualitates","9":"tag-berzciems","10":"tag-breaking-news","11":"tag-breakingnews","12":"tag-featured-news","13":"tag-featurednews","14":"tag-headlines","15":"tag-latest-news","16":"tag-latestnews","17":"tag-latvia","18":"tag-latvian","19":"tag-latviesu","20":"tag-latviesu-valoda","21":"tag-latviesuvaloda","22":"tag-latvija","23":"tag-lv","24":"tag-news","25":"tag-popularakas-zinas","26":"tag-popularakaszinas","27":"tag-raimonds-cudars","28":"tag-top-stories","29":"tag-topstories","30":"tag-zinas","31":"tag-zvejnieki"},"share_on_mastodon":{"url":"https:\/\/pubeurope.com\/@lv\/115719340494146739","error":""},"_links":{"self":[{"href":"https:\/\/www.europesays.com\/lv\/wp-json\/wp\/v2\/posts\/74486","targetHints":{"allow":["GET"]}}],"collection":[{"href":"https:\/\/www.europesays.com\/lv\/wp-json\/wp\/v2\/posts"}],"about":[{"href":"https:\/\/www.europesays.com\/lv\/wp-json\/wp\/v2\/types\/post"}],"author":[{"embeddable":true,"href":"https:\/\/www.europesays.com\/lv\/wp-json\/wp\/v2\/users\/2"}],"replies":[{"embeddable":true,"href":"https:\/\/www.europesays.com\/lv\/wp-json\/wp\/v2\/comments?post=74486"}],"version-history":[{"count":0,"href":"https:\/\/www.europesays.com\/lv\/wp-json\/wp\/v2\/posts\/74486\/revisions"}],"wp:featuredmedia":[{"embeddable":true,"href":"https:\/\/www.europesays.com\/lv\/wp-json\/wp\/v2\/media\/74487"}],"wp:attachment":[{"href":"https:\/\/www.europesays.com\/lv\/wp-json\/wp\/v2\/media?parent=74486"}],"wp:term":[{"taxonomy":"category","embeddable":true,"href":"https:\/\/www.europesays.com\/lv\/wp-json\/wp\/v2\/categories?post=74486"},{"taxonomy":"post_tag","embeddable":true,"href":"https:\/\/www.europesays.com\/lv\/wp-json\/wp\/v2\/tags?post=74486"}],"curies":[{"name":"wp","href":"https:\/\/api.w.org\/{rel}","templated":true}]}}