{"id":74488,"date":"2025-12-14T18:29:23","date_gmt":"2025-12-14T18:29:23","guid":{"rendered":"https:\/\/www.europesays.com\/lv\/74488\/"},"modified":"2025-12-14T18:29:23","modified_gmt":"2025-12-14T18:29:23","slug":"kapec-slegti-visi-narvesen-kioski-ogre","status":"publish","type":"post","link":"https:\/\/www.europesays.com\/lv\/74488\/","title":{"rendered":"K\u0101p\u0113c sl\u0113gti visi &#8220;Narvesen&#8221; kioski Ogr\u0113"},"content":{"rendered":"<p>Ogr\u0113 sl\u0113gti visi tirdzniec\u012bbas uz\u0146\u0113muma &#8220;<a rel=\"noopener nofollow\" target=\"_blank\" href=\"https:\/\/www.delfi.lv\/temas\/40536459\/narvesen\" tag-id=\"40536459\">Narvesen<\/a>&#8221; kioski, nov\u0113roja &#8220;Delfi Bizness&#8221;.<\/p>\n<p>&#8220;Uz\u0146\u0113muma pamats ir fran\u0161\u012bzes \u0146\u0113m\u0113ji un veiksm\u012bga tirdzniec\u012bbas vietu darb\u012bba. Gan atverot jaunu veikalu, gan atbalstot fran\u0161\u012bzes \u0146\u0113m\u0113jus ikdienas darb\u0101, m\u0113s uz\u0146\u0113mum\u0101 past\u0101v\u012bgi risin\u0101m sarunas, lai nodro\u0161in\u0101tu, ka ikviens veikals darbojas optim\u0101l\u0101 re\u017e\u012bm\u0101 un ar maksim\u0101lo ienes\u012bgumu. L\u0113mums par k\u0101das tirdzniec\u012bbas vietas sl\u0113g\u0161anu ir sare\u017e\u0123\u012bts un gr\u016bts, ta\u010du vienm\u0113r pamatots tie\u0161i finan\u0161u r\u0101d\u012bt\u0101jos un klientu pl\u016bsmas nov\u0113rt\u0113jum\u0101,&#8221; nor\u0101da Dumceva. <\/p>\n<p>&#8220;\u0145emot v\u0113r\u0101 zemo piepras\u012bjumu, &#8220;Narvesen&#8221; \u0161obr\u012bd nepl\u0101no atv\u0113rt jaunas tirdzniec\u012bbas vietas Ogr\u0113. Uz\u0146\u0113mums pl\u0101no att\u012bst\u012bt tirdzniec\u012bbas vietas, kur past\u0101v\u012bgi ir liela cilv\u0113ku pl\u016bsma. Vienlaikus j\u0101nor\u0101da, apst\u0101k\u013ciem mainoties, uz\u0146\u0113mums neizsl\u0113dz iesp\u0113ju n\u0101kotn\u0113 atv\u0113rt tirdzniec\u012bbas vietas ar\u012b Ogr\u0113,&#8221; uzsver Dumceva. <\/p>\n<p class=\"m-0\">Seko &#8220;Delfi&#8221; ar\u012b  <a target=\"_blank\" href=\"https:\/\/www.instagram.com\/delfi.lv\/\" rel=\"nofollow noopener\">Instagram<\/a>  un <a target=\"_blank\" href=\"https:\/\/www.youtube.com\/channel\/UCw5foWtcJvAbUm64rv7jwUQ\" rel=\"nofollow noopener\">YouTube<\/a>  profil\u0101 \u2013 pievienojies, lai uzzin\u0101tu svar\u012bg\u0101ko un interesant\u0101ko pirmais!<\/p>\n<p>Publik\u0101cijas saturs vai t\u0101s jebk\u0101da apjoma da\u013ca ir aizsarg\u0101ts autorties\u012bbu objekts Autorties\u012bbu likuma izpratn\u0113, un t\u0101 izmanto\u0161ana bez izdev\u0113ja at\u013caujas ir aizliegta. Vair\u0101k lasi  <a target=\"_blank\" href=\"https:\/\/www.delfi.lv\/noteikumi#autortiesibas\" rel=\"nofollow noopener\">\u0161eit<\/a><script async src=\"\/\/www.instagram.com\/embed.js\"><\/script><\/p>\n","protected":false},"excerpt":{"rendered":"Ogr\u0113 sl\u0113gti visi tirdzniec\u012bbas uz\u0146\u0113muma &#8220;Narvesen&#8221; kioski, nov\u0113roja &#8220;Delfi Bizness&#8221;. &#8220;Uz\u0146\u0113muma pamats ir fran\u0161\u012bzes \u0146\u0113m\u0113ji un veiksm\u012bga tirdzniec\u012bbas&hellip;\n","protected":false},"author":2,"featured_media":74489,"comment_status":"","ping_status":"","sticky":false,"template":"","format":"standard","meta":{"footnotes":""},"categories":[5],"tags":[23,28,29,32,33,22,30,31,35,39,38,36,37,34,40,18934,20,26,27,24,25,21],"class_list":{"0":"post-74488","1":"post","2":"type-post","3":"status-publish","4":"format-standard","5":"has-post-thumbnail","7":"category-aktualitates","8":"tag-aktualitates","9":"tag-breaking-news","10":"tag-breakingnews","11":"tag-featured-news","12":"tag-featurednews","13":"tag-headlines","14":"tag-latest-news","15":"tag-latestnews","16":"tag-latvia","17":"tag-latvian","18":"tag-latviesu","19":"tag-latviesu-valoda","20":"tag-latviesuvaloda","21":"tag-latvija","22":"tag-lv","23":"tag-narvesen","24":"tag-news","25":"tag-popularakas-zinas","26":"tag-popularakaszinas","27":"tag-top-stories","28":"tag-topstories","29":"tag-zinas"},"share_on_mastodon":{"url":"https:\/\/pubeurope.com\/@lv\/115719344102238409","error":""},"_links":{"self":[{"href":"https:\/\/www.europesays.com\/lv\/wp-json\/wp\/v2\/posts\/74488","targetHints":{"allow":["GET"]}}],"collection":[{"href":"https:\/\/www.europesays.com\/lv\/wp-json\/wp\/v2\/posts"}],"about":[{"href":"https:\/\/www.europesays.com\/lv\/wp-json\/wp\/v2\/types\/post"}],"author":[{"embeddable":true,"href":"https:\/\/www.europesays.com\/lv\/wp-json\/wp\/v2\/users\/2"}],"replies":[{"embeddable":true,"href":"https:\/\/www.europesays.com\/lv\/wp-json\/wp\/v2\/comments?post=74488"}],"version-history":[{"count":0,"href":"https:\/\/www.europesays.com\/lv\/wp-json\/wp\/v2\/posts\/74488\/revisions"}],"wp:featuredmedia":[{"embeddable":true,"href":"https:\/\/www.europesays.com\/lv\/wp-json\/wp\/v2\/media\/74489"}],"wp:attachment":[{"href":"https:\/\/www.europesays.com\/lv\/wp-json\/wp\/v2\/media?parent=74488"}],"wp:term":[{"taxonomy":"category","embeddable":true,"href":"https:\/\/www.europesays.com\/lv\/wp-json\/wp\/v2\/categories?post=74488"},{"taxonomy":"post_tag","embeddable":true,"href":"https:\/\/www.europesays.com\/lv\/wp-json\/wp\/v2\/tags?post=74488"}],"curies":[{"name":"wp","href":"https:\/\/api.w.org\/{rel}","templated":true}]}}