{"id":74539,"date":"2025-12-14T19:11:11","date_gmt":"2025-12-14T19:11:11","guid":{"rendered":"https:\/\/www.europesays.com\/lv\/74539\/"},"modified":"2025-12-14T19:11:11","modified_gmt":"2025-12-14T19:11:11","slug":"hermanis-vienigais-pretlidzeklis-ka-pasargat-musu-latviju-100-imigracijas-apturesana-un-deportacijas-atpakal-uz-majam-nekavejoties","status":"publish","type":"post","link":"https:\/\/www.europesays.com\/lv\/74539\/","title":{"rendered":"Hermanis: Vien\u012bgais pretl\u012bdzeklis k\u0101 pasarg\u0101t m\u016bsu Latviju \u2013 100% imigr\u0101cijas aptur\u0113\u0161ana un deport\u0101cijas atpaka\u013c uz m\u0101j\u0101m nekav\u0113joties"},"content":{"rendered":"<p>    <img decoding=\"async\" src=\"https:\/\/www.europesays.com\/lv\/wp-content\/uploads\/2025\/12\/Hermanis_Zane_Bitere_Leta_4-800x530.jpg\" alt=\"&#10;Alvis Hermanis.&#10;\"\/><\/p>\n<p>Alvis Hermanis.<\/p>\n<p>Foto: Zane Bitere\/LETA\n<\/p>\n<p>17:36, 14. decembris 2025<\/p>\n<p>Austr\u0101lij\u0101, Sidnejas Bondi pludmal\u0113, sv\u0113tdien divi uzbruc\u0113ji ap\u0161aud\u012bju\u0161i ebreju Hanukas sv\u0113tku pas\u0101kumu, nogalinot 11 un ievainojot 27 cilv\u0113kus, pav\u0113st\u012bjusi policija.<\/p>\n<p>        Las\u012bt\u0101kie<br \/>\n        <a data-imagesrc=\"{&quot;300&quot;:&quot;https:\\\/\\\/lastatic.ams3.cdn.digitaloceanspaces.com\\\/2025\\\/12\\\/LET_24688200-300x198.jpg&quot;,&quot;1024&quot;:&quot;https:\\\/\\\/lastatic.ams3.cdn.digitaloceanspaces.com\\\/2025\\\/12\\\/LET_24688200-1024x677.jpg&quot;,&quot;1536&quot;:&quot;https:\\\/\\\/lastatic.ams3.cdn.digitaloceanspaces.com\\\/2025\\\/12\\\/LET_24688200-1536x1015.jpg&quot;,&quot;500&quot;:&quot;https:\\\/\\\/lastatic.ams3.cdn.digitaloceanspaces.com\\\/2025\\\/12\\\/LET_24688200-500x330.jpg&quot;,&quot;800&quot;:&quot;https:\\\/\\\/lastatic.ams3.cdn.digitaloceanspaces.com\\\/2025\\\/12\\\/LET_24688200-800x529.jpg&quot;,&quot;2560&quot;:&quot;https:\\\/\\\/lastatic.ams3.cdn.digitaloceanspaces.com\\\/2025\\\/12\\\/LET_24688200-scaled.jpg&quot;}\" data-focuspoint=\"&quot;&quot;\" data-p=\"2480638\" href=\"https:\/\/www.la.lv\/video-jau-divas-avarijas-bet-cela-tiritaja-neviena-ko-jus-gaidat-martins-nikns-par-gauso-darbu-uz-a9\" class=\"content-item lazy-load\" wp_automatic_readability=\"27.5\" rel=\"nofollow noopener\" target=\"_blank\"><\/p>\n<p>                                <img decoding=\"async\" src=\"\" alt=\"\" style=\"\" data-imageid=\"\"\/><\/p>\n<p>                                            VIDEO. \u201cJau divas av\u0101rijas, bet ce\u013ca t\u012br\u012bt\u0101ja neviena, ko j\u016bs gaid\u0101t?\u201d M\u0101rti\u0146\u0161 nikns par gauso darbu uz A9<\/p>\n<p><\/a><a data-imagesrc=\"{&quot;300&quot;:&quot;https:\\\/\\\/lastatic.ams3.cdn.digitaloceanspaces.com\\\/2025\\\/12\\\/LET_24882854-300x191.jpg&quot;,&quot;1024&quot;:&quot;https:\\\/\\\/lastatic.ams3.cdn.digitaloceanspaces.com\\\/2025\\\/12\\\/LET_24882854-1024x651.jpg&quot;,&quot;1536&quot;:&quot;https:\\\/\\\/lastatic.ams3.cdn.digitaloceanspaces.com\\\/2025\\\/12\\\/LET_24882854-1536x976.jpg&quot;,&quot;500&quot;:&quot;https:\\\/\\\/lastatic.ams3.cdn.digitaloceanspaces.com\\\/2025\\\/12\\\/LET_24882854-500x318.jpg&quot;,&quot;800&quot;:&quot;https:\\\/\\\/lastatic.ams3.cdn.digitaloceanspaces.com\\\/2025\\\/12\\\/LET_24882854-800x508.jpg&quot;,&quot;2560&quot;:&quot;https:\\\/\\\/lastatic.ams3.cdn.digitaloceanspaces.com\\\/2025\\\/12\\\/LET_24882854-scaled.jpg&quot;}\" data-focuspoint=\"&quot;&quot;\" data-p=\"2478699\" href=\"https:\/\/www.la.lv\/foto-dzemdibas-noskirti-dvini-atklats-ka-musu-saeima-strada-divi-pilnigi-identiski-deputati\" class=\"content-item lazy-load\" wp_automatic_readability=\"27\" rel=\"nofollow noopener\" target=\"_blank\"><\/p>\n<p>                                <img decoding=\"async\" src=\"\" alt=\"\" style=\"\" data-imageid=\"\"\/><\/p>\n<p>                                Kokteilis<\/p>\n<p>\n                                                FOTO. Dzemd\u012bb\u0101s no\u0161\u0137irti dv\u012b\u0146i? Atkl\u0101ts, ka m\u016bsu Saeim\u0101 str\u0101d\u0101 divi piln\u012bgi identiski deput\u0101ti\n                            <\/p>\n<p><\/a><a data-imagesrc=\"{&quot;300&quot;:&quot;https:\\\/\\\/lastatic.ams3.cdn.digitaloceanspaces.com\\\/2025\\\/12\\\/12564832-300x208.jpg&quot;,&quot;1024&quot;:&quot;https:\\\/\\\/lastatic.ams3.cdn.digitaloceanspaces.com\\\/2025\\\/12\\\/12564832-1024x709.jpg&quot;,&quot;1536&quot;:&quot;https:\\\/\\\/lastatic.ams3.cdn.digitaloceanspaces.com\\\/2025\\\/12\\\/12564832-1536x1064.jpg&quot;,&quot;500&quot;:&quot;https:\\\/\\\/lastatic.ams3.cdn.digitaloceanspaces.com\\\/2025\\\/12\\\/12564832-500x346.jpg&quot;,&quot;800&quot;:&quot;https:\\\/\\\/lastatic.ams3.cdn.digitaloceanspaces.com\\\/2025\\\/12\\\/12564832-800x554.jpg&quot;,&quot;2560&quot;:&quot;https:\\\/\\\/lastatic.ams3.cdn.digitaloceanspaces.com\\\/2025\\\/12\\\/12564832-scaled.jpg&quot;}\" data-focuspoint=\"&quot;&quot;\" data-p=\"2480648\" href=\"https:\/\/www.la.lv\/runajiet-par-erkski-baltijas-valstu-drosibas-puse-krievijas-uzbrukumiem-eiropa-ir-vel-viens-iemesls\" class=\"content-item lazy-load\" wp_automatic_readability=\"26.5\" rel=\"nofollow noopener\" target=\"_blank\"><\/p>\n<p>                                <img decoding=\"async\" src=\"\" alt=\"\" style=\"\" data-imageid=\"\"\/><\/p>\n<p>\n                                                Run\u0101jiet par \u201c\u0113rk\u0161\u0137i\u201d Baltijas valstu dro\u0161\u012bbas pus\u0113: atkal glob\u0101li izskan Latvijas v\u0101rds<\/p>\n<p><\/a><br \/>\n        <a class=\"read-more\" href=\"https:\/\/www.la.lv\/top\" rel=\"nofollow noopener\" target=\"_blank\">Las\u012bt citas zi\u0146as<\/a><\/p>\n<p>Policisti atkl\u0101ju\u0161i uguni uz uzbruc\u0113jiem, vienu no vi\u0146iem nogalinot, bet otru ievainojot. Ap\u0161aud\u0113 ar uzbruc\u0113jiem ievainoti divi policisti. Viedoklis par notiku\u0161o ir ar\u012b Alvim Hermanis, vi\u0146\u0161 velk paral\u0113les ar dz\u012bvi Latvij\u0101 un situ\u0101ciju \u0161eit. <\/p>\n<p>\u201c\u0160odienas masu slepkav\u012bbas Sidnejas pludmal\u0113 jau kuro reizi pier\u0101da, ka tas ir ne\u0101rst\u0113jami un nekad nebeigsies. Vien\u012bgais pretl\u012bdzeklis k\u0101 pasarg\u0101t m\u016bsu Latviju \u2013 tot\u0101la 100% imigr\u0101cijas aptur\u0113\u0161ana un deport\u0101cijas atpaka\u013c uz m\u0101j\u0101m nekav\u0113joties. Turkl\u0101t \u2013 visas viet\u0113j\u0101s politisk\u0101s un NVO organiz\u0101cijas, medijus un personas, kuras \u0161o imigr\u0101cijas politiku aizst\u0101v, j\u0101pasludina \u0101rpus likuma par valsts dro\u0161\u012bbas apdraud\u0113\u0161anu un terorisma atbalst\u012b\u0161anu.<\/p>\n<p>    CITI \u0160OBR\u012aD LASA<\/p>\n<p> Pag\u0101ju\u0161i 10 gadi, kop\u0161 Par\u012bzes 2015.gada slakti\u0146a, kad visi Eiropas un viet\u0113jie velkamisti mani kancel\u0113ja un pasludin\u0101ja par ienaidnieku par v\u0101rdiem, kurus atk\u0101rtoju \u0161eit v\u0113lreiz: isl\u0101ms ir Rietumu civiliz\u0101cijas n\u0101ve. T\u0101s vienk\u0101r\u0161i nav savienojamas lietas.<\/p>\n<p> Es vakar atgriezos no 2 ned\u0113\u013cu ce\u013cojuma pa Zieme\u013c\u0101friku. Man \u013coti pat\u012bk un pat fascin\u0113 musulma\u0146u reli\u0123ija un kult\u016bra. Bet tikai tur, pie vi\u0146iem. Un nevis \u0161eit, Eirop\u0101. Ce\u013cojuma laik\u0101 ciemojos un 3 dienas nodz\u012bvoju ar\u012b pie sava drauga. Vi\u0146a v\u0101rds ir Mustafa. Ar\u012b vi\u0146\u0161 ne\u0161aub\u0101s, ka musulma\u0146u Eiropas p\u0101r\u0146em\u0161ana ir pl\u0101ns un tas ir tikai laika jaut\u0101jums. Imigr\u0101cija plus viet\u0113j\u0101 demogr\u0101fija. <\/p>\n<p>Rietumeirop\u0101 pilso\u0146u kar\u0161 jau tagad ir neizb\u0113gams. To jau tagad saprot daudzi. Latvijai v\u0113l iesp\u0113ja savu n\u0101ves spriedumu novilcin\u0101t.  Bet vai atlikt? Diez vai,\u201d vieodokli publiski paudis Alvis Hermanis. <\/p>\n<p>Jau zi\u0146ots, ka ievainotais uzbruc\u0113js ir kritisk\u0101 st\u0101vokl\u012b. Policija vi\u0146u aiztur\u0113jusi.<\/p>\n<p>T\u012bmekl\u012b izplat\u012btajos videoierakstos redzams, k\u0101 divi bru\u0146oti v\u012brie\u0161i, kas \u0123\u0113rbu\u0161ies meln\u0101s dr\u0113b\u0113s, atkl\u0101j uguni no tilti\u0146a, kas savieno autost\u0101vvietu ar pludmali, cilv\u0113ki b\u0113g, k\u0101 ari dzirdami kliedzieni. Austr\u0101lijas telev\u012bzij\u0101 par\u0101d\u012bts videoieraksts, kur\u0101 k\u0101ds v\u012brietis vienam no uzbruc\u0113jiem at\u0146em ieroci.<\/p>\n<p>Laikraksts \u201cThe Sydney Morning Herald\u201d zi\u0146o, ka raid\u012bti vair\u0101ki desmiti \u0161\u0101vienu.<\/p>\n<p>P\u0101rbaudot notikuma vietu, policisti atradu\u0161i automobili, kur\u0101 biju\u0161as pa\u0161izgatavotas spr\u0101gstier\u012bces. Automa\u0161\u012bna ir saist\u012bta ar no\u0161auto uzbruc\u0113ju.<\/p>\n<p>Austr\u0101lijas premjerministrs Entonijs Alban\u012bzs telev\u012bzijas uzrun\u0101 sac\u012bja, ka \u201c\u0161is ir m\u0113r\u0137tiec\u012bgs uzbrukums Austr\u0101lijas ebrejiem pirmaj\u0101 Hanukas dien\u0101, kurai vajadz\u0113tu b\u016bt prieka dienai, tic\u012bbas sv\u0113tkiem, \u2013 \u013caunuma, antisem\u012btisma, terorisma akts, kas ir sk\u0101ris m\u016bsu tautas sirdi\u201d..<\/p>\n<p>\u201cUzbrukums Austr\u0101lijas ebrejiem ir uzbrukums ikvienam austr\u0101lietim,\u201d uzsv\u0113ra Alban\u012bzs.<\/p>\n<p>Izra\u0113las prezidents Ichaks Hercogs notiku\u0161o nosauca par \u201cne\u017e\u0113l\u012bgu uzbrukumu ebrejiem\u201d un aicin\u0101ja pastiprin\u0101t antisem\u012btisma apkaro\u0161anu Austr\u0101lij\u0101.<\/p>\n<p>Eiropas Komisijas priek\u0161s\u0113d\u0113t\u0101ja Urzula fon der Leiena platform\u0101 \u201cX\u201d ierakst\u012bja, ka \u201cEiropa ir kop\u0101 ar Austr\u0101liju un ebreju kopien\u0101m vis\u0101 pasaul\u0113\u201d.<\/p>\n<p>\u201cM\u0113s esam vienoti pret vardarb\u012bbu, antisem\u012btismu un naidu,\u201d vi\u0146a uzsv\u0113ra.<\/p>\n<p>Hanukas svin\u0113\u0161anas pas\u0101kums \u201cHanuka pie j\u016bras\u201d Bondi pludmal\u0113 tiek r\u012bkots katru gadu.<\/p>\n<p>T\u0113mas<\/p>\n<p>    SAIST\u012aTIE RAKSTI<\/p>\n","protected":false},"excerpt":{"rendered":"Alvis Hermanis. Foto: Zane Bitere\/LETA 17:36, 14. decembris 2025 Austr\u0101lij\u0101, Sidnejas Bondi pludmal\u0113, sv\u0113tdien divi uzbruc\u0113ji ap\u0161aud\u012bju\u0161i ebreju&hellip;\n","protected":false},"author":2,"featured_media":18694,"comment_status":"","ping_status":"","sticky":false,"template":"","format":"standard","meta":{"footnotes":""},"categories":[5],"tags":[23,28,29,32,33,22,30,31,35,39,38,36,37,34,40,20,26,27,24,25,21],"class_list":{"0":"post-74539","1":"post","2":"type-post","3":"status-publish","4":"format-standard","5":"has-post-thumbnail","7":"category-aktualitates","8":"tag-aktualitates","9":"tag-breaking-news","10":"tag-breakingnews","11":"tag-featured-news","12":"tag-featurednews","13":"tag-headlines","14":"tag-latest-news","15":"tag-latestnews","16":"tag-latvia","17":"tag-latvian","18":"tag-latviesu","19":"tag-latviesu-valoda","20":"tag-latviesuvaloda","21":"tag-latvija","22":"tag-lv","23":"tag-news","24":"tag-popularakas-zinas","25":"tag-popularakaszinas","26":"tag-top-stories","27":"tag-topstories","28":"tag-zinas"},"share_on_mastodon":{"url":"https:\/\/pubeurope.com\/@lv\/115719509427966746","error":""},"_links":{"self":[{"href":"https:\/\/www.europesays.com\/lv\/wp-json\/wp\/v2\/posts\/74539","targetHints":{"allow":["GET"]}}],"collection":[{"href":"https:\/\/www.europesays.com\/lv\/wp-json\/wp\/v2\/posts"}],"about":[{"href":"https:\/\/www.europesays.com\/lv\/wp-json\/wp\/v2\/types\/post"}],"author":[{"embeddable":true,"href":"https:\/\/www.europesays.com\/lv\/wp-json\/wp\/v2\/users\/2"}],"replies":[{"embeddable":true,"href":"https:\/\/www.europesays.com\/lv\/wp-json\/wp\/v2\/comments?post=74539"}],"version-history":[{"count":0,"href":"https:\/\/www.europesays.com\/lv\/wp-json\/wp\/v2\/posts\/74539\/revisions"}],"wp:featuredmedia":[{"embeddable":true,"href":"https:\/\/www.europesays.com\/lv\/wp-json\/wp\/v2\/media\/18694"}],"wp:attachment":[{"href":"https:\/\/www.europesays.com\/lv\/wp-json\/wp\/v2\/media?parent=74539"}],"wp:term":[{"taxonomy":"category","embeddable":true,"href":"https:\/\/www.europesays.com\/lv\/wp-json\/wp\/v2\/categories?post=74539"},{"taxonomy":"post_tag","embeddable":true,"href":"https:\/\/www.europesays.com\/lv\/wp-json\/wp\/v2\/tags?post=74539"}],"curies":[{"name":"wp","href":"https:\/\/api.w.org\/{rel}","templated":true}]}}