{"id":74548,"date":"2025-12-14T19:22:09","date_gmt":"2025-12-14T19:22:09","guid":{"rendered":"https:\/\/www.europesays.com\/lv\/74548\/"},"modified":"2025-12-14T19:22:09","modified_gmt":"2025-12-14T19:22:09","slug":"ka-treso-valstu-pilsoni-iekrit-krapnieku-shemas-2","status":"publish","type":"post","link":"https:\/\/www.europesays.com\/lv\/74548\/","title":{"rendered":"k\u0101 tre\u0161o valstu pilso\u0146i iekr\u012bt kr\u0101pnieku sh\u0113m\u0101s"},"content":{"rendered":"<p>Persona, kuru sauc par kr\u0101pnieku, raid\u012bjumam noliedza, ka b\u016btu sol\u012bjis k\u0101rtot v\u012bzas par naudu.<\/p>\n<p>Kop\u0113jais \u0101rvalstu studentu skaits Latvij\u0101 p\u0113d\u0113jo desmit gadu laik\u0101 ir pieaudzis, turkl\u0101t tie\u0161i uz tre\u0161o valstu pilso\u0146u r\u0113\u0137ina. Liel\u0101k\u0101 stud\u0113jo\u0161o \u0101rvalstnieku grupa Latvij\u0101 ir Indijas pavalstnieki. To skaits desmit gadu laik\u0101 palielin\u0101jies par 66%, sasniedzot gandr\u012bz tr\u012bsarpus t\u016bksto\u0161us.<\/p>\n<p>Neviens nezina, cik daudzi no \u0101rvalstniekiem paral\u0113li studij\u0101m ar\u012b str\u0101d\u0101. Ta\u010du Augst\u0101k\u0101s izgl\u012bt\u012bbas eksporta apvien\u012bbas vad\u012bt\u0101js, biznesa augstskolas \u201cTur\u012bba\u201d valdes priek\u0161s\u0113d\u0113t\u0101js Imants Bergs uzsv\u0113ra, ka gad\u012bjumos, kad darba d\u0113\u013c pasliktin\u0101s sekmes, \u0101rvalstu studentam m\u0113dz atg\u0101din\u0101t: \u201cTu es \u0161eit t\u0101p\u0113c, lai stud\u0113tu. \u0160\u012b valsts ir devusi iesp\u0113ju piestr\u0101d\u0101t, nevis str\u0101d\u0101t un piestud\u0113t.\u201d<\/p>\n<p>Valsts darba inspekcija (VDI) savos reidos aizvien bie\u017e\u0101k sastop \u0101rvalstu studentus, kas str\u0101d\u0101 bez l\u012bguma, atbilsto\u0161a grafika un apmaksas. K\u0101d\u0101 gad\u012bjum\u0101 studentam bija j\u0101m\u0101c\u0101s kl\u0101tien\u0113 katru dienu, bet t\u0101 viet\u0101 vi\u0146\u0161 ik dienu 12 stundas str\u0101d\u0101ja kebabn\u012bc\u0101. \u201cTas vedina dom\u0101t, ka \u0161\u012b studentu v\u012bza ir t\u0101ds aizsegs, lai nok\u013c\u016btu Latvij\u0101, lai ieg\u016btu ties\u012bbas \u0161eit atbraukt, uztur\u0113ties un str\u0101d\u0101t,\u201d secin\u0101ja R\u012bgas re\u0123ion\u0101l\u0101s Valsts darba inspekcijas vad\u012bt\u0101ja Baiba \u0160ilberga.<\/p>\n","protected":false},"excerpt":{"rendered":"Persona, kuru sauc par kr\u0101pnieku, raid\u012bjumam noliedza, ka b\u016btu sol\u012bjis k\u0101rtot v\u012bzas par naudu. Kop\u0113jais \u0101rvalstu studentu skaits&hellip;\n","protected":false},"author":2,"featured_media":74538,"comment_status":"","ping_status":"","sticky":false,"template":"","format":"standard","meta":{"footnotes":""},"categories":[12],"tags":[23,28,29,685,32,33,22,9995,9994,4098,30,31,35,39,38,36,37,34,40,20,26,27,24,25,651,21],"class_list":{"0":"post-74548","1":"post","2":"type-post","3":"status-publish","4":"format-standard","5":"has-post-thumbnail","7":"category-latvija","8":"tag-aktualitates","9":"tag-breaking-news","10":"tag-breakingnews","11":"tag-de-facto","12":"tag-featured-news","13":"tag-featurednews","14":"tag-headlines","15":"tag-imigracija","16":"tag-imigracijas-problemas","17":"tag-indija","18":"tag-latest-news","19":"tag-latestnews","20":"tag-latvia","21":"tag-latvian","22":"tag-latviesu","23":"tag-latviesu-valoda","24":"tag-latviesuvaloda","25":"tag-latvija","26":"tag-lv","27":"tag-news","28":"tag-popularakas-zinas","29":"tag-popularakaszinas","30":"tag-top-stories","31":"tag-topstories","32":"tag-vizas","33":"tag-zinas"},"share_on_mastodon":{"url":"https:\/\/pubeurope.com\/@lv\/115719553585617483","error":""},"_links":{"self":[{"href":"https:\/\/www.europesays.com\/lv\/wp-json\/wp\/v2\/posts\/74548","targetHints":{"allow":["GET"]}}],"collection":[{"href":"https:\/\/www.europesays.com\/lv\/wp-json\/wp\/v2\/posts"}],"about":[{"href":"https:\/\/www.europesays.com\/lv\/wp-json\/wp\/v2\/types\/post"}],"author":[{"embeddable":true,"href":"https:\/\/www.europesays.com\/lv\/wp-json\/wp\/v2\/users\/2"}],"replies":[{"embeddable":true,"href":"https:\/\/www.europesays.com\/lv\/wp-json\/wp\/v2\/comments?post=74548"}],"version-history":[{"count":0,"href":"https:\/\/www.europesays.com\/lv\/wp-json\/wp\/v2\/posts\/74548\/revisions"}],"wp:featuredmedia":[{"embeddable":true,"href":"https:\/\/www.europesays.com\/lv\/wp-json\/wp\/v2\/media\/74538"}],"wp:attachment":[{"href":"https:\/\/www.europesays.com\/lv\/wp-json\/wp\/v2\/media?parent=74548"}],"wp:term":[{"taxonomy":"category","embeddable":true,"href":"https:\/\/www.europesays.com\/lv\/wp-json\/wp\/v2\/categories?post=74548"},{"taxonomy":"post_tag","embeddable":true,"href":"https:\/\/www.europesays.com\/lv\/wp-json\/wp\/v2\/tags?post=74548"}],"curies":[{"name":"wp","href":"https:\/\/api.w.org\/{rel}","templated":true}]}}