{"id":74564,"date":"2025-12-14T19:36:08","date_gmt":"2025-12-14T19:36:08","guid":{"rendered":"https:\/\/www.europesays.com\/lv\/74564\/"},"modified":"2025-12-14T19:36:08","modified_gmt":"2025-12-14T19:36:08","slug":"koris-maska-un-izcili-solisti-aicina-uz-ziemassvetku-perlem-rigas-dievnamos-lente-lv","status":"publish","type":"post","link":"https:\/\/www.europesays.com\/lv\/74564\/","title":{"rendered":"Koris &#8220;Maska&#8221; un izcili solisti aicina uz &#8220;Ziemassv\u0113tku p\u0113rl\u0113m&#8221; R\u012bgas dievnamos\u00a0\u2014\u00a0Lente.lv"},"content":{"rendered":"<p> Koris &#8220;Maska&#8221;, diri\u0123enta J\u0101\u0146a Ozola vad\u012bb\u0101, kop\u0101 ar talant\u012bgajiem solistiem Viktoriju Majori (sopr\u0101ns) un Edgaru O\u0161leju (bass), k\u0101 ar\u012b \u0113r\u0123elnieci Di\u0101nu Jaunzemi-Portnaju, aicina baud\u012bt \u012bpa\u0161u sv\u0113tku programmu &#8220;Ziemassv\u0113tku p\u0113rles&#8221;. K\u0101 inform\u0113 port\u0101ls jauns.lv, \u0161is muzik\u0101lais notikums iecer\u0113ts k\u0101 dv\u0113seles baud\u012bjums adventes laik\u0101, atkl\u0101jot Ziemassv\u0113tku br\u012bnuma gaid\u012b\u0161anas prieku. Koncerti notiks div\u0101s R\u012bgas dievnam\u0101s \u2013 17. decembr\u012b plkst. 19:00 R\u012bgas Lutera bazn\u012bc\u0101 (Tor\u0146kaln\u0101) un 22. decembr\u012b plkst. 19:00 R\u012bgas Sv. J\u0101\u0146a bazn\u012bc\u0101. \u0160\u012b pas\u0101kumu s\u0113rija sola k\u013c\u016bt par vienu no gaid\u012bt\u0101kajiem kult\u016bras notikumiem decembr\u012b, pied\u0101v\u0101jot klaus\u012bt\u0101jiem neaizmirstamu muzik\u0101lu ce\u013cojumu. Koncertu programm\u0101 iek\u013cauta gan pasaulslavena klasika, gan latvie\u0161u komponistu ska\u0146darbi, k\u0101 ar\u012b popul\u0101r\u0101k\u0101s Ziemassv\u0113tku melodijas. <\/p>\n<p> Muzik\u0101la ce\u013cojuma programma <\/p>\n<p> &#8220;Ziemassv\u0113tku p\u0113r\u013cu&#8221; programma ir r\u016bp\u012bgi veidota, lai sniegtu klaus\u012bt\u0101jiem patiesi svin\u012bgu un emocion\u0101li pies\u0101tin\u0101tu pieredzi. T\u0101s pamat\u0101 ir gan pasaules m\u016bzikas klasi\u0137u darbi, gan Ziemassv\u0113tku dziesmu izlase. Koncert\u0101 skan\u0113s t\u0101di neaizmirstami ska\u0146darbi k\u0101 &#8220;Adeste Fideles&#8221;, Hende\u013ca &#8220;Rejoice&#8221; no &#8220;Mesijas&#8221;, Endr\u016b Loda V\u0113bera &#8220;Pie Jesu&#8221;, Sez\u0101ra Franka &#8220;Panis Angelicus&#8221; un \u0160\u016bberta &#8220;Ave Maria&#8221;. \u0160ie ska\u0146darbi, izpild\u012bti ar izcilajiem solistiem un kori &#8220;Maska&#8221;, rad\u012bs dzi\u013ci aizkustino\u0161u atmosf\u0113ru. \u012apa\u0161u v\u0113rt\u012bbu programmai pie\u0161\u0137ir ar\u012b latvie\u0161u komponistu darbu iek\u013cau\u0161ana. T\u0101 skan\u0113s Ainara Mielava &#8220;Piek\u016bns skrien debes\u012bs&#8221;, M\u0101rti\u0146a Brauna &#8220;Velt\u012bjums&#8221;, Imanta Kalni\u0146a &#8220;D\u016bdievi\u0146\u0161&#8221; un Raimonda Paula &#8220;Circen\u012b\u0161a Ziemassv\u0113tki&#8221;. \u0160ie ska\u0146darbi ne tikai demonstr\u0113 latvie\u0161u m\u016bzikas bag\u0101t\u012bbu, bet ar\u012b pie\u0161\u0137ir koncertam nacion\u0101lu un personisku piesk\u0101rienu, savienojot klaus\u012bt\u0101jus ar sav\u0101m sakn\u0113m un sv\u0113tku trad\u012bcij\u0101m. Koncertu nosl\u0113gum\u0101 skan\u0113s visas iecien\u012bt\u0101k\u0101s Ziemassv\u0113tku melodijas, piepildot telpu ar prieku un sv\u0113tku saj\u016btu. T\u0101 b\u016bs k\u0101 skaista d\u0101vana ikvienam, kur\u0161 v\u0113las izbaud\u012bt Ziemassv\u0113tku burv\u012bbu m\u016bzikas skan\u0113jum\u0101. <\/p>\n<p> Izcilie m\u0101kslinieki un vi\u0146u meistar\u012bba <\/p>\n<p> Par koncerta muzik\u0101lo kvalit\u0101ti r\u016bp\u0113sies paz\u012bstamais koris &#8220;Maska&#8221;, kura izcil\u0101 dzied\u0101tprieks un profesion\u0101l\u0101 izpild\u012bjuma meistar\u012bba ir iekarojusi daudzu klaus\u012bt\u0101ju sirdis. diri\u0123ents J\u0101nis Ozols, kur\u0161 ir ar\u012b vair\u0101ku iepriek\u0161\u0113jo kora &#8220;Maska&#8221; pan\u0101kumu autors, vad\u012bs kolekt\u012bvu, nodro\u0161inot nevainojamu skan\u0113jumu.. Solistu lom\u0101s uzst\u0101sies vok\u0101li talant\u012bgie *Viktorija Majore* (sopr\u0101ns) un *Edgars O\u0161leja* (bass). Vi\u0146u sp\u0113c\u012bgie un emocion\u0101lie vok\u0101li pie\u0161\u0137irs dzi\u013cumu un kr\u0101\u0161\u0146umu katram ska\u0146darbam. Abus m\u0101ksliniekus var\u0113s baud\u012bt ar\u012b citos Ziemassv\u0113tku koncertos R\u012bg\u0101 un Latvij\u0101.. \u012apa\u0161u gaismu un greznumu koncertiem pie\u0161\u0137irs ar\u012b profesion\u0101l\u0101s \u0113r\u0123elnieces Di\u0101nas Jaunzemes-Portnajas sniegums. Vi\u0146as prasme un virtuozit\u0101te \u0113r\u0123e\u013cm\u016bzikas atska\u0146o\u0161an\u0101 ir pla\u0161i atz\u012bta, un vi\u0146as dal\u012bba sol\u0101s padar\u012bt \u0161os &#8220;Ziemassv\u0113tku p\u0113r\u013cu&#8221; koncertus par patiesi neaizmirstamu notikumu. Di\u0101na Jaunzeme-Portnaja ir akt\u012bva koncert\u0113jo\u0161a \u0113r\u0123elniece, kas muzic\u0113jusi ne tikai Latvij\u0101, bet ar\u012b cit\u0101s Eiropas valst\u012bs, un vi\u0146as sniegums vienm\u0113r tiek nov\u0113rt\u0113ts par augsto meistar\u012bbu un emocion\u0101lo dzi\u013cumu.. Kop\u0101 \u0161ie talant\u012bgie m\u0101kslinieki veidos harmonisku un iespaid\u012bgu muzik\u0101lu kopumu, kas sp\u0113s aizkustin\u0101t ikvienu klaus\u012bt\u0101ju. <\/p>\n<p> Ziemassv\u0113tku gaid\u012b\u0161anas burv\u012bba dievnamos <\/p>\n<p> Koncertu norises vietas \u2013 R\u012bgas Lutera bazn\u012bca un R\u012bgas Sv. J\u0101\u0146a bazn\u012bca \u2013 nav izv\u0113l\u0113tas nejau\u0161i. \u0160ie dievnami ar savu vareno arhitekt\u016bru un svin\u012bgo atmosf\u0113ru rada ide\u0101lu fonu Ziemassv\u0113tku m\u016bzikai. Sve\u010du gaism\u0101 izpild\u012bta m\u016bzika \u0161\u0101d\u0101s telp\u0101s sp\u0113j rad\u012bt \u012bpa\u0161u, svin\u012bgu un dv\u0113selisku noska\u0146u, kas ir neat\u0146emama Ziemassv\u0113tku gaid\u012b\u0161anas sast\u0101vda\u013ca. Bazn\u012bcu akustika nodro\u0161ina ska\u0146darbu pilnskan\u012bgumu un dzi\u013cumu, \u013caujot katrai notij non\u0101kt l\u012bdz klaus\u012bt\u0101ja sirdij. Tas ir k\u0101 ce\u013cojums uz Ziemassv\u0113tku sv\u0113tku dzi\u013c\u0101ko b\u016bt\u012bbu, kur m\u016bzika un gar\u012bgums savijas vienot\u0101, harmonisk\u0101 visum\u0101. T\u0101 ir iesp\u0113ja uz mirkli apst\u0101ties ikdienas steig\u0101 un \u013cauties sv\u0113tku gaid\u012b\u0161anas priekam un mieram, ko sniedz gan skaista m\u016bzika, gan dievnamu svin\u012bg\u0101 aura. <\/p>\n","protected":false},"excerpt":{"rendered":"Koris &#8220;Maska&#8221;, diri\u0123enta J\u0101\u0146a Ozola vad\u012bb\u0101, kop\u0101 ar talant\u012bgajiem solistiem Viktoriju Majori (sopr\u0101ns) un Edgaru O\u0161leju (bass), k\u0101&hellip;\n","protected":false},"author":2,"featured_media":74565,"comment_status":"","ping_status":"","sticky":false,"template":"","format":"standard","meta":{"footnotes":""},"categories":[19],"tags":[89,90,9566,35,39,38,36,37,34,40],"class_list":{"0":"post-74564","1":"post","2":"type-post","3":"status-publish","4":"format-standard","5":"has-post-thumbnail","7":"category-izklaide","8":"tag-entertainment","9":"tag-izklaide","10":"tag-koris","11":"tag-latvia","12":"tag-latvian","13":"tag-latviesu","14":"tag-latviesu-valoda","15":"tag-latviesuvaloda","16":"tag-latvija","17":"tag-lv"},"share_on_mastodon":{"url":"https:\/\/pubeurope.com\/@lv\/115719607713558484","error":""},"_links":{"self":[{"href":"https:\/\/www.europesays.com\/lv\/wp-json\/wp\/v2\/posts\/74564","targetHints":{"allow":["GET"]}}],"collection":[{"href":"https:\/\/www.europesays.com\/lv\/wp-json\/wp\/v2\/posts"}],"about":[{"href":"https:\/\/www.europesays.com\/lv\/wp-json\/wp\/v2\/types\/post"}],"author":[{"embeddable":true,"href":"https:\/\/www.europesays.com\/lv\/wp-json\/wp\/v2\/users\/2"}],"replies":[{"embeddable":true,"href":"https:\/\/www.europesays.com\/lv\/wp-json\/wp\/v2\/comments?post=74564"}],"version-history":[{"count":0,"href":"https:\/\/www.europesays.com\/lv\/wp-json\/wp\/v2\/posts\/74564\/revisions"}],"wp:featuredmedia":[{"embeddable":true,"href":"https:\/\/www.europesays.com\/lv\/wp-json\/wp\/v2\/media\/74565"}],"wp:attachment":[{"href":"https:\/\/www.europesays.com\/lv\/wp-json\/wp\/v2\/media?parent=74564"}],"wp:term":[{"taxonomy":"category","embeddable":true,"href":"https:\/\/www.europesays.com\/lv\/wp-json\/wp\/v2\/categories?post=74564"},{"taxonomy":"post_tag","embeddable":true,"href":"https:\/\/www.europesays.com\/lv\/wp-json\/wp\/v2\/tags?post=74564"}],"curies":[{"name":"wp","href":"https:\/\/api.w.org\/{rel}","templated":true}]}}