{"id":74579,"date":"2025-12-14T19:47:24","date_gmt":"2025-12-14T19:47:24","guid":{"rendered":"https:\/\/www.europesays.com\/lv\/74579\/"},"modified":"2025-12-14T19:47:24","modified_gmt":"2025-12-14T19:47:24","slug":"australija-apsaude-ebreju-svetku-pasakuma-vairaki-nogalinatie","status":"publish","type":"post","link":"https:\/\/www.europesays.com\/lv\/74579\/","title":{"rendered":"Austr\u0101lij\u0101 ap\u0161aud\u0113 ebreju sv\u0113tku pas\u0101kum\u0101 vair\u0101ki nogalin\u0101tie"},"content":{"rendered":"<p>Policisti atkl\u0101ju\u0161i uguni uz uzbruc\u0113jiem, vienu no vi\u0146iem nogalinot, bet otru ievainojot. Ap\u0161aud\u0113 ar uzbruc\u0113jiem ievainoti divi policisti.<\/p>\n<p>Ievainotais uzbruc\u0113js ir kritisk\u0101 st\u0101vokl\u012b. Policija vi\u0146u aiztur\u0113jusi.<\/p>\n<p>T\u012bmekl\u012b izplat\u012btajos videoierakstos redzams, k\u0101 divi bru\u0146oti v\u012brie\u0161i, kas \u0123\u0113rbu\u0161ies meln\u0101s dr\u0113b\u0113s, atkl\u0101j uguni no tilti\u0146a, kas savieno autost\u0101vvietu ar pludmali, cilv\u0113ki b\u0113g, k\u0101 ari dzirdami kliedzieni. Austr\u0101lijas telev\u012bzij\u0101 par\u0101d\u012bts videoieraksts, kur\u0101 k\u0101ds v\u012brietis vienam no uzbruc\u0113jiem at\u0146em ieroci.<\/p>\n<p>Laikraksts &#8220;The Sydney Morning Herald&#8221; zi\u0146o, ka raid\u012bti vair\u0101ki desmiti \u0161\u0101vienu.<\/p>\n<p>P\u0101rbaudot notikuma vietu, policisti atradu\u0161i automobili, kur\u0101 biju\u0161as pa\u0161izgatavotas spr\u0101gstier\u012bces. Automa\u0161\u012bna ir saist\u012bta ar no\u0161auto uzbruc\u0113ju.<\/p>\n<p>Austr\u0101lijas premjerministrs Entonijs Alban\u012bzs telev\u012bzijas uzrun\u0101 sac\u012bja, ka &#8220;\u0161is ir m\u0113r\u0137tiec\u012bgs uzbrukums Austr\u0101lijas ebrejiem pirmaj\u0101 Hanukas dien\u0101, kurai vajadz\u0113tu b\u016bt prieka dienai, tic\u012bbas sv\u0113tkiem, &#8211; \u013caunuma, antisem\u012btisma, terorisma akts, kas ir sk\u0101ris m\u016bsu tautas sirdi&#8221;..<\/p>\n<p>&#8220;Uzbrukums Austr\u0101lijas ebrejiem ir uzbrukums ikvienam austr\u0101lietim,&#8221; uzsv\u0113ra Alban\u012bzs.<\/p>\n<p>Izra\u0113las prezidents Ichaks Hercogs notiku\u0161o nosauca par &#8220;ne\u017e\u0113l\u012bgu uzbrukumu ebrejiem&#8221; un aicin\u0101ja pastiprin\u0101t antisem\u012btisma apkaro\u0161anu Austr\u0101lij\u0101.<\/p>\n<p>Eiropas Komisijas priek\u0161s\u0113d\u0113t\u0101ja Urzula fon der Leiena platform\u0101 &#8220;X&#8221; ierakst\u012bja, ka &#8220;Eiropa ir kop\u0101 ar Austr\u0101liju un ebreju kopien\u0101m vis\u0101 pasaul\u0113&#8221;.<\/p>\n<p>&#8220;M\u0113s esam vienoti pret vardarb\u012bbu, antisem\u012btismu un naidu,&#8221; vi\u0146a uzsv\u0113ra.<\/p>\n<p>Hanukas svin\u0113\u0161anas pas\u0101kums &#8220;Hanuka pie j\u016bras&#8221; Bondi pludmal\u0113 tiek r\u012bkots katru gadu.<\/p>\n","protected":false},"excerpt":{"rendered":"Policisti atkl\u0101ju\u0161i uguni uz uzbruc\u0113jiem, vienu no vi\u0146iem nogalinot, bet otru ievainojot. Ap\u0161aud\u0113 ar uzbruc\u0113jiem ievainoti divi policisti.&hellip;\n","protected":false},"author":2,"featured_media":74580,"comment_status":"","ping_status":"","sticky":false,"template":"","format":"standard","meta":{"footnotes":""},"categories":[5],"tags":[23,3035,502,28,29,32,33,22,30,31,35,39,38,36,37,34,40,20,26,27,24,25,21],"class_list":{"0":"post-74579","1":"post","2":"type-post","3":"status-publish","4":"format-standard","5":"has-post-thumbnail","7":"category-aktualitates","8":"tag-aktualitates","9":"tag-apsaude","10":"tag-australija","11":"tag-breaking-news","12":"tag-breakingnews","13":"tag-featured-news","14":"tag-featurednews","15":"tag-headlines","16":"tag-latest-news","17":"tag-latestnews","18":"tag-latvia","19":"tag-latvian","20":"tag-latviesu","21":"tag-latviesu-valoda","22":"tag-latviesuvaloda","23":"tag-latvija","24":"tag-lv","25":"tag-news","26":"tag-popularakas-zinas","27":"tag-popularakaszinas","28":"tag-top-stories","29":"tag-topstories","30":"tag-zinas"},"share_on_mastodon":{"url":"https:\/\/pubeurope.com\/@lv\/115719650926709205","error":""},"_links":{"self":[{"href":"https:\/\/www.europesays.com\/lv\/wp-json\/wp\/v2\/posts\/74579","targetHints":{"allow":["GET"]}}],"collection":[{"href":"https:\/\/www.europesays.com\/lv\/wp-json\/wp\/v2\/posts"}],"about":[{"href":"https:\/\/www.europesays.com\/lv\/wp-json\/wp\/v2\/types\/post"}],"author":[{"embeddable":true,"href":"https:\/\/www.europesays.com\/lv\/wp-json\/wp\/v2\/users\/2"}],"replies":[{"embeddable":true,"href":"https:\/\/www.europesays.com\/lv\/wp-json\/wp\/v2\/comments?post=74579"}],"version-history":[{"count":0,"href":"https:\/\/www.europesays.com\/lv\/wp-json\/wp\/v2\/posts\/74579\/revisions"}],"wp:featuredmedia":[{"embeddable":true,"href":"https:\/\/www.europesays.com\/lv\/wp-json\/wp\/v2\/media\/74580"}],"wp:attachment":[{"href":"https:\/\/www.europesays.com\/lv\/wp-json\/wp\/v2\/media?parent=74579"}],"wp:term":[{"taxonomy":"category","embeddable":true,"href":"https:\/\/www.europesays.com\/lv\/wp-json\/wp\/v2\/categories?post=74579"},{"taxonomy":"post_tag","embeddable":true,"href":"https:\/\/www.europesays.com\/lv\/wp-json\/wp\/v2\/tags?post=74579"}],"curies":[{"name":"wp","href":"https:\/\/api.w.org\/{rel}","templated":true}]}}