{"id":7458,"date":"2025-09-29T05:03:10","date_gmt":"2025-09-29T05:03:10","guid":{"rendered":"https:\/\/www.europesays.com\/lv\/7458\/"},"modified":"2025-09-29T05:03:10","modified_gmt":"2025-09-29T05:03:10","slug":"vienotibai-pec-velesanam-visticamak-premjera-kresls-vairs-netiks","status":"publish","type":"post","link":"https:\/\/www.europesays.com\/lv\/7458\/","title":{"rendered":"&#8220;Vienot\u012bbai&#8221; p\u0113c v\u0113l\u0113\u0161an\u0101m, visticam\u0101k, premjera kr\u0113sls vairs netiks"},"content":{"rendered":"<p>\u0160aj\u0101 Saeim\u0101 Jur\u0113vics iek\u013cuva, jo p\u0101r\u0146\u0113ma Edgara Rink\u0113vi\u010da mand\u0101tu. Jau 2 gadus vi\u0146\u0161 vada Jaun\u0101s Vienot\u012bbas Saeimas frakciju. Kandid\u0113\u0161anai uz l\u012bdera amatu vi\u0146\u0161 uzrun\u0101ts pavasar\u012b, ta\u010du l\u0113mumu pie\u0146\u0113ma p\u0113c pa\u0161vald\u012bbu v\u0113l\u0113\u0161an\u0101m.<\/p>\n<p>Jur\u0113vics: &#8220;Es redz\u0113ju, ka \u0161\u0101di prokremliski sp\u0113ki k\u0101 Stepa\u0146eko, \u0160lesers, un citi populisti guva labus rezult\u0101tus un taj\u0101 br\u012bd\u012b es sapratu, ka man ir j\u0101kandid\u0113, jo ir j\u0101b\u016bt Jaunajai Vienot\u012bbai uz n\u0101kamaj\u0101m v\u0113l\u0113\u0161an\u0101m \u013coti stiprai, lai dotu pretsparu \u0161iem populistiem.&#8221;<\/p>\n<p>Tom\u0113r \u0161\u0137iet, ka Jur\u0113vica kandidat\u016bra bija noskat\u012bta jau pirms gada, kad kongres\u0101 Arvils A\u0161eradens, p\u0101rk\u0101pjot run\u0101\u0161anas laika reglamentu, \u012bpa\u0161i slav\u0113ja Jur\u0113vica sp\u0113jas vad\u012bt frakciju un sarun\u0101ties ar koal\u012bcijas partneriem.<\/p>\n<p>No 290 deleg\u0101tiem, par Jur\u0113vicu nobalsoja abosl\u016btais vair\u0101kums &#8211; 237.<\/p>\n<p>Vienot\u012bbas biedri lepoj\u0101s, ka \u0161is ir p\u0113d\u0113jo gadu liel\u0101kais kongress. Taj\u0101 sav\u0101ku\u0161ies gandr\u012bz 300 partijas biedri un valda pacil\u0101ta atmosf\u0113ra. Politi\u0137u runas bija pies\u0101tin\u0101tas ar Vienot\u012bbas paveikto. Par iek\u0161\u0113j\u0101m probl\u0113m\u0101m nerun\u0101ja. Neviens ar\u012b nepiev\u0113rsa p\u0101r\u0101k lielu uzman\u012bbu ac\u012bmredzamaj\u0101m probl\u0113m\u0101m koal\u012bcij\u0101.<\/p>\n<p>Ikstens: &#8220;Vai k\u0101ds ir gatavs str\u0101d\u0101t Vienot\u012bbas premjera vad\u012bb\u0101 p\u0113c v\u0113l\u0113\u0161an\u0101m\u2026tas, protams, j\u0101prasa partij\u0101m, bet es dom\u0101ju, ka atbilde ir n\u0113. It \u012bpa\u0161i \u0146emot v\u0113r\u0101 to, cik ilgi tas jau ir noticis. Visticam\u0101kais, ka tom\u0113r n\u0101kamaj\u0101 Saeim\u0101 premjera amats tiks k\u0101dam citam, ne Vienot\u012bbai.&#8221;<\/p>\n<p>Neraugoties uz reitingu kritumu partijas vado\u0161ie politi\u0137i ir p\u0101rliecin\u0101ti, ka n\u0101kam\u0101s Saeimas v\u0113l\u0113\u0161an\u0101s nostart\u0113s labi. Biedri ar\u012b atsaucas uz 2018.gadu, kad ar mazo frakciju Vienot\u012bbai tika pie premjera kr\u0113sla. Politologs Ikstens par \u0161\u0101du scen\u0101riju ir skeptisks.<\/p>\n","protected":false},"excerpt":{"rendered":"\u0160aj\u0101 Saeim\u0101 Jur\u0113vics iek\u013cuva, jo p\u0101r\u0146\u0113ma Edgara Rink\u0113vi\u010da mand\u0101tu. Jau 2 gadus vi\u0146\u0161 vada Jaun\u0101s Vienot\u012bbas Saeimas frakciju.&hellip;\n","protected":false},"author":2,"featured_media":7459,"comment_status":"","ping_status":"","sticky":false,"template":"","format":"standard","meta":{"footnotes":""},"categories":[12],"tags":[23,28,29,2734,1249,32,33,22,2608,30,31,35,39,38,36,37,34,40,20,3134,26,27,24,25,2544,3027,21],"class_list":{"0":"post-7458","1":"post","2":"type-post","3":"status-publish","4":"format-standard","5":"has-post-thumbnail","7":"category-latvija","8":"tag-aktualitates","9":"tag-breaking-news","10":"tag-breakingnews","11":"tag-edmunds-jurevics","12":"tag-evika-silina","13":"tag-featured-news","14":"tag-featurednews","15":"tag-headlines","16":"tag-jauna-vienotiba","17":"tag-latest-news","18":"tag-latestnews","19":"tag-latvia","20":"tag-latvian","21":"tag-latviesu","22":"tag-latviesu-valoda","23":"tag-latviesuvaloda","24":"tag-latvija","25":"tag-lv","26":"tag-news","27":"tag-partijas","28":"tag-popularakas-zinas","29":"tag-popularakaszinas","30":"tag-top-stories","31":"tag-topstories","32":"tag-velesanas","33":"tag-vienotiba","34":"tag-zinas"},"share_on_mastodon":{"url":"","error":""},"_links":{"self":[{"href":"https:\/\/www.europesays.com\/lv\/wp-json\/wp\/v2\/posts\/7458","targetHints":{"allow":["GET"]}}],"collection":[{"href":"https:\/\/www.europesays.com\/lv\/wp-json\/wp\/v2\/posts"}],"about":[{"href":"https:\/\/www.europesays.com\/lv\/wp-json\/wp\/v2\/types\/post"}],"author":[{"embeddable":true,"href":"https:\/\/www.europesays.com\/lv\/wp-json\/wp\/v2\/users\/2"}],"replies":[{"embeddable":true,"href":"https:\/\/www.europesays.com\/lv\/wp-json\/wp\/v2\/comments?post=7458"}],"version-history":[{"count":0,"href":"https:\/\/www.europesays.com\/lv\/wp-json\/wp\/v2\/posts\/7458\/revisions"}],"wp:featuredmedia":[{"embeddable":true,"href":"https:\/\/www.europesays.com\/lv\/wp-json\/wp\/v2\/media\/7459"}],"wp:attachment":[{"href":"https:\/\/www.europesays.com\/lv\/wp-json\/wp\/v2\/media?parent=7458"}],"wp:term":[{"taxonomy":"category","embeddable":true,"href":"https:\/\/www.europesays.com\/lv\/wp-json\/wp\/v2\/categories?post=7458"},{"taxonomy":"post_tag","embeddable":true,"href":"https:\/\/www.europesays.com\/lv\/wp-json\/wp\/v2\/tags?post=7458"}],"curies":[{"name":"wp","href":"https:\/\/api.w.org\/{rel}","templated":true}]}}