{"id":74583,"date":"2025-12-14T19:51:18","date_gmt":"2025-12-14T19:51:18","guid":{"rendered":"https:\/\/www.europesays.com\/lv\/74583\/"},"modified":"2025-12-14T19:51:18","modified_gmt":"2025-12-14T19:51:18","slug":"portugale-izsludinats-plass-valsts-meroga-streiks-satiksme-un-pakalpojumi-paralizeti-lente-lv","status":"publish","type":"post","link":"https:\/\/www.europesays.com\/lv\/74583\/","title":{"rendered":"Portug\u0101l\u0113 izsludin\u0101ts pla\u0161s valsts m\u0113roga streiks: satiksme un pakalpojumi paraliz\u0113ti\u00a0\u2014\u00a0Lente.lv"},"content":{"rendered":"<p>Valsts m\u0113roga streiks paraliz\u0113 Portug\u0101li<\/p>\n<p>Portug\u0101le \u0161oned\u0113\u013c piedz\u012bvo nopietnus satiksmes trauc\u0113jumus un sabiedrisko pakalpojumu p\u0101rtraukumus, jo vis\u0101 valst\u012b norisin\u0101s pla\u0161a m\u0113roga streiks. \u0160\u012b masveida r\u012bc\u012bbas diena, kas s\u0101k\u0101s ceturtdien, iev\u0113rojami ietekm\u0113jusi avi\u0101cijas un dzelzce\u013ca satiksmi, radot haosu ce\u013cot\u0101jiem un ikdienas p\u0101rvietot\u0101jiem. T\u0101pat streiks atst\u0101jis j\u016btamu iespaidu uz slimn\u012bcu un izgl\u012bt\u012bbas iest\u0101\u017eu darbu, radot ba\u017eas par vesel\u012bbas apr\u016bpes pieejam\u012bbu un m\u0101c\u012bbu procesu.<\/p>\n<p>Iemesli un pras\u012bbas<\/p>\n<p>Streika organizatori, galvenok\u0101rt arodbiedr\u012bbas, pau\u017e neapmierin\u0101t\u012bbu ar vald\u012bbas politiku, \u012bpa\u0161i attiec\u012bb\u0101 uz darba apst\u0101k\u013ciem, alg\u0101m un soci\u0101laj\u0101m garantij\u0101m. Vi\u0146i uzsver, ka daudzu nozaru darbinieki jau ilgu laiku saskaras ar stagn\u0113jo\u0161\u0101m alg\u0101m, kas nesp\u0113j konkur\u0113t ar pieaugo\u0161aj\u0101m dz\u012bves d\u0101rdz\u012bb\u0101m, k\u0101 ar\u012b ar arvien liel\u0101ku darba slodzi un nestabilu nodarbin\u0101t\u012bbu. Arodbiedr\u012bbu p\u0101rst\u0101vji nor\u0101da, ka \u0161is streiks ir p\u0113d\u0113js l\u012bdzeklis, lai piev\u0113rstu vald\u012bbas uzman\u012bbu \u0161\u012bm kritiskaj\u0101m probl\u0113m\u0101m un pan\u0101ktu re\u0101las p\u0101rmai\u0146as.<\/p>\n<p>K\u0101 viens no galvenajiem streika iemesliem tiek min\u0113ta nepiecie\u0161am\u012bba palielin\u0101t darba samaksu, lai t\u0101 atbilstu infl\u0101cijas l\u012bmenim un nodro\u0161in\u0101tu cilv\u0113kiem pien\u0101c\u012bgu dz\u012bves kvalit\u0101ti. T\u0101pat tiek piepras\u012bts uzlabot darba dro\u0161\u012bbas pas\u0101kumus un samazin\u0101t darba slodzi, \u012bpa\u0161i kritiskajos dienestos, piem\u0113ram, vesel\u012bbas apr\u016bp\u0113 un transporta sektor\u0101. Da\u017ei arodbiedr\u012bbu l\u012bderi sal\u012bdzina situ\u0101ciju ar spriedzes pilnu trauksmes sign\u0101lu, kas aicina vald\u012bbu nekav\u0113joties rea\u0123\u0113t un uzklaus\u012bt str\u0101d\u0101jo\u0161o balsis.<\/p>\n<p>Sekas un skart\u0101s nozares<\/p>\n<p>Streika d\u0113\u013c tika atcelti vai iev\u0113rojami aizkav\u0113ti simtiem lidojumu, radot galvass\u0101pes t\u016bksto\u0161iem ce\u013cot\u0101ju, kas bija pl\u0101noju\u0161i doties atva\u013cin\u0101jum\u0101 vai veikt svar\u012bgus darba braucienus. Lidost\u0101s vald\u012bja saspringta atmosf\u0113ra, jo cilv\u0113ki cent\u0101s atrast alternat\u012bvus transporta veidus vai sazin\u0101ties ar aviokomp\u0101nij\u0101m, lai main\u012btu savus ce\u013cojumu pl\u0101nus. Vilcienu satiksme ar\u012b cieta nopietni, ar daudziem atceltiem reisiem un kav\u0113jumiem, kas sk\u0101ra gan starppils\u0113tu, gan piepils\u0113tu pasa\u017eierus. K\u0101 piem\u0113ru var min\u0113t situ\u0101ciju, kad cilv\u0113ki bija spiesti pavad\u012bt stundas, gaidot inform\u0101ciju par savu vilcienu, un daudzi no vi\u0146iem nesp\u0113ja nok\u013c\u016bt darb\u0101 vai atgriezties m\u0101j\u0101s.<\/p>\n<p>Slimn\u012bc\u0101s streiks izrais\u012bja ierobe\u017eojumus pl\u0101nveida oper\u0101cij\u0101m un ambulatorajai pal\u012bdz\u012bbai, lai gan neatliekam\u0101s medic\u012bnisk\u0101s pal\u012bdz\u012bbas dienesti turpin\u0101ja darbu, lai nodro\u0161in\u0101tu cilv\u0113ku vesel\u012bbu. Tom\u0113r pacientu rindas pieauga, un rad\u0101s ba\u017eas par medic\u012bnisk\u0101s apr\u016bpes kvalit\u0101tes pasliktin\u0101\u0161anos uz laiku. Skolu un universit\u0101\u0161u darbs tika trauc\u0113ts, daudziem pasniedz\u0113jiem un darbiniekiem pievienojoties streikam, kas noveda pie lekciju un nodarb\u012bbu atcel\u0161anas. Tas rad\u012bja nezi\u0146u un vil\u0161anos skol\u0113nu un studentu vid\u016b, kuriem n\u0101c\u0101s saskarties ar m\u0101c\u012bbu procesa p\u0101rtraukumiem.<\/p>\n<p>Sabiedr\u012bbas reakcija un n\u0101kotnes perspekt\u012bvas<\/p>\n<p>Sabiedr\u012bbas reakcija uz streiku ir dal\u012bta. Kam\u0113r da\u013ca iedz\u012bvot\u0101ju izr\u0101da atbalstu darbinieku pras\u012bb\u0101m, saprotot vi\u0146u gr\u016bto situ\u0101ciju, citi pau\u017e neapmierin\u0101t\u012bbu ar rad\u012btajiem trauc\u0113jumiem un aicina steidzami rast risin\u0101jumu, lai atjaunotu norm\u0101lu dz\u012bves ritmu. Daudzi cilv\u0113ki saskaras ar finansi\u0101liem zaud\u0113jumiem un ne\u0113rt\u012bb\u0101m, kas saist\u012btas ar streiku, un cer, ka vald\u012bba un arodbiedr\u012bbas sp\u0113s pan\u0101kt kompromisu. \u0160is streiks ir k\u0101 spogulis, kas atspogu\u013co dzi\u013c\u0101k\u0101s probl\u0113mas Portug\u0101les darba tirg\u016b un ekonomik\u0101, pieprasot struktur\u0101las p\u0101rmai\u0146as.<\/p>\n<p>N\u0101kotnes perspekt\u012bvas ir neskaidras. Sarunas starp vald\u012bbu un arodbiedr\u012bb\u0101m ir sare\u017e\u0123\u012btas, un nav skaidrs, cik ilgi streiks turpin\u0101sies un k\u0101das b\u016bs t\u0101 ilgtermi\u0146a sekas. Tom\u0113r ir skaidrs, ka \u0161is notikums ir izvirz\u012bjis svar\u012bgus jaut\u0101jumus par darba \u0146\u0113m\u0113ju ties\u012bb\u0101m, soci\u0101lo taisn\u012bgumu un valsts ekonomikas ilgtsp\u0113j\u012bbu. Portug\u0101les sabiedr\u012bba cer uz konstrukt\u012bvu dialogu un risin\u0101jumu, kas nodro\u0161in\u0101tu gan darbinieku labkl\u0101j\u012bbu, gan valsts ekonomisko stabilit\u0101ti. Tas ir k\u0101 sare\u017e\u0123\u012bts mezgls, kas j\u0101atrisina paciet\u012bgi un gudri.<\/p>\n","protected":false},"excerpt":{"rendered":"Valsts m\u0113roga streiks paraliz\u0113 Portug\u0101li Portug\u0101le \u0161oned\u0113\u013c piedz\u012bvo nopietnus satiksmes trauc\u0113jumus un sabiedrisko pakalpojumu p\u0101rtraukumus, jo vis\u0101 valst\u012b&hellip;\n","protected":false},"author":2,"featured_media":74584,"comment_status":"","ping_status":"","sticky":false,"template":"","format":"standard","meta":{"footnotes":""},"categories":[14],"tags":[23,7539,57,28,29,18951,32,33,22,30,31,35,39,38,36,37,34,40,20,26,27,18949,18952,18950,24,25,54,55,56,21,58],"class_list":{"0":"post-74583","1":"post","2":"type-post","3":"status-publish","4":"format-standard","5":"has-post-thumbnail","7":"category-zinas-no-arvalstim","8":"tag-aktualitates","9":"tag-arodbiedribas","10":"tag-arvalstim","11":"tag-breaking-news","12":"tag-breakingnews","13":"tag-darba-apstakli","14":"tag-featured-news","15":"tag-featurednews","16":"tag-headlines","17":"tag-latest-news","18":"tag-latestnews","19":"tag-latvia","20":"tag-latvian","21":"tag-latviesu","22":"tag-latviesu-valoda","23":"tag-latviesuvaloda","24":"tag-latvija","25":"tag-lv","26":"tag-news","27":"tag-popularakas-zinas","28":"tag-popularakaszinas","29":"tag-portugales-streiks","30":"tag-sabiedriskie-pakalpojumi","31":"tag-satiksmes-traucejumi","32":"tag-top-stories","33":"tag-topstories","34":"tag-world","35":"tag-world-news","36":"tag-worldnews","37":"tag-zinas","38":"tag-zinas-no-arvalstim"},"share_on_mastodon":{"url":"","error":"Validation failed: Text character limit of 500 exceeded"},"_links":{"self":[{"href":"https:\/\/www.europesays.com\/lv\/wp-json\/wp\/v2\/posts\/74583","targetHints":{"allow":["GET"]}}],"collection":[{"href":"https:\/\/www.europesays.com\/lv\/wp-json\/wp\/v2\/posts"}],"about":[{"href":"https:\/\/www.europesays.com\/lv\/wp-json\/wp\/v2\/types\/post"}],"author":[{"embeddable":true,"href":"https:\/\/www.europesays.com\/lv\/wp-json\/wp\/v2\/users\/2"}],"replies":[{"embeddable":true,"href":"https:\/\/www.europesays.com\/lv\/wp-json\/wp\/v2\/comments?post=74583"}],"version-history":[{"count":0,"href":"https:\/\/www.europesays.com\/lv\/wp-json\/wp\/v2\/posts\/74583\/revisions"}],"wp:featuredmedia":[{"embeddable":true,"href":"https:\/\/www.europesays.com\/lv\/wp-json\/wp\/v2\/media\/74584"}],"wp:attachment":[{"href":"https:\/\/www.europesays.com\/lv\/wp-json\/wp\/v2\/media?parent=74583"}],"wp:term":[{"taxonomy":"category","embeddable":true,"href":"https:\/\/www.europesays.com\/lv\/wp-json\/wp\/v2\/categories?post=74583"},{"taxonomy":"post_tag","embeddable":true,"href":"https:\/\/www.europesays.com\/lv\/wp-json\/wp\/v2\/tags?post=74583"}],"curies":[{"name":"wp","href":"https:\/\/api.w.org\/{rel}","templated":true}]}}