{"id":74598,"date":"2025-12-14T20:03:27","date_gmt":"2025-12-14T20:03:27","guid":{"rendered":"https:\/\/www.europesays.com\/lv\/74598\/"},"modified":"2025-12-14T20:03:27","modified_gmt":"2025-12-14T20:03:27","slug":"mums-nevienu-citu-nevajag-blumbergu-paris-par-to-ka-var-milet-45-gadus","status":"publish","type":"post","link":"https:\/\/www.europesays.com\/lv\/74598\/","title":{"rendered":"&#8220;Mums nevienu citu nevajag!&#8221; Blumbergu p\u0101ris par to, k\u0101 var m\u012bl\u0113t 45 gadus"},"content":{"rendered":"<p>&#8220;Visvair\u0101k man riebjas mor\u0101ls g\u013c\u0113vums un vienaldz\u012bba,&#8221; saka Arnis Blumbergs, kur\u0161 savulaik fotograf\u0113jis kino\u013caudis un darbojies k\u0101 preses fotogr\u0101fs. Patlaban vi\u0146\u0161 dienas vada kop\u0101 ar sievu Di\u0101nu, fotograf\u0113jot putnus un darbojoties pie datora, ko apguvis pirms 20 gadiem. Blumbergu p\u0101ris zina, k\u0101 m\u012blest\u012bbu uztur\u0113t dz\u012bvu, lai kop\u0101 nodz\u012bvotu 45 gadus.<\/p>\n","protected":false},"excerpt":{"rendered":"&#8220;Visvair\u0101k man riebjas mor\u0101ls g\u013c\u0113vums un vienaldz\u012bba,&#8221; saka Arnis Blumbergs, kur\u0161 savulaik fotograf\u0113jis kino\u013caudis un darbojies k\u0101 preses&hellip;\n","protected":false},"author":2,"featured_media":74599,"comment_status":"","ping_status":"","sticky":false,"template":"","format":"standard","meta":{"footnotes":""},"categories":[14],"tags":[23,57,28,29,32,33,7042,22,114,18956,30,31,35,39,38,36,37,34,3945,3946,40,20,26,27,15492,24,25,164,54,55,56,21,58],"class_list":{"0":"post-74598","1":"post","2":"type-post","3":"status-publish","4":"format-standard","5":"has-post-thumbnail","7":"category-zinas-no-arvalstim","8":"tag-aktualitates","9":"tag-arvalstim","10":"tag-breaking-news","11":"tag-breakingnews","12":"tag-featured-news","13":"tag-featurednews","14":"tag-fotografija","15":"tag-headlines","16":"tag-jurmala","17":"tag-kemeri","18":"tag-latest-news","19":"tag-latestnews","20":"tag-latvia","21":"tag-latvian","22":"tag-latviesu","23":"tag-latviesu-valoda","24":"tag-latviesuvaloda","25":"tag-latvija","26":"tag-lauliba","27":"tag-laulibas-dzive","28":"tag-lv","29":"tag-news","30":"tag-popularakas-zinas","31":"tag-popularakaszinas","32":"tag-rigas-kinostudija","33":"tag-top-stories","34":"tag-topstories","35":"tag-tvnet-latvija","36":"tag-world","37":"tag-world-news","38":"tag-worldnews","39":"tag-zinas","40":"tag-zinas-no-arvalstim"},"share_on_mastodon":{"url":"https:\/\/pubeurope.com\/@lv\/115719713925749395","error":""},"_links":{"self":[{"href":"https:\/\/www.europesays.com\/lv\/wp-json\/wp\/v2\/posts\/74598","targetHints":{"allow":["GET"]}}],"collection":[{"href":"https:\/\/www.europesays.com\/lv\/wp-json\/wp\/v2\/posts"}],"about":[{"href":"https:\/\/www.europesays.com\/lv\/wp-json\/wp\/v2\/types\/post"}],"author":[{"embeddable":true,"href":"https:\/\/www.europesays.com\/lv\/wp-json\/wp\/v2\/users\/2"}],"replies":[{"embeddable":true,"href":"https:\/\/www.europesays.com\/lv\/wp-json\/wp\/v2\/comments?post=74598"}],"version-history":[{"count":0,"href":"https:\/\/www.europesays.com\/lv\/wp-json\/wp\/v2\/posts\/74598\/revisions"}],"wp:featuredmedia":[{"embeddable":true,"href":"https:\/\/www.europesays.com\/lv\/wp-json\/wp\/v2\/media\/74599"}],"wp:attachment":[{"href":"https:\/\/www.europesays.com\/lv\/wp-json\/wp\/v2\/media?parent=74598"}],"wp:term":[{"taxonomy":"category","embeddable":true,"href":"https:\/\/www.europesays.com\/lv\/wp-json\/wp\/v2\/categories?post=74598"},{"taxonomy":"post_tag","embeddable":true,"href":"https:\/\/www.europesays.com\/lv\/wp-json\/wp\/v2\/tags?post=74598"}],"curies":[{"name":"wp","href":"https:\/\/api.w.org\/{rel}","templated":true}]}}