{"id":74616,"date":"2025-12-14T20:26:08","date_gmt":"2025-12-14T20:26:08","guid":{"rendered":"https:\/\/www.europesays.com\/lv\/74616\/"},"modified":"2025-12-14T20:26:08","modified_gmt":"2025-12-14T20:26:08","slug":"kina-parpludina-pasauli-ar-benzina-automasinam-kuras-vairs-nevar-pardot-iekseja-tirgu","status":"publish","type":"post","link":"https:\/\/www.europesays.com\/lv\/74616\/","title":{"rendered":"\u0136\u012bna p\u0101rpludina pasauli ar benz\u012bna automa\u0161\u012bn\u0101m, kuras vairs nevar p\u0101rdot iek\u0161\u0113j\u0101 tirg\u016b"},"content":{"rendered":"<p>Kam\u0113r rietumu valstis m\u0113\u0123ina ar tarifiem pretoties \u0137\u012bnie\u0161u elektromobi\u013cu piepl\u016bdumam, pasaul\u0113 norisin\u0101s pavisam cita veida konkurence \u2013 \u0137\u012bnie\u0161u automobi\u013ci ar benz\u012bna dzin\u0113jiem iekaro tirgus no Polijas l\u012bdz pat Dienvid\u0101frikai un Urugvajai.<\/p>\n<p>\u0136\u012bnas elektromobi\u013cu r\u016bpniec\u012bba tikai da\u017eu gadu laik\u0101 ie\u0146\u0113musi pusi no iek\u0161\u0113j\u0101 tirgus, izspie\u017eot iepriek\u0161\u0113jos tirgus l\u012bderus \u2013 Volkswagen, General Motors, Nissan un citus. Ta\u010du no \u0161aj\u0101 proces\u0101 zaud\u0113t\u0101ji ir ar\u012b vecie \u0136\u012bnas automobi\u013cu ra\u017eot\u0101ji: to tradicion\u0101lie benz\u012bna un d\u012bze\u013cdzin\u0113ju mode\u013ci strauji zaud\u0113 pirc\u0113jus sav\u0101 dzimten\u0113. Rezult\u0101t\u0101 \u0136\u012bnas benz\u012bna automobi\u013cu eksports strauji pieaug.<\/p>\n","protected":false},"excerpt":{"rendered":"Kam\u0113r rietumu valstis m\u0113\u0123ina ar tarifiem pretoties \u0137\u012bnie\u0161u elektromobi\u013cu piepl\u016bdumam, pasaul\u0113 norisin\u0101s pavisam cita veida konkurence \u2013 \u0137\u012bnie\u0161u&hellip;\n","protected":false},"author":2,"featured_media":74617,"comment_status":"","ping_status":"","sticky":false,"template":"","format":"standard","meta":{"footnotes":""},"categories":[16],"tags":[1494,77,76,2558,4213,35,39,38,36,37,34,40,1611,6074],"class_list":{"0":"post-74616","1":"post","2":"type-post","3":"status-publish","4":"format-standard","5":"has-post-thumbnail","7":"category-bizness","8":"tag-automasinas","9":"tag-bizness","10":"tag-business","11":"tag-elektroauto","12":"tag-kina","13":"tag-latvia","14":"tag-latvian","15":"tag-latviesu","16":"tag-latviesu-valoda","17":"tag-latviesuvaloda","18":"tag-latvija","19":"tag-lv","20":"tag-muitas-tarifi","21":"tag-tvnet-auto"},"share_on_mastodon":{"url":"https:\/\/pubeurope.com\/@lv\/115719804254935055","error":""},"_links":{"self":[{"href":"https:\/\/www.europesays.com\/lv\/wp-json\/wp\/v2\/posts\/74616","targetHints":{"allow":["GET"]}}],"collection":[{"href":"https:\/\/www.europesays.com\/lv\/wp-json\/wp\/v2\/posts"}],"about":[{"href":"https:\/\/www.europesays.com\/lv\/wp-json\/wp\/v2\/types\/post"}],"author":[{"embeddable":true,"href":"https:\/\/www.europesays.com\/lv\/wp-json\/wp\/v2\/users\/2"}],"replies":[{"embeddable":true,"href":"https:\/\/www.europesays.com\/lv\/wp-json\/wp\/v2\/comments?post=74616"}],"version-history":[{"count":0,"href":"https:\/\/www.europesays.com\/lv\/wp-json\/wp\/v2\/posts\/74616\/revisions"}],"wp:featuredmedia":[{"embeddable":true,"href":"https:\/\/www.europesays.com\/lv\/wp-json\/wp\/v2\/media\/74617"}],"wp:attachment":[{"href":"https:\/\/www.europesays.com\/lv\/wp-json\/wp\/v2\/media?parent=74616"}],"wp:term":[{"taxonomy":"category","embeddable":true,"href":"https:\/\/www.europesays.com\/lv\/wp-json\/wp\/v2\/categories?post=74616"},{"taxonomy":"post_tag","embeddable":true,"href":"https:\/\/www.europesays.com\/lv\/wp-json\/wp\/v2\/tags?post=74616"}],"curies":[{"name":"wp","href":"https:\/\/api.w.org\/{rel}","templated":true}]}}