{"id":74626,"date":"2025-12-14T20:34:08","date_gmt":"2025-12-14T20:34:08","guid":{"rendered":"https:\/\/www.europesays.com\/lv\/74626\/"},"modified":"2025-12-14T20:34:08","modified_gmt":"2025-12-14T20:34:08","slug":"gruzijai-bus-jaizmaksa-kompensacijas-par-2019-gada-protestu-dalibnieku-cilvektiesibu-parkapumiem-lente-lv","status":"publish","type":"post","link":"https:\/\/www.europesays.com\/lv\/74626\/","title":{"rendered":"Gruzijai b\u016bs j\u0101izmaks\u0101 kompens\u0101cijas par 2019. gada protestu dal\u012bbnieku cilv\u0113kties\u012bbu p\u0101rk\u0101pumiem\u00a0\u2014\u00a0Lente.lv"},"content":{"rendered":"<p>Eiropas Cilv\u0113kties\u012bbu tiesa piesprie\u017e kompens\u0101cijas Gruzijai par 2019. gada protestu apspie\u0161anu<\/p>\n<p>Eiropas Cilv\u0113kties\u012bbu tiesa (ECT) ir n\u0101kusi klaj\u0101 ar noz\u012bm\u012bgu spriedumu, atz\u012bstot, ka 2019. gad\u0101 Gruzijas galvaspils\u0113t\u0101 Tbilisi notiku\u0161o protestu laik\u0101 tika p\u0101rk\u0101ptas demonstrantu cilv\u0113kties\u012bbas. K\u0101 inform\u0113 Latvijas Sabiedriskie Mediji, \u0161is spriedums noz\u012bm\u0113, ka Gruzijai b\u016bs j\u0101izmaks\u0101 kompens\u0101cijas person\u0101m, kas cietu\u0161as protestu apspie\u0161anas rezult\u0101t\u0101.<\/p>\n<p>\u0160is ir noz\u012bm\u012bgs solis, lai nodro\u0161in\u0101tu taisn\u012bgumu un atbild\u012bbu par cilv\u0113kties\u012bbu p\u0101rk\u0101pumiem. Tiesas l\u0113mums uzsver nepiecie\u0161am\u012bbu p\u0113c tiesiskuma un cie\u0146as pret ikviena cilv\u0113ka pamatties\u012bb\u0101m, pat politisko viedok\u013cu pau\u0161anas br\u012b\u017eos. Nav \u0161aubu, ka \u0161\u0101das situ\u0101cijas var rad\u012bt dzi\u013cas s\u0101pes un neuztic\u012bbu pret valsts instit\u016bcij\u0101m, t\u0101p\u0113c kompens\u0101ciju pie\u0161\u0137ir\u0161ana ir svar\u012bgs solis ce\u013c\u0101 uz sabiedr\u012bbas salied\u0113\u0161anu.<\/p>\n<p>Spriedums ir skaidrs sign\u0101ls, ka mierm\u012bl\u012bgu protestu apspie\u0161ana ar p\u0101rm\u0113r\u012bgu sp\u0113ka pielieto\u0161anu nav pie\u013caujama starptautisko ties\u012bbu normu ietvaros. Tas ir atg\u0101din\u0101jums vis\u0101m valst\u012bm, ka t\u0101m ir pien\u0101kums aizsarg\u0101t savu pilso\u0146u ties\u012bbas uz pulc\u0113\u0161an\u0101s br\u012bv\u012bbu un v\u0101rda br\u012bv\u012bbu, nodro\u0161inot dro\u0161u vidi gan protest\u0113t\u0101jiem, gan sabiedr\u012bbai kopum\u0101.<\/p>\n<p>\u0160\u012b ECT sprieduma sekas Gruzijai b\u016bs ne tikai finansi\u0101las, bet ar\u012b reput\u0101cijas zi\u0146\u0101, liekot valstij p\u0101rdom\u0101t savu pieeju publisko pas\u0101kumu un pilsonisk\u0101s sabiedr\u012bbas aktivit\u0101\u0161u regul\u0113\u0161anai. Tas kalpo k\u0101 svar\u012bgs precedents un mierin\u0101jums tiem, kuri ir cietu\u0161i no netaisn\u012bgas iztur\u0113\u0161an\u0101s, apliecinot, ka tiesiskums galu gal\u0101 uzvar.<\/p>\n","protected":false},"excerpt":{"rendered":"Eiropas Cilv\u0113kties\u012bbu tiesa piesprie\u017e kompens\u0101cijas Gruzijai par 2019. gada protestu apspie\u0161anu Eiropas Cilv\u0113kties\u012bbu tiesa (ECT) ir n\u0101kusi klaj\u0101&hellip;\n","protected":false},"author":2,"featured_media":74627,"comment_status":"","ping_status":"","sticky":false,"template":"","format":"standard","meta":{"footnotes":""},"categories":[12],"tags":[23,28,29,142,14876,32,33,3507,22,6193,30,31,35,39,38,36,37,34,40,20,26,27,4204,24,25,21],"class_list":{"0":"post-74626","1":"post","2":"type-post","3":"status-publish","4":"format-standard","5":"has-post-thumbnail","7":"category-latvija","8":"tag-aktualitates","9":"tag-breaking-news","10":"tag-breakingnews","11":"tag-cilvektiesibas","12":"tag-eiropas-cilvektiesibu-tiesa","13":"tag-featured-news","14":"tag-featurednews","15":"tag-gruzija","16":"tag-headlines","17":"tag-kompensacijas","18":"tag-latest-news","19":"tag-latestnews","20":"tag-latvia","21":"tag-latvian","22":"tag-latviesu","23":"tag-latviesu-valoda","24":"tag-latviesuvaloda","25":"tag-latvija","26":"tag-lv","27":"tag-news","28":"tag-popularakas-zinas","29":"tag-popularakaszinas","30":"tag-protesti","31":"tag-top-stories","32":"tag-topstories","33":"tag-zinas"},"share_on_mastodon":{"url":"https:\/\/pubeurope.com\/@lv\/115719835961103837","error":""},"_links":{"self":[{"href":"https:\/\/www.europesays.com\/lv\/wp-json\/wp\/v2\/posts\/74626","targetHints":{"allow":["GET"]}}],"collection":[{"href":"https:\/\/www.europesays.com\/lv\/wp-json\/wp\/v2\/posts"}],"about":[{"href":"https:\/\/www.europesays.com\/lv\/wp-json\/wp\/v2\/types\/post"}],"author":[{"embeddable":true,"href":"https:\/\/www.europesays.com\/lv\/wp-json\/wp\/v2\/users\/2"}],"replies":[{"embeddable":true,"href":"https:\/\/www.europesays.com\/lv\/wp-json\/wp\/v2\/comments?post=74626"}],"version-history":[{"count":0,"href":"https:\/\/www.europesays.com\/lv\/wp-json\/wp\/v2\/posts\/74626\/revisions"}],"wp:featuredmedia":[{"embeddable":true,"href":"https:\/\/www.europesays.com\/lv\/wp-json\/wp\/v2\/media\/74627"}],"wp:attachment":[{"href":"https:\/\/www.europesays.com\/lv\/wp-json\/wp\/v2\/media?parent=74626"}],"wp:term":[{"taxonomy":"category","embeddable":true,"href":"https:\/\/www.europesays.com\/lv\/wp-json\/wp\/v2\/categories?post=74626"},{"taxonomy":"post_tag","embeddable":true,"href":"https:\/\/www.europesays.com\/lv\/wp-json\/wp\/v2\/tags?post=74626"}],"curies":[{"name":"wp","href":"https:\/\/api.w.org\/{rel}","templated":true}]}}