{"id":74660,"date":"2025-12-14T20:58:24","date_gmt":"2025-12-14T20:58:24","guid":{"rendered":"https:\/\/www.europesays.com\/lv\/74660\/"},"modified":"2025-12-14T20:58:24","modified_gmt":"2025-12-14T20:58:24","slug":"spried-ar-delfi-vai-dabas-aizsardzibas-varda-jaierobezo-piekrastes-zveja-un-atputa-uz-udeniem","status":"publish","type":"post","link":"https:\/\/www.europesays.com\/lv\/74660\/","title":{"rendered":"&#8220;Spried ar Delfi&#8221;, vai dabas aizsardz\u012bbas v\u0101rd\u0101 j\u0101ierobe\u017eo piekrastes zveja un atp\u016bta uz \u016bde\u0146iem"},"content":{"rendered":"<p>Aizvad\u012btaj\u0101 ned\u0113\u013c\u0101 vied\u0101s administr\u0101cijas un re\u0123ion\u0101l\u0101s att\u012bst\u012bbas ministrs Raimonds \u010cudars (JV) inform\u0113ja, ka, \u0146emot v\u0113r\u0101 piekrastes zvejnieku un \u016bdens sporta p\u0101rst\u0101vju iebildumus, sabiedrisk\u0101 apsprie\u0161ana par <a rel=\"noopener nofollow\" target=\"_blank\" href=\"https:\/\/www.delfi.lv\/temas\/44182823\/jura\" tag-id=\"44182823\">J\u016bras<\/a> aizsarg\u0101jamo teritoriju Dabas aizsardz\u012bbas pl\u0101nu tiek aptur\u0113ta. Kritiz\u0113tos priek\u0161likumus sol\u012bts p\u0101rstr\u0101d\u0101t, un ministrs uzsv\u0113ris, ka ir j\u0101mekl\u0113 kompromiss starp dabas aizsardz\u012bbas interes\u0113m, tautsaimniec\u012bbas interes\u0113m un ar\u012b viet\u0113jo kopienu interes\u0113m. K\u0101ds ir J\u016bras aizsarg\u0101jamo teritoriju dabas aizsardz\u012bbas pl\u0101na m\u0113r\u0137is? K\u0101p\u0113c ar pa\u0161reiz\u0113jo pl\u0101na versiju nav apmierin\u0101ti zvejnieki? Un vai visp\u0101r iesp\u0113jams kompromiss? Par \u0161iem un citiem jaut\u0101jumiem raid\u012bjum\u0101 &#8220;<a rel=\"noopener nofollow\" target=\"_blank\" href=\"https:\/\/www.delfi.lv\/temas\/52957207\/spried-ar-delfi\" tag-id=\"52957207\">Spried ar Delfi<\/a>&#8221; pirmdien, 15. decembr\u012b, pulksten 12 \u017eurn\u0101lists Andris Auz\u0101ns run\u0101s ar Vied\u0101s administr\u0101cijas un re\u0123ion\u0101l\u0101s att\u012bst\u012bbas ministra padomnieci <a rel=\"noopener nofollow\" target=\"_blank\" href=\"https:\/\/www.delfi.lv\/temas\/51540853\/dabas-aizsardziba\" tag-id=\"51540853\">dabas aizsardz\u012bbas<\/a> jaut\u0101jumos Astru Labuci un biedr\u012bbas &#8220;Mazj\u016bras zvejnieki&#8221; p\u0101rst\u0101vi Ivetu Tomsoni.<\/p>\n<p>Jau v\u0113st\u012bts, ka, \u0146emot v\u0113r\u0101 iesaist\u012bto pu\u0161u, tai skait\u0101 piekrastes zvejnieku un \u016bdens sporta p\u0101rst\u0101vju paustos viedok\u013cus par Dabas aizsardz\u012bbas pl\u0101n\u0101 ietvertajiem priek\u0161likumiem aizsarg\u0101jam\u0101m j\u016bras teritorij\u0101m un to aizsardz\u012bbas un izmanto\u0161anas noteikumiem, sabiedrisk\u0101 apsprie\u0161ana par J\u016bras aizsarg\u0101jamo teritoriju dabas aizsardz\u012bbas pl\u0101nu ir aptur\u0113ta.<\/p>\n<p>L\u012bdz ar to \u0161\u012b br\u012b\u017ea Dabas aizsardz\u012bbas pl\u0101na priek\u0161likumi netiks virz\u012bti t\u0101l\u0101k un tiks turpin\u0101ts darbs pie pl\u0101na izstr\u0101des.<\/p>\n<p>K\u0101 zi\u0146ots, decembra s\u0101kum\u0101 Dabas aizsardz\u012bbas p\u0101rvaldes (DAP) Salacgr\u012bvas biroj\u0101 notika aizsarg\u0101jamo j\u016bras teritoriju dabas aizsardz\u012bbas pl\u0101na sabiedrisk\u0101 apsprie\u0161ana, kur\u0101 izv\u0113rt\u0101s karstas debates. Pl\u0101nu kritiz\u0113ja gan zvejnieki, gan ar\u012b piekrastes pa\u0161vald\u012bbu p\u0101rst\u0101vji. <\/p>\n<p>K\u0101 iepriek\u0161 inform\u0113ja DAP projekta &#8220;Life Reef&#8221; vad\u012bt\u0101ja Ilze Sabule, dabas aizsardz\u012bbas pl\u0101na uzdevums ir saska\u0146ot dabas aizsardz\u012bbas un saimniecisk\u0101s darb\u012bbas intereses, nodro\u0161inot dabas v\u0113rt\u012bbu saglab\u0101\u0161anu, k\u0101 ar\u012b netrauc\u0113tu att\u012bst\u012bbu.<\/p>\n<p>Aizsarg\u0101jamo j\u016bras teritoriju t\u012bkls izveidots 2010. gad\u0101 un iek\u013cauts Eiropas noz\u012bmes aizsarg\u0101jamo dabas teritoriju t\u012bkl\u0101 &#8220;<a rel=\"noopener nofollow\" target=\"_blank\" href=\"https:\/\/www.delfi.lv\/temas\/44066737\/natura-2000\" tag-id=\"44066737\">Natura 2000<\/a>&#8220;, lai nodro\u0161in\u0101tu j\u016bras biotopu, sugu saglab\u0101\u0161anu un migr\u0113jo\u0161o putnu baro\u0161an\u0101s un ziemo\u0161anas vietu aizsardz\u012bbu.<\/p>\n<p>Projekt\u0101 veikta j\u016bras biolo\u0123isk\u0101s daudzveid\u012bbas kart\u0113\u0161ana ekskluz\u012bv\u0101s ekonomisk\u0101s zonas \u016bde\u0146os, p\u0101rskat\u012bti pieejamie dati par Latvijai piekrit\u012bgajiem j\u016bras \u016bde\u0146iem, sniegti priek\u0161likumi aizsarg\u0101jamo j\u016bras teritoriju t\u012bkla papla\u0161in\u0101\u0161anai, vienlaikus veidojot da\u017e\u0101das funkcion\u0101l\u0101s zonas, lai nodro\u0161in\u0101tu ilgtsp\u0113j\u012bgu biolo\u0123isk\u0101s daudzveid\u012bbas saglab\u0101\u0161anu un saimniecisk\u0101s darb\u012bbas \u012bsteno\u0161anu.<\/p>\n<p>Savuk\u0101rt zvejnieki nor\u0101da, ka ir nesam\u0113r\u012bgi ierobe\u017eot zvejniec\u012bbu vis\u0101 piekrast\u0113 un kopum\u0101 \u0161\u012b pl\u0101na \u012bsteno\u0161ana nozarei var\u0113tu nodar\u012bt lielu postu. Zvejnieki skaidro, ka DAP rosinot b\u016btiski ierobe\u017eot zveju pla\u0161os j\u016bras apgabalos Latvijas piekrast\u0113 un t\u0101d\u0113j\u0101di \u013coti negat\u012bvi tik\u0161ot ietekm\u0113ta saimniecisk\u0101 aktivit\u0101te daudzos R\u012bgas l\u012b\u010da un Baltijas j\u016bras ciematos un pils\u0113t\u0101s, kuros zveja, zivju k\u016bpin\u0101\u0161ana un apstr\u0101de ir svar\u012bgs r\u016bpals simtiem \u0123ime\u0146u, zvejnieku saimniec\u012bbu un uz\u0146\u0113mumu.<\/p>\n<p>Viens no neapmierin\u0101t\u012bbu rad\u012bju\u0161ajiem priek\u0161likumiem ir iecere da\u013c\u0101 piekrastes putnu ligzdo\u0161anas laik\u0101 noteikt sezon\u0101lo liegumu no 15. marta l\u012bdz 31. augustam, k\u0101 ar\u012b paredz\u0113t atsevi\u0161\u0137as stingras aizsardz\u012bbas zonas. <\/p>\n<p>Savus jaut\u0101jumus raid\u012bjuma viesiem s\u016btiet uz e-pastu spried@delfi.lv vai vietn\u0113 slido.com, izmantojot kodu #Piekraste.<\/p>\n<p>Raid\u012bjuma <a rel=\"noopener nofollow\" target=\"_blank\" href=\"https:\/\/www.delfi.lv\/temas\/52957207\/spried-ar-delfi\" data-rel-date-range=\"[]\">&#8220;Spried ar Delfi<\/a>&#8221; jaun\u0101k\u0101s epizodes ir pieejamas <a rel=\"noopener nofollow\" target=\"_blank\" href=\"https:\/\/podcasts.apple.com\/lv\/podcast\/spried-ar-delfi\/id1600051267\" data-rel-date-range=\"[]\">Apple<\/a> un <a rel=\"noopener nofollow\" target=\"_blank\" href=\"https:\/\/open.spotify.com\/show\/1xlLIWwWF0TtscTAUhGMUv?si=Q8r5UNi3QYyF1w3cUZrAWw&amp;nd=1&amp;dlsi=f709a12a5af54acf\" data-rel-date-range=\"[]\">Spotify<\/a> podk\u0101stos!<\/p>\n<p class=\"m-0\">Seko &#8220;Delfi&#8221; ar\u012b  <a target=\"_blank\" href=\"https:\/\/www.instagram.com\/delfi.lv\/\" rel=\"nofollow noopener\">Instagram<\/a>  un <a target=\"_blank\" href=\"https:\/\/www.youtube.com\/channel\/UCw5foWtcJvAbUm64rv7jwUQ\" rel=\"nofollow noopener\">YouTube<\/a>  profil\u0101 \u2013 pievienojies, lai uzzin\u0101tu svar\u012bg\u0101ko un interesant\u0101ko pirmais!<\/p>\n<p>Publik\u0101cijas saturs vai t\u0101s jebk\u0101da apjoma da\u013ca ir aizsarg\u0101ts autorties\u012bbu objekts Autorties\u012bbu likuma izpratn\u0113, un t\u0101 izmanto\u0161ana bez izdev\u0113ja at\u013caujas ir aizliegta. Vair\u0101k lasi  <a target=\"_blank\" href=\"https:\/\/www.delfi.lv\/noteikumi#autortiesibas\" rel=\"nofollow noopener\">\u0161eit<\/a><script async src=\"\/\/www.instagram.com\/embed.js\"><\/script><\/p>\n","protected":false},"excerpt":{"rendered":"Aizvad\u012btaj\u0101 ned\u0113\u013c\u0101 vied\u0101s administr\u0101cijas un re\u0123ion\u0101l\u0101s att\u012bst\u012bbas ministrs Raimonds \u010cudars (JV) inform\u0113ja, ka, \u0146emot v\u0113r\u0101 piekrastes zvejnieku un&hellip;\n","protected":false},"author":2,"featured_media":74661,"comment_status":"","ping_status":"","sticky":false,"template":"","format":"standard","meta":{"footnotes":""},"categories":[12],"tags":[18965,23,28,29,4953,32,33,22,4746,30,31,35,39,38,36,37,34,40,18964,20,4955,26,27,4954,24,25,3493,18966,21,18963],"class_list":{"0":"post-74660","1":"post","2":"type-post","3":"status-publish","4":"format-standard","5":"has-post-thumbnail","7":"category-latvija","8":"tag-aktiva-atputa","9":"tag-aktualitates","10":"tag-breaking-news","11":"tag-breakingnews","12":"tag-dabas-aizsardziba","13":"tag-featured-news","14":"tag-featurednews","15":"tag-headlines","16":"tag-jura","17":"tag-latest-news","18":"tag-latestnews","19":"tag-latvia","20":"tag-latvian","21":"tag-latviesu","22":"tag-latviesu-valoda","23":"tag-latviesuvaloda","24":"tag-latvija","25":"tag-lv","26":"tag-natura-2000","27":"tag-news","28":"tag-par-aktualo","29":"tag-popularakas-zinas","30":"tag-popularakaszinas","31":"tag-spried-ar-delfi","32":"tag-top-stories","33":"tag-topstories","34":"tag-varam","35":"tag-vides-aizsardzibas-un-regionalas-attistibas-ministrija","36":"tag-zinas","37":"tag-zvejnieciba"},"share_on_mastodon":{"url":"","error":"Validation failed: Text character limit of 500 exceeded"},"_links":{"self":[{"href":"https:\/\/www.europesays.com\/lv\/wp-json\/wp\/v2\/posts\/74660","targetHints":{"allow":["GET"]}}],"collection":[{"href":"https:\/\/www.europesays.com\/lv\/wp-json\/wp\/v2\/posts"}],"about":[{"href":"https:\/\/www.europesays.com\/lv\/wp-json\/wp\/v2\/types\/post"}],"author":[{"embeddable":true,"href":"https:\/\/www.europesays.com\/lv\/wp-json\/wp\/v2\/users\/2"}],"replies":[{"embeddable":true,"href":"https:\/\/www.europesays.com\/lv\/wp-json\/wp\/v2\/comments?post=74660"}],"version-history":[{"count":0,"href":"https:\/\/www.europesays.com\/lv\/wp-json\/wp\/v2\/posts\/74660\/revisions"}],"wp:featuredmedia":[{"embeddable":true,"href":"https:\/\/www.europesays.com\/lv\/wp-json\/wp\/v2\/media\/74661"}],"wp:attachment":[{"href":"https:\/\/www.europesays.com\/lv\/wp-json\/wp\/v2\/media?parent=74660"}],"wp:term":[{"taxonomy":"category","embeddable":true,"href":"https:\/\/www.europesays.com\/lv\/wp-json\/wp\/v2\/categories?post=74660"},{"taxonomy":"post_tag","embeddable":true,"href":"https:\/\/www.europesays.com\/lv\/wp-json\/wp\/v2\/tags?post=74660"}],"curies":[{"name":"wp","href":"https:\/\/api.w.org\/{rel}","templated":true}]}}