{"id":74662,"date":"2025-12-14T20:59:08","date_gmt":"2025-12-14T20:59:08","guid":{"rendered":"https:\/\/www.europesays.com\/lv\/74662\/"},"modified":"2025-12-14T20:59:08","modified_gmt":"2025-12-14T20:59:08","slug":"ekonomikas-ministrija-aicina-domat-par-daugavgrivas-cietoksna-pardosanu-2","status":"publish","type":"post","link":"https:\/\/www.europesays.com\/lv\/74662\/","title":{"rendered":"Ekonomikas ministrija aicina dom\u0101t par Daugavgr\u012bvas cietok\u0161\u0146a p\u0101rdo\u0161anu"},"content":{"rendered":"<p>P\u0113c Kult\u016bras ministrijas apr\u0113\u0137iniem, Daugavgr\u012bvas cietoksnim pl\u0101notais finans\u0113jums tuv\u0101kajiem diviem gadiem var\u0113tu b\u016bt l\u012bdz 184 t\u016bksto\u0161iem gad\u0101.<\/p>\n<p>Daugavgr\u012bvas cietoksni k\u0101 sav\u0113jo aizvien neredz ar\u012b R\u012bgas pils\u0113ta \u2013 tas nav politi\u0137u dienask\u0101rt\u012bb\u0101 un ar\u012b naudu tam pils\u0113ta neatv\u0113l\u0113s. Pied\u0101v\u0101jumi cietoksni p\u0101r\u0146emt gan ir biju\u0161i.<\/p>\n<blockquote class=\"quote ck-widget\" contenteditable=\"false\">\n<p>\u201cApskatot, cik lielas [invest\u012bcijas], run\u0101jam par vair\u0101kiem desmitiem miljonu eiro, \u0161obr\u012bd m\u0113s neredzam no savas puses, kas b\u016btu t\u0101s pa\u0161vald\u012bbas funkcijas, kuru realiz\u0101cijai \u0161\u012b teritorija b\u016btu nepiecie\u0161ama. T\u0101d\u0113\u013c faktiski ir nopietn\u0101ka diskusija no pa\u0161vald\u012bbas puses par \u0161\u012b \u012bpa\u0161uma p\u0101r\u0146em\u0161anu pa\u0161vald\u012bbas bilanc\u0113 nav bijusi,\u201d saka R\u012bgas pils\u0113tas izpilddirektors J\u0101nis Lange.<\/p>\n<\/blockquote>\n<p>Turkl\u0101t R\u012bga ar n\u0101kamo gadu b\u016btiski palielin\u0101jusi nekustam\u0101 \u012bpa\u0161uma nodokli cietok\u0161\u0146a teritorijai, bet \u201cPossessor\u201d pl\u0101no l\u016bgt atbr\u012bvot no t\u0101 maks\u0101\u0161anas.<\/p>\n<p>Ekonomikas ministra Viktora Valai\u0146a (ZZS) ieskat\u0101, iz\u0161\u0137iro\u0161i b\u016bs tas, kur ieg\u016bt resursus jebk\u0101das idejas att\u012bst\u012bbai un pat neizsl\u0113dz nupat \u012bpa\u0161um\u0101 ieg\u016bt\u0101 cietok\u0161\u0146a p\u0101rdo\u0161anu. \u201cB\u016btu ar\u012b lo\u0123iski izv\u0113rt\u0113t to, vai visp\u0101r valstij k\u0101 t\u0101dai ir \u0161is j\u0101att\u012bsta. Vai m\u0113s nevaram piesaist\u012bt ar\u012b k\u0101du priv\u0101tu investoru, vai ar\u012b glu\u017ei vienk\u0101r\u0161i \u0161o akt\u012bvi p\u0101rdot, lai priv\u0101tie t\u0101l\u0101k att\u012bsta attiec\u012bgi savu uz\u0146\u0113m\u0113jdarb\u012bbas formu. Un, manupr\u0101t, valstij kopum\u0101 j\u0101p\u0101rskata ir tas, k\u0101di akt\u012bvi kopum\u0101 valstij pieder,\u201d saka Valainis.<\/p>\n<p>Nacion\u0101l\u0101 kult\u016bras mantojuma p\u0101rvald\u0113 uzsver, ka cietoksnim k\u0101 valsts noz\u012bmes kult\u016bras piemineklim b\u016btu j\u0101paliek valsts \u012bpa\u0161um\u0101 \u2013 gan t\u0101 izcil\u0101s v\u0113sturisk\u0101s v\u0113rt\u012bbas, gan zin\u0101tnisk\u0101 potenci\u0101la d\u0113\u013c.<\/p>\n","protected":false},"excerpt":{"rendered":"P\u0113c Kult\u016bras ministrijas apr\u0113\u0137iniem, Daugavgr\u012bvas cietoksnim pl\u0101notais finans\u0113jums tuv\u0101kajiem diviem gadiem var\u0113tu b\u016bt l\u012bdz 184 t\u016bksto\u0161iem gad\u0101. Daugavgr\u012bvas&hellip;\n","protected":false},"author":2,"featured_media":74534,"comment_status":"","ping_status":"","sticky":false,"template":"","format":"standard","meta":{"footnotes":""},"categories":[5],"tags":[23,28,29,1358,685,2838,32,33,22,1813,30,31,3075,35,39,38,36,37,34,40,20,26,27,24,25,21],"class_list":{"0":"post-74662","1":"post","2":"type-post","3":"status-publish","4":"format-standard","5":"has-post-thumbnail","7":"category-aktualitates","8":"tag-aktualitates","9":"tag-breaking-news","10":"tag-breakingnews","11":"tag-daugavgriva","12":"tag-de-facto","13":"tag-ekonomikas-ministrija","14":"tag-featured-news","15":"tag-featurednews","16":"tag-headlines","17":"tag-kulturas-ministrija","18":"tag-latest-news","19":"tag-latestnews","20":"tag-latvenergo","21":"tag-latvia","22":"tag-latvian","23":"tag-latviesu","24":"tag-latviesu-valoda","25":"tag-latviesuvaloda","26":"tag-latvija","27":"tag-lv","28":"tag-news","29":"tag-popularakas-zinas","30":"tag-popularakaszinas","31":"tag-top-stories","32":"tag-topstories","33":"tag-zinas"},"share_on_mastodon":{"url":"https:\/\/pubeurope.com\/@lv\/115719934217533585","error":""},"_links":{"self":[{"href":"https:\/\/www.europesays.com\/lv\/wp-json\/wp\/v2\/posts\/74662","targetHints":{"allow":["GET"]}}],"collection":[{"href":"https:\/\/www.europesays.com\/lv\/wp-json\/wp\/v2\/posts"}],"about":[{"href":"https:\/\/www.europesays.com\/lv\/wp-json\/wp\/v2\/types\/post"}],"author":[{"embeddable":true,"href":"https:\/\/www.europesays.com\/lv\/wp-json\/wp\/v2\/users\/2"}],"replies":[{"embeddable":true,"href":"https:\/\/www.europesays.com\/lv\/wp-json\/wp\/v2\/comments?post=74662"}],"version-history":[{"count":0,"href":"https:\/\/www.europesays.com\/lv\/wp-json\/wp\/v2\/posts\/74662\/revisions"}],"wp:featuredmedia":[{"embeddable":true,"href":"https:\/\/www.europesays.com\/lv\/wp-json\/wp\/v2\/media\/74534"}],"wp:attachment":[{"href":"https:\/\/www.europesays.com\/lv\/wp-json\/wp\/v2\/media?parent=74662"}],"wp:term":[{"taxonomy":"category","embeddable":true,"href":"https:\/\/www.europesays.com\/lv\/wp-json\/wp\/v2\/categories?post=74662"},{"taxonomy":"post_tag","embeddable":true,"href":"https:\/\/www.europesays.com\/lv\/wp-json\/wp\/v2\/tags?post=74662"}],"curies":[{"name":"wp","href":"https:\/\/api.w.org\/{rel}","templated":true}]}}