{"id":74691,"date":"2025-12-14T21:23:34","date_gmt":"2025-12-14T21:23:34","guid":{"rendered":"https:\/\/www.europesays.com\/lv\/74691\/"},"modified":"2025-12-14T21:23:34","modified_gmt":"2025-12-14T21:23:34","slug":"rokpelnis-kritize-mediju-atbalsta-fonda-finansejuma-izmainas-baidoties-par-mediju-daudzveidibu-lente-lv","status":"publish","type":"post","link":"https:\/\/www.europesays.com\/lv\/74691\/","title":{"rendered":"Rokpelnis kritiz\u0113 Mediju atbalsta fonda finans\u0113juma izmai\u0146as, baidoties par mediju daudzveid\u012bbu\u00a0\u2014\u00a0Lente.lv"},"content":{"rendered":"<p>Rokpelnis pau\u017e nopietnas ba\u017eas par izmai\u0146\u0101m Mediju atbalsta fond\u0101<\/p>\n<p>Za\u013co un zemnieku savien\u012bbas (ZZS) Saeimas frakcijas vad\u012bt\u0101js Harijs Rokpelnis ir izteicis kritisku v\u0113rt\u0113jumu par pl\u0101notaj\u0101m izmai\u0146\u0101m Mediju atbalsta fonda (MAF) finans\u0113juma sadal\u0113. K\u0101 inform\u0113 port\u0101ls jauns.lv, Rokpelnis uzsver, ka iecer\u0113tie groz\u012bjumi rada iev\u0113rojamus riskus un neskaidr\u012bbas, apdraudot mediju vides stabilit\u0101ti un past\u0101vot iesp\u0113jai, ka sekas var\u0113tu b\u016bt neatgriezeniskas, mazinot mediju pieejam\u012bbu un daudzveid\u012bbu Latvijas informat\u012bvaj\u0101 telp\u0101. \u0160\u012bs ba\u017eas tika paustas p\u0113c tik\u0161an\u0101s ar Latvijas Preses izdev\u0113ju asoci\u0101cijas (LPIA) p\u0101rst\u0101vjiem, kuri ar\u012b paudu\u0161i satraukumu par Kult\u016bras ministrijas priek\u0161likumiem, kas nav saska\u0146oti ar nozari un fundament\u0101li main\u012btu gadu gait\u0101 izveidoto atbalsta sist\u0113mu.<\/p>\n<p>ZZS aicina politiskos partnerus p\u0101rskat\u012bt rosin\u0101t\u0101s izmai\u0146as<\/p>\n<p>Rokpelnis atkl\u0101ja, ka ZZS frakcija aicin\u0101s koal\u012bcijas partnerus r\u016bp\u012bgi izv\u0113rt\u0113t un p\u0101rskat\u012bt rosin\u0101t\u0101s izmai\u0146as MAF nolikum\u0101. Galvenais m\u0113r\u0137is ir saglab\u0101t l\u012bdz\u0161in\u0113jo finans\u0113juma sadales proporciju starp da\u017e\u0101diem mediju veidiem, nodro\u0161inot stabilu un prognoz\u0113jamu atbalsta sist\u0113mu. Vi\u0146\u0161 uzsv\u0113ra, ka mediju uz\u0146\u0113mumiem ir nepiecie\u0161ama stabilit\u0101te, lai tie var\u0113tu pa\u013cauties uz izsv\u0113rtu un ilgtsp\u0113j\u012bgu finans\u0113jumu.<\/p>\n<p>LPIA izsaka kategoriskus iebildumus pret nep\u0101rdom\u0101t\u0101m reform\u0101m<\/p>\n<p>Latvijas Preses izdev\u0113ju asoci\u0101cijas (LPIA) valde, nesl\u0113pjot dzi\u013cu neapmierin\u0101t\u012bbu un satraukumu, ir v\u0113rsusies ar atkl\u0101tu v\u0113stuli pie kult\u016bras ministres Agneses L\u0101ces, Sabiedr\u012bbas integr\u0101cijas fonda padomes priek\u0161s\u0113d\u0113t\u0101jas Karinas Plokas un valdo\u0161\u0101s koal\u012bcijas partiju l\u012bderiem. V\u0113stules autori uzsver, ka Kult\u016bras ministrijas priek\u0161likumi, kas paredz\u0113ti 2026. gada bud\u017eet\u0101, var\u0113tu radik\u0101li main\u012bt mediju atbalsta meh\u0101nismus, radot priek\u0161roc\u012bbas vieniem mediju veidiem uz citu r\u0113\u0137ina. Tas, p\u0113c izdev\u0113ju dom\u0101m, var\u0113tu rad\u012bt neatgriezenisku kait\u0113jumu nacion\u0101lajai presei, \u012bpa\u0161i re\u0123ion\u0101lajiem un mazajiem medijiem, kuri jau t\u0101pat saskaras ar iev\u0113rojam\u0101m gr\u016bt\u012bb\u0101m. Asoci\u0101cija kritiski v\u0113rt\u0113 to, ka priek\u0161likumi sagatavoti, ignor\u0113jot nozares vair\u0101kk\u0101rt paustos iebildumus un aicin\u0101jumu nodro\u0161in\u0101t pak\u0101penisku p\u0101reju uz jauno modeli. K\u0101 analogs tiek min\u0113ta situ\u0101cija, kur\u0101 sabiedriskais transports tiktu p\u0101rorient\u0113ts tikai uz vilcieniem, piln\u012bb\u0101 ignor\u0113jot autobusu noz\u012bmi lauku re\u0123ionos.<\/p>\n<p>Nacion\u0101lo mediju organiz\u0101cijas vienoti iebildumos pret MAF izmai\u0146\u0101m<\/p>\n<p>Vair\u0101kas nacion\u0101l\u0101s mediju organiz\u0101cijas, tostarp Latvijas Raidorganiz\u0101ciju asoci\u0101cija un Latvijas Preses izdev\u0113ju asoci\u0101cija, kuras p\u0101rst\u0101v vair\u0101k nek\u0101 20 nacion\u0101lo mediju uz\u0146\u0113mumus, ir paudu\u0161as savu neatbalstu Kult\u016bras ministrijas pied\u0101v\u0101taj\u0101m izmai\u0146\u0101m Mediju atbalsta fonda (MAF) darb\u012bb\u0101. \u0160\u012bs organiz\u0101cijas uzskata, ka priek\u0161likumi ir nepamatoti un var rad\u012bt nestabilit\u0101ti mediju atbalsta sist\u0113m\u0101, k\u0101 ar\u012b negat\u012bvu efektu mediju daudzveid\u012bbai. Tiek uzsv\u0113rts, ka eso\u0161ais MAF modelis ir izveidots p\u0113c pla\u0161\u0101m konsult\u0101cij\u0101m un pan\u0101ktiem kompromisiem, nodro\u0161inot sabalans\u0113tu atbalstu sabiedriski noz\u012bm\u012bga satura rad\u012b\u0161anai da\u017e\u0101dos medijos. Lai gan mediju vide strauji transform\u0113jas, jebkur\u0101m izmai\u0146\u0101m ir j\u0101b\u016bt izp\u0113t\u0113 balst\u012bt\u0101m, jo &#8220;eksperimenti ar mediju atbalsta form\u0101m \u0161obr\u012bd nav pie\u013caujami.&#8221;<\/p>\n<p>Kult\u016bras ministrijas priek\u0161likumu b\u016bt\u012bba<\/p>\n<p>Kult\u016bras ministrijas priek\u0161likumi izmai\u0146\u0101m MAF darb\u012bb\u0101 tika prezent\u0113ti Mediju politikas konsultat\u012bv\u0101s padomes s\u0113d\u0113. Organiz\u0101cijas pau\u017e kategoriskus iebildumus, nor\u0101dot, ka priek\u0161likumi sagatavoti, ignor\u0113jot nozares iebildumus un apdraudot gadu gait\u0101 izveidoto sist\u0113mu. Tiek uzsv\u0113rts, ka jaunais finans\u0113juma sadales modelis var\u0113tu novirz\u012bt l\u012bdzek\u013cus prom no druk\u0101t\u0101s preses, kas ir b\u016btisks inform\u0101cijas avots daudziem iedz\u012bvot\u0101jiem, \u012bpa\u0161i gados vec\u0101kiem cilv\u0113kiem un tiem, kuri dz\u012bvo \u0101rpus lielaj\u0101m pils\u0113t\u0101m. Rokpelnis un LPIA aicina nepie\u013caut \u0161\u012bs radik\u0101l\u0101s izmai\u0146as, kas var\u0113tu rad\u012bt neatgriezeniskas sekas mediju ainav\u0101.<\/p>\n","protected":false},"excerpt":{"rendered":"Rokpelnis pau\u017e nopietnas ba\u017eas par izmai\u0146\u0101m Mediju atbalsta fond\u0101 Za\u013co un zemnieku savien\u012bbas (ZZS) Saeimas frakcijas vad\u012bt\u0101js Harijs&hellip;\n","protected":false},"author":2,"featured_media":74692,"comment_status":"","ping_status":"","sticky":false,"template":"","format":"standard","meta":{"footnotes":""},"categories":[12],"tags":[23,28,29,32,33,3543,22,30,31,35,39,38,36,37,34,18977,40,18976,18978,20,26,27,24,25,21,666],"class_list":{"0":"post-74691","1":"post","2":"type-post","3":"status-publish","4":"format-standard","5":"has-post-thumbnail","7":"category-latvija","8":"tag-aktualitates","9":"tag-breaking-news","10":"tag-breakingnews","11":"tag-featured-news","12":"tag-featurednews","13":"tag-harijs-rokpelnis","14":"tag-headlines","15":"tag-latest-news","16":"tag-latestnews","17":"tag-latvia","18":"tag-latvian","19":"tag-latviesu","20":"tag-latviesu-valoda","21":"tag-latviesuvaloda","22":"tag-latvija","23":"tag-latvijas-preses-izdeveju-asociacija","24":"tag-lv","25":"tag-mediju-atbalsta-fonds","26":"tag-mediju-politika","27":"tag-news","28":"tag-popularakas-zinas","29":"tag-popularakaszinas","30":"tag-top-stories","31":"tag-topstories","32":"tag-zinas","33":"tag-zzs"},"share_on_mastodon":{"url":"https:\/\/pubeurope.com\/@lv\/115720028369858338","error":""},"_links":{"self":[{"href":"https:\/\/www.europesays.com\/lv\/wp-json\/wp\/v2\/posts\/74691","targetHints":{"allow":["GET"]}}],"collection":[{"href":"https:\/\/www.europesays.com\/lv\/wp-json\/wp\/v2\/posts"}],"about":[{"href":"https:\/\/www.europesays.com\/lv\/wp-json\/wp\/v2\/types\/post"}],"author":[{"embeddable":true,"href":"https:\/\/www.europesays.com\/lv\/wp-json\/wp\/v2\/users\/2"}],"replies":[{"embeddable":true,"href":"https:\/\/www.europesays.com\/lv\/wp-json\/wp\/v2\/comments?post=74691"}],"version-history":[{"count":0,"href":"https:\/\/www.europesays.com\/lv\/wp-json\/wp\/v2\/posts\/74691\/revisions"}],"wp:featuredmedia":[{"embeddable":true,"href":"https:\/\/www.europesays.com\/lv\/wp-json\/wp\/v2\/media\/74692"}],"wp:attachment":[{"href":"https:\/\/www.europesays.com\/lv\/wp-json\/wp\/v2\/media?parent=74691"}],"wp:term":[{"taxonomy":"category","embeddable":true,"href":"https:\/\/www.europesays.com\/lv\/wp-json\/wp\/v2\/categories?post=74691"},{"taxonomy":"post_tag","embeddable":true,"href":"https:\/\/www.europesays.com\/lv\/wp-json\/wp\/v2\/tags?post=74691"}],"curies":[{"name":"wp","href":"https:\/\/api.w.org\/{rel}","templated":true}]}}