{"id":74699,"date":"2025-12-14T21:31:24","date_gmt":"2025-12-14T21:31:24","guid":{"rendered":"https:\/\/www.europesays.com\/lv\/74699\/"},"modified":"2025-12-14T21:31:24","modified_gmt":"2025-12-14T21:31:24","slug":"nemo-atdod-eirovizijas-trofeju-protesta-pret-izraelas-dalibu-2026-gada-konkurss-vine-saskaras-ar-enu-lente-lv-2","status":"publish","type":"post","link":"https:\/\/www.europesays.com\/lv\/74699\/","title":{"rendered":"Nemo atdod \u201cEirov\u012bzijas\u201d trofeju protest\u0101 pret Izra\u0113las dal\u012bbu; 2026. gada konkurss V\u012bn\u0113 saskaras ar \u0113nu\u00a0\u2014\u00a0Lente.lv"},"content":{"rendered":"<p>Nemo atdod \u201cEirov\u012bzijas\u201d trofeju, protest\u0113jot pret Izra\u0113las dal\u012bbu<\/p>\n<p>K\u0101 zi\u0146o telekan\u0101ls TV3, 2024. gada \u201cEirov\u012bzijas\u201d dziesmu konkursa uzvar\u0113t\u0101js Nemo Metlers ir pie\u0146\u0113mis \u0161ok\u0113jo\u0161u l\u0113mumu \u2013 vi\u0146\u0161 atgrie\u017e savu uzvaras trofeju. \u0160is radik\u0101lais solis ir tie\u0161a reakcija uz Izra\u0113las turpm\u0101ko dal\u012bbu starptautiskaj\u0101 dziesmu konkurs\u0101, metot iev\u0113rojamu \u0113nu p\u0101r gaid\u0101mo 2026. gada \u201cEirov\u012bziju\u201d, kas norisin\u0101sies V\u012bn\u0113. Nemo, kur\u0161 izpeln\u012bj\u0101s milz\u012bgu atzin\u012bbu ar savu dziesmu \u201cThe Code\u201d, pau\u017e stingru neapmierin\u0101t\u012bbu ar situ\u0101ciju, kas, vi\u0146apr\u0101t, nav savienojama ar konkursa v\u0113rt\u012bb\u0101m.<\/p>\n<p>Pla\u0161\u0101ks protests un t\u0101 sekas<\/p>\n<p>Nemo r\u012bc\u012bba nav izol\u0113ts incidents, bet gan da\u013ca no pla\u0161\u0101kas kust\u012bbas, kas aicina uz boikotu vai vismaz iev\u0113rojamu diskusiju par Izra\u0113las dal\u012bbas mor\u0101laj\u0101m un \u0113tiskaj\u0101m sek\u0101m \u201cEirov\u012bzij\u0101\u201d. \u0160\u012b situ\u0101cija liek aizdom\u0101ties par to, k\u0101 politiskie notikumi pasaul\u0113 ietekm\u0113 kult\u016bras pas\u0101kumus un k\u0101 m\u0101kslinieki rea\u0123\u0113 uz \u0161\u012bm p\u0101rmai\u0146\u0101m. Nemo pazi\u0146ojums ir sp\u0113c\u012bgs sign\u0101ls, kas mudina gan organizatorus, gan citus dal\u012bbniekus un skat\u012bt\u0101jus dzi\u013c\u0101k apdom\u0101t konkursa lomu un atbild\u012bbu. Ir skaidrs, ka \u0161is notikums rad\u012bs rezonansi un iesp\u0113jams ietekm\u0113s ar\u012b citu valstu m\u0101kslinieku gatav\u012bbu piedal\u012bties n\u0101kamajos konkursos.<\/p>\n<p>N\u0101kotnes perspekt\u012bvas un izaicin\u0101jumi<\/p>\n<p>Gaid\u0101mais \u201cEirov\u012bzijas\u201d konkurss 2026. gad\u0101 V\u012bn\u0113 nu ir non\u0101cis uzman\u012bbas centr\u0101 ne tikai muzik\u0101l\u0101, bet ar\u012b politisk\u0101 un soci\u0101l\u0101 zi\u0146\u0101. Nemo l\u0113mums demonstr\u0113t savu principialit\u0101ti ir uzmundrin\u0101jums tiem, kuri uzskata, ka \u201cEirov\u012bzijai\u201d j\u0101b\u016bt platformai mieram un vienot\u012bbai. Tom\u0113r tas rada ar\u012b nopietnus izaicin\u0101jumus r\u012bkot\u0101jiem, kuriem b\u016bs j\u0101mekl\u0113 risin\u0101jumi, lai nodro\u0161in\u0101tu gan konkursa norisi, gan uzklaus\u012btu da\u017e\u0101d\u0101s viedok\u013cu spektrus. \u0160\u012b situ\u0101cija ir k\u0101 spogulis, kas atspogu\u013co sare\u017e\u0123\u012bto pasaules politisko ainavu un t\u0101s atst\u0101t\u0101s p\u0113das pat \u0161\u0137ietami neitr\u0101los m\u0101kslas pas\u0101kumos.<\/p>\n","protected":false},"excerpt":{"rendered":"Nemo atdod \u201cEirov\u012bzijas\u201d trofeju, protest\u0113jot pret Izra\u0113las dal\u012bbu K\u0101 zi\u0146o telekan\u0101ls TV3, 2024. gada \u201cEirov\u012bzijas\u201d dziesmu konkursa uzvar\u0113t\u0101js&hellip;\n","protected":false},"author":2,"featured_media":74700,"comment_status":"","ping_status":"","sticky":false,"template":"","format":"standard","meta":{"footnotes":""},"categories":[19],"tags":[17310,89,90,7010,35,39,38,36,37,34,40,18680,18967,18681],"class_list":{"0":"post-74699","1":"post","2":"type-post","3":"status-publish","4":"format-standard","5":"has-post-thumbnail","7":"category-izklaide","8":"tag-eirovizija-2026","9":"tag-entertainment","10":"tag-izklaide","11":"tag-izraelas-daliba","12":"tag-latvia","13":"tag-latvian","14":"tag-latviesu","15":"tag-latviesu-valoda","16":"tag-latviesuvaloda","17":"tag-latvija","18":"tag-lv","19":"tag-nemo","20":"tag-politiskais-protests","21":"tag-trofejas-atgriesana"},"share_on_mastodon":{"url":"https:\/\/pubeurope.com\/@lv\/115720059865931961","error":""},"_links":{"self":[{"href":"https:\/\/www.europesays.com\/lv\/wp-json\/wp\/v2\/posts\/74699","targetHints":{"allow":["GET"]}}],"collection":[{"href":"https:\/\/www.europesays.com\/lv\/wp-json\/wp\/v2\/posts"}],"about":[{"href":"https:\/\/www.europesays.com\/lv\/wp-json\/wp\/v2\/types\/post"}],"author":[{"embeddable":true,"href":"https:\/\/www.europesays.com\/lv\/wp-json\/wp\/v2\/users\/2"}],"replies":[{"embeddable":true,"href":"https:\/\/www.europesays.com\/lv\/wp-json\/wp\/v2\/comments?post=74699"}],"version-history":[{"count":0,"href":"https:\/\/www.europesays.com\/lv\/wp-json\/wp\/v2\/posts\/74699\/revisions"}],"wp:featuredmedia":[{"embeddable":true,"href":"https:\/\/www.europesays.com\/lv\/wp-json\/wp\/v2\/media\/74700"}],"wp:attachment":[{"href":"https:\/\/www.europesays.com\/lv\/wp-json\/wp\/v2\/media?parent=74699"}],"wp:term":[{"taxonomy":"category","embeddable":true,"href":"https:\/\/www.europesays.com\/lv\/wp-json\/wp\/v2\/categories?post=74699"},{"taxonomy":"post_tag","embeddable":true,"href":"https:\/\/www.europesays.com\/lv\/wp-json\/wp\/v2\/tags?post=74699"}],"curies":[{"name":"wp","href":"https:\/\/api.w.org\/{rel}","templated":true}]}}