{"id":74738,"date":"2025-12-14T22:28:08","date_gmt":"2025-12-14T22:28:08","guid":{"rendered":"https:\/\/www.europesays.com\/lv\/74738\/"},"modified":"2025-12-14T22:28:08","modified_gmt":"2025-12-14T22:28:08","slug":"septinas-problemas-eiropas-aizsardziba-kas-jarisina-nekavejoties","status":"publish","type":"post","link":"https:\/\/www.europesays.com\/lv\/74738\/","title":{"rendered":"Septi\u0146as probl\u0113mas Eiropas aizsardz\u012bb\u0101, kas j\u0101risina nekav\u0113joties"},"content":{"rendered":"<p>V\u0113l viens svar\u012bgs faktors ir milit\u0101r\u0101 mobilit\u0101te Eirop\u0101. Pa\u0161laik, lai Sp\u0101nijas brig\u0101de tiktu no savas valsts l\u012bdz otrai Eiropas da\u013cai uz m\u0101c\u012bb\u0101m, tam ir nepiecie\u0161ams m\u0113nesis laika. Nevis t\u0101d\u0113\u013c, ka b\u016btu lo\u0123istikas probl\u0113mas, piem\u0113ram, tr\u016bktu degvielas, bet gan t\u0101d\u0113\u013c, ka pa ce\u013cam ir vair\u0101kas pieturas, kur\u0101s ir j\u0101risina da\u017e\u0101das formalit\u0101tes, piem\u0113ram, j\u0101gaida at\u013cauja, lai var\u0113tu \u0161\u0137\u0113rsot robe\u017eu uz n\u0101kamo valsti. Amb\u012bcijas ir, lai Eiropu var\u0113tu \u0161\u0137\u0113rsot tr\u012bs dien\u0101s.<\/p>\n<p>&#8220;Kopum\u0101 Eiropai ir septi\u0146as da\u017e\u0101das probl\u0113mas aizsardz\u012bb\u0101. Pirm\u0101 \u2013 pretgaisa aizsardz\u012bba. Lo\u0123iski, ka visas debesis nokl\u0101t nevar. Tom\u0113r tas ir aspekts numur viens, ko nepiecie\u0161ams risin\u0101t, un Latvija \u0161aj\u0101 jom\u0101 izskat\u0101s diezgan labi, jo m\u0113s kop\u0101 ar igau\u0146iem p\u0113rkam IRIS-T pretgaisa aizsardz\u012bbas sist\u0113mas. Pretgaisa aizsardz\u012bba nevar b\u016bt tikai d\u0101rgas ra\u0137etes, tam ir j\u0101b\u016bt kaut kam l\u0113t\u0101kam, lai c\u012bn\u012btos pret droniem,&#8221; nor\u0101da Sta\u0137is.<\/p>\n","protected":false},"excerpt":{"rendered":"V\u0113l viens svar\u012bgs faktors ir milit\u0101r\u0101 mobilit\u0101te Eirop\u0101. Pa\u0161laik, lai Sp\u0101nijas brig\u0101de tiktu no savas valsts l\u012bdz otrai&hellip;\n","protected":false},"author":2,"featured_media":74739,"comment_status":"","ping_status":"","sticky":false,"template":"","format":"standard","meta":{"footnotes":""},"categories":[14],"tags":[23,57,28,29,5688,514,32,33,22,30,31,35,39,38,36,37,34,40,18991,20,9963,26,27,24,25,54,55,56,21,58],"class_list":{"0":"post-74738","1":"post","2":"type-post","3":"status-publish","4":"format-standard","5":"has-post-thumbnail","7":"category-zinas-no-arvalstim","8":"tag-aktualitates","9":"tag-arvalstim","10":"tag-breaking-news","11":"tag-breakingnews","12":"tag-eiropas-parlaments","13":"tag-eiropas-savieniba","14":"tag-featured-news","15":"tag-featurednews","16":"tag-headlines","17":"tag-latest-news","18":"tag-latestnews","19":"tag-latvia","20":"tag-latvian","21":"tag-latviesu","22":"tag-latviesu-valoda","23":"tag-latviesuvaloda","24":"tag-latvija","25":"tag-lv","26":"tag-martins-stakis","27":"tag-news","28":"tag-politiska-atbildiba-eiropa","29":"tag-popularakas-zinas","30":"tag-popularakaszinas","31":"tag-top-stories","32":"tag-topstories","33":"tag-world","34":"tag-world-news","35":"tag-worldnews","36":"tag-zinas","37":"tag-zinas-no-arvalstim"},"share_on_mastodon":{"url":"https:\/\/pubeurope.com\/@lv\/115720284038548705","error":""},"_links":{"self":[{"href":"https:\/\/www.europesays.com\/lv\/wp-json\/wp\/v2\/posts\/74738","targetHints":{"allow":["GET"]}}],"collection":[{"href":"https:\/\/www.europesays.com\/lv\/wp-json\/wp\/v2\/posts"}],"about":[{"href":"https:\/\/www.europesays.com\/lv\/wp-json\/wp\/v2\/types\/post"}],"author":[{"embeddable":true,"href":"https:\/\/www.europesays.com\/lv\/wp-json\/wp\/v2\/users\/2"}],"replies":[{"embeddable":true,"href":"https:\/\/www.europesays.com\/lv\/wp-json\/wp\/v2\/comments?post=74738"}],"version-history":[{"count":0,"href":"https:\/\/www.europesays.com\/lv\/wp-json\/wp\/v2\/posts\/74738\/revisions"}],"wp:featuredmedia":[{"embeddable":true,"href":"https:\/\/www.europesays.com\/lv\/wp-json\/wp\/v2\/media\/74739"}],"wp:attachment":[{"href":"https:\/\/www.europesays.com\/lv\/wp-json\/wp\/v2\/media?parent=74738"}],"wp:term":[{"taxonomy":"category","embeddable":true,"href":"https:\/\/www.europesays.com\/lv\/wp-json\/wp\/v2\/categories?post=74738"},{"taxonomy":"post_tag","embeddable":true,"href":"https:\/\/www.europesays.com\/lv\/wp-json\/wp\/v2\/tags?post=74738"}],"curies":[{"name":"wp","href":"https:\/\/api.w.org\/{rel}","templated":true}]}}