{"id":74758,"date":"2025-12-14T23:01:10","date_gmt":"2025-12-14T23:01:10","guid":{"rendered":"https:\/\/www.europesays.com\/lv\/74758\/"},"modified":"2025-12-14T23:01:10","modified_gmt":"2025-12-14T23:01:10","slug":"x-faktora-uzvar-jurgis-namejs-zvejnieks-ko-par-jauno-zvaigzni-saka-skatitaji-santa","status":"publish","type":"post","link":"https:\/\/www.europesays.com\/lv\/74758\/","title":{"rendered":"\u00abX Faktor\u0101\u00bb uzvar Jur\u0123is Namejs Zvejnieks. Ko par jauno zvaigzni saka skat\u012bt\u0101ji? \u2014 Santa"},"content":{"rendered":"<p>\u0160ova X Faktors fin\u0101l\u0101 start\u0113ja ener\u0123isk\u0101 Lotte Egl\u012bte, sportiskais un m\u0113r\u0137tiec\u012bgais Jur\u0123is Namejs Zvejnieks un skan\u012bg\u0101s balss \u012bpa\u0161niece no Latgales Dagm\u0101ra Laic\u0101ne.<\/p>\n<p>Par jauno X Faktora zvaigzni \u0161aj\u0101 sezon\u0101 k\u013cuva Jur\u0123is Namejs Zvejnieks.<\/p>\n<blockquote><p>&#13;<\/p>\n<p>\u00abLabi, ka Jur\u0123is piedzima 2005. gad\u0101, jo cit\u0101di mana karjera b\u016btu pa\u2026\u0101,\u00bb<\/p>\n<p>&#13;\n<\/p><\/blockquote>\n<p>dzirdot vi\u0146a uzst\u0101\u0161anos\u00a0fin\u0101l\u0101, emocijas nesl\u0113pa \u017e\u016brijas loceklis m\u016bzi\u0137is Intars Busulis.\u00a0<\/p>\n<p>\u00a0<\/p>\n<p>                    <a data-role=\"gallery.trigger\" href=\"https:\/\/www.santa.lv\/raksts\/personibas\/x-faktora-uzvar-jurgis-namejs-zvejnieks.-ko-par-jauno-zvaigzni-saka-skatitaji-79652\/javascript:;\" style=\"background-image:url(&#039;https:\/\/cdn.santa.lv\/media\/2025\/12\/2\/xlarge\/065b2c3214e4.jpg&#039;)\" aria-label=\"Atv\u0113rt galeriju\" rel=\"nofollow noopener\" target=\"_blank\"><\/p>\n<p>                                            <a data-role=\"gallery.trigger\" href=\"https:\/\/www.santa.lv\/raksts\/personibas\/x-faktora-uzvar-jurgis-namejs-zvejnieks.-ko-par-jauno-zvaigzni-saka-skatitaji-79652\/javascript:;\" style=\"background-image:url(&#039;https:\/\/cdn.santa.lv\/media\/2025\/12\/2\/small\/85efaa1c2210.jpg&#039;)\" aria-label=\"Atv\u0113rt galeriju\" rel=\"nofollow noopener\" target=\"_blank\"><br \/>\n                                                    <\/a><br \/>\n                                                <a data-role=\"gallery.trigger\" href=\"https:\/\/www.santa.lv\/raksts\/personibas\/x-faktora-uzvar-jurgis-namejs-zvejnieks.-ko-par-jauno-zvaigzni-saka-skatitaji-79652\/javascript:;\" style=\"background-image:url(&#039;https:\/\/cdn.santa.lv\/media\/2025\/12\/2\/small\/c92b4593813d.jpg&#039;)\" aria-label=\"Atv\u0113rt galeriju\" rel=\"nofollow noopener\" target=\"_blank\"><br \/>\n                                                    <\/a><br \/>\n                                                <a data-role=\"gallery.trigger\" href=\"https:\/\/www.santa.lv\/raksts\/personibas\/x-faktora-uzvar-jurgis-namejs-zvejnieks.-ko-par-jauno-zvaigzni-saka-skatitaji-79652\/javascript:;\" style=\"background-image:url(&#039;https:\/\/cdn.santa.lv\/media\/2025\/12\/2\/small\/21fb0eb4d318.jpg&#039;)\" aria-label=\"Atv\u0113rt galeriju\" rel=\"nofollow noopener\" target=\"_blank\"><br \/>\n                            +60                        <\/a><\/p>\n<p>\u00a0<\/p>\n<p>Jau iepriek\u0161, pr\u0101tojot par to, k\u0101 uzvaras gad\u012bjum\u0101 izmantotu naudas balvu, Jur\u0123is atzina \u2013 vi\u0146\u0161 to velt\u012bs savai muzik\u0101lajai att\u012bst\u012bbai. Pirmk\u0101rt, ieg\u0101d\u0101sies jaunas klavieres, k\u0101 ar\u012b \u2013 apg\u016bs \u0123it\u0101rsp\u0113li, lai papla\u0161in\u0101tu savu muzik\u0101lo valodu un iesp\u0113jas uz skatuves.<\/p>\n<p>Par savu liel\u0101ko veiksmi vi\u0146\u0161 uzskata non\u0101k\u0161anu m\u016bzi\u0137a Rei\u0146a S\u0113j\u0101na komand\u0101. \u00abMan pat\u012bk grupa Instrumenti, jo vi\u0146iem ir savs stili\u0146\u0161. Es to saku ne t\u0101p\u0113c, ka Reinis ir mans mentors. Mums ar vi\u0146u labi saskan, uz liet\u0101m skat\u0101mies l\u012bdz\u012bgi,\u00bb \u017eurn\u0101lam Priv\u0101t\u0101 Dz\u012bve atzina puisis. Tie\u0161i Reinis vi\u0146am \u013c\u0101vis apjaust, ka b\u016bt at\u0161\u0137ir\u012bgam, ekspres\u012bvam un pat d\u012bvainam ir labi.<\/p>\n<p>\u00a0<\/p>\n<p>                    <a data-role=\"gallery.trigger\" href=\"https:\/\/www.santa.lv\/raksts\/personibas\/x-faktora-uzvar-jurgis-namejs-zvejnieks.-ko-par-jauno-zvaigzni-saka-skatitaji-79652\/javascript:;\" style=\"background-image:url(&#039;https:\/\/cdn.santa.lv\/media\/2025\/12\/2\/xlarge\/f615ce3e7a58.jpg&#039;)\" aria-label=\"Atv\u0113rt galeriju\" rel=\"nofollow noopener\" target=\"_blank\"><\/p>\n<p>                                            <a data-role=\"gallery.trigger\" href=\"https:\/\/www.santa.lv\/raksts\/personibas\/x-faktora-uzvar-jurgis-namejs-zvejnieks.-ko-par-jauno-zvaigzni-saka-skatitaji-79652\/javascript:;\" style=\"background-image:url(&#039;https:\/\/cdn.santa.lv\/media\/2025\/12\/2\/small\/73b8c722f9b2.jpg&#039;)\" aria-label=\"Atv\u0113rt galeriju\" rel=\"nofollow noopener\" target=\"_blank\"><br \/>\n                                                    <\/a><br \/>\n                                                <a data-role=\"gallery.trigger\" href=\"https:\/\/www.santa.lv\/raksts\/personibas\/x-faktora-uzvar-jurgis-namejs-zvejnieks.-ko-par-jauno-zvaigzni-saka-skatitaji-79652\/javascript:;\" style=\"background-image:url(&#039;https:\/\/cdn.santa.lv\/media\/2025\/12\/2\/small\/7e006724fb02.jpg&#039;)\" aria-label=\"Atv\u0113rt galeriju\" rel=\"nofollow noopener\" target=\"_blank\"><br \/>\n                                                    <\/a><br \/>\n                                                <a data-role=\"gallery.trigger\" href=\"https:\/\/www.santa.lv\/raksts\/personibas\/x-faktora-uzvar-jurgis-namejs-zvejnieks.-ko-par-jauno-zvaigzni-saka-skatitaji-79652\/javascript:;\" style=\"background-image:url(&#039;https:\/\/cdn.santa.lv\/media\/2025\/12\/2\/small\/b9cadebd9651.jpg&#039;)\" aria-label=\"Atv\u0113rt galeriju\" rel=\"nofollow noopener\" target=\"_blank\"><br \/>\n                            +1                        <\/a><\/p>\n<p>\u00a0<\/p>\n<p>Jau pirmaj\u0101 fin\u0101la izn\u0101cien\u0101 Jur\u0123is Namejs Zvejnieks demonstr\u0113ja spo\u017eu sniegumu. Vi\u0146\u0161 piepild\u012bja savu sapni \u2013 nodzied\u0101ja grupas Queen ikonisko un neb\u016bt ne vienk\u0101r\u0161o \u00a0Bohemian Rhapsody, un vi\u0146am tas patie\u0161\u0101m izdev\u0101s lieliski. Otraj\u0101 priek\u0161nesum\u0101 Jur\u0123is k\u0101pa uz skatuves kop\u0101 ar Aiju Andrejevu un abi izpild\u012bja vienu no skaist\u0101kaj\u0101m latvie\u0161u dziesm\u0101m \u2013 Tu un es. Vi\u0146u duets skan\u0113ja \u013coti harmoniski un aizkustino\u0161i. Pirms uzst\u0101\u0161an\u0101s Aija Jur\u0123im Namejam atzin\u0101s, ka tie\u0161i ar \u0161o sava t\u0113va Opus Pro l\u012bdera Aleksa dziesmu vi\u0146a pirms daudziem gadiem uzvar\u0113ja \u0161ov\u0101 Okartes skatuve.<\/p>\n<p>Savuk\u0101rt k\u0101 tre\u0161o puisis \u0161ova fin\u0101l\u0101 izv\u0113l\u0113j\u0101s nodzied\u0101t pa\u0161a sacer\u0113to kompoz\u012bciju \u0100deres.<\/p>\n<p>\u00abMan asaras bija ac\u012bs, t\u0101 aizkustin\u0101ja! Jur\u0123is ir lab\u0101kais!\u00bb\u00a0soci\u0101laj\u0101 t\u012bkl\u0101 X atzina Dzintra.<\/p>\n<blockquote><p>&#13;<\/p>\n<p>\u00abTas moments, kad skaties <a data-id=\"124604\" href=\"https:\/\/www.santa.lv\/tema\/124604\/x-faktors?utm_source=internal&amp;utm_medium=article&amp;utm_campaign=theme_link\" target=\"_blank\" rel=\"nofollow noopener\">X faktors<\/a> un zini, ka uzvar\u0113s Jur\u0123is, <\/p>\n<p>&#13;\n<\/p><\/blockquote>\n<p>un lab\u0101k net\u0113r\u0113t savu laiku un iet paskat\u012bties k\u0101du seri\u0101lu,\u00bb\u00a0\u0161ova laik\u0101 atzina Amanda. \u00abJur\u0123is. Absol\u016btais UZVAR\u0112T\u0100JS!!!\u00bb\u00a0savu viedokli jau pirms \u0161ova s\u0101kuma Facebook pauda L\u012bga. \u00abJur\u0123im piem\u012bt viss\u2026 Ir balss, ir person\u012bbas harisma, ir kust\u012bbas\u2026Viss tas tik dabiski vi\u0146am san\u0101k un piest\u0101v!\u00bb\u00a0priec\u0101j\u0101s Alise.<\/p>\n<p>\u00abUzvaru peln\u012bjis b\u016btu Jur\u0123is Namejs Zvejnieks.<\/p>\n<blockquote><p>&#13;<\/p>\n<p>Nav nek\u0101das aizmugures, vien\u012bgi, nenoliedzami pa\u0161a talants,\u00bb<\/p>\n<p>&#13;\n<\/p><\/blockquote>\n<p>\u00a0piekrita Ritma. \u00abReinis p\u0101r\u0101k uzst\u0101j\u012bgi spie\u017e, ka uzvar\u0113s Jur\u0123is,\u00bb\u00a0nor\u0101d\u012bja Lija. \u00abVisi tr\u012bs for\u0161i, talant\u012bgi, bet Jur\u0123is nep\u0101rsp\u0113jams. Elpa aizraujas kad dzird vi\u0146a izpild\u012bjumu,\u00bb\u00a0iebilda Sarm\u012bte. \u00abMan intu\u012bcija \u010dukst, ka \u0161ova X Faktors 6.sezonas uzvar\u0113t\u0101js b\u016bs Jur\u0123is Namejs Zvejnieks,\u00bb\u00a0dal\u012bj\u0101s Betija.<\/p>\n<p>Ta\u010du atbalst\u012bt\u0101ju netr\u016bka ar\u012b p\u0101r\u0113jiem fin\u0101listiem, kurus Jur\u0123a sniegums uzrun\u0101ja maz\u0101k. \u00abJur\u0123is tikai visu laiku kliedz,\u00bb\u00a0savos v\u0113rojumos dal\u012bj\u0101s Normunds.<\/p>\n<p>Neatkar\u012bgi no rezult\u0101ta \u0161ov\u0101, Jur\u0123is Namejs Zvejnieks ir ap\u0146\u0113mies turpin\u0101t ce\u013cu muzik\u0101laj\u0101 lauci\u0146\u0101, un to vi\u0146\u0161 dar\u012bs ar skatuves v\u0101rdu Namejs.\u00a0<\/p>\n<p>\u00a0<\/p>\n","protected":false},"excerpt":{"rendered":"\u0160ova X Faktors fin\u0101l\u0101 start\u0113ja ener\u0123isk\u0101 Lotte Egl\u012bte, sportiskais un m\u0113r\u0137tiec\u012bgais Jur\u0123is Namejs Zvejnieks un skan\u012bg\u0101s balss \u012bpa\u0161niece&hellip;\n","protected":false},"author":2,"featured_media":74759,"comment_status":"","ping_status":"","sticky":false,"template":"","format":"standard","meta":{"footnotes":""},"categories":[5],"tags":[23,28,29,32,33,22,30,31,35,39,38,36,37,34,40,20,26,27,24,25,21],"class_list":{"0":"post-74758","1":"post","2":"type-post","3":"status-publish","4":"format-standard","5":"has-post-thumbnail","7":"category-aktualitates","8":"tag-aktualitates","9":"tag-breaking-news","10":"tag-breakingnews","11":"tag-featured-news","12":"tag-featurednews","13":"tag-headlines","14":"tag-latest-news","15":"tag-latestnews","16":"tag-latvia","17":"tag-latvian","18":"tag-latviesu","19":"tag-latviesu-valoda","20":"tag-latviesuvaloda","21":"tag-latvija","22":"tag-lv","23":"tag-news","24":"tag-popularakas-zinas","25":"tag-popularakaszinas","26":"tag-top-stories","27":"tag-topstories","28":"tag-zinas"},"share_on_mastodon":{"url":"https:\/\/pubeurope.com\/@lv\/115720413700827152","error":""},"_links":{"self":[{"href":"https:\/\/www.europesays.com\/lv\/wp-json\/wp\/v2\/posts\/74758","targetHints":{"allow":["GET"]}}],"collection":[{"href":"https:\/\/www.europesays.com\/lv\/wp-json\/wp\/v2\/posts"}],"about":[{"href":"https:\/\/www.europesays.com\/lv\/wp-json\/wp\/v2\/types\/post"}],"author":[{"embeddable":true,"href":"https:\/\/www.europesays.com\/lv\/wp-json\/wp\/v2\/users\/2"}],"replies":[{"embeddable":true,"href":"https:\/\/www.europesays.com\/lv\/wp-json\/wp\/v2\/comments?post=74758"}],"version-history":[{"count":0,"href":"https:\/\/www.europesays.com\/lv\/wp-json\/wp\/v2\/posts\/74758\/revisions"}],"wp:featuredmedia":[{"embeddable":true,"href":"https:\/\/www.europesays.com\/lv\/wp-json\/wp\/v2\/media\/74759"}],"wp:attachment":[{"href":"https:\/\/www.europesays.com\/lv\/wp-json\/wp\/v2\/media?parent=74758"}],"wp:term":[{"taxonomy":"category","embeddable":true,"href":"https:\/\/www.europesays.com\/lv\/wp-json\/wp\/v2\/categories?post=74758"},{"taxonomy":"post_tag","embeddable":true,"href":"https:\/\/www.europesays.com\/lv\/wp-json\/wp\/v2\/tags?post=74758"}],"curies":[{"name":"wp","href":"https:\/\/api.w.org\/{rel}","templated":true}]}}