{"id":74762,"date":"2025-12-14T23:17:12","date_gmt":"2025-12-14T23:17:12","guid":{"rendered":"https:\/\/www.europesays.com\/lv\/74762\/"},"modified":"2025-12-14T23:17:12","modified_gmt":"2025-12-14T23:17:12","slug":"somijas-deputata-j-erolas-foto-ar-izstieptam-acim-izsauc-plasu-rezonansi-lente-lv","status":"publish","type":"post","link":"https:\/\/www.europesays.com\/lv\/74762\/","title":{"rendered":"Somijas deput\u0101ta J. \u0112rolas foto ar izstiept\u0101m ac\u012bm izsauc pla\u0161u rezonansi\u00a0\u2014\u00a0Lente.lv"},"content":{"rendered":"<p>Deput\u0101ts aizst\u0101v skaistumkaralieni ar pretrun\u012bgu \u017eestu<\/p>\n<p>Somijas politiskaj\u0101 ain\u0101 ir uzvirmoju\u0161as kaisl\u012bbas p\u0113c tam, kad k\u0101ds parlamicieks, cen\u0161oties aizst\u0101v\u0113t skaistumkaralieni, veica darb\u012bbu, kas daudziem \u0161\u0137iet vismaz problem\u0101tiska, ja ne aizskaro\u0161a. Juho \u0112rola, Somijas Nacion\u0101l\u0101s koal\u012bcijas partijas p\u0101rst\u0101vis, soci\u0101laj\u0101 t\u012bkl\u0101 Facebook public\u0113jis fotogr\u0101fiju, kur\u0101 redzams, k\u0101 vi\u0146\u0161 ar pirkstiem izstiepj savas acis. \u0160is \u017eests ir tie\u0161a atbilde uz biju\u0161\u0101s Mis Somija S\u0101ras Dzafces rad\u012bto publicit\u0101ti, kura sav\u0101 karjer\u0101 sask\u0101rusies ar kritiku par iesp\u0113jamu rasismu.<\/p>\n<p>Konteksts: Skaistumkaraliene un aizdomas par rasismu<\/p>\n<p>S\u0101ras Dzafces v\u0101rds p\u0113d\u0113j\u0101 laik\u0101 izskan\u0113jis medijos ne tikai vi\u0146as pan\u0101kumu d\u0113\u013c skaistumkonkursos, bet ar\u012b saist\u012bb\u0101 ar aizdom\u0101m par rasistisku izteikumu vai uzved\u012bbu. Lai gan s\u0101kotn\u0113j\u0101 inform\u0101cija par pa\u0161u Dzafces r\u012bc\u012bbu ir skopa, publisk\u0101 telpa ir rea\u0123\u0113jusi strauji. Vi\u0146as izcelsme, iesp\u0113jams, ir tikusi saist\u012bta ar k\u0101du pla\u0161\u0101ku diskusiju vai notikumu, kas lika vi\u0146ai saskarties ar aps\u016bdz\u012bb\u0101m vai kritiku rasism\u0101. \u0160\u012b situ\u0101cija ir rad\u012bjusi j\u016bt\u012bgu fonu, uz kura nu par\u0101d\u012bjies ar\u012b deput\u0101ta \u0112rolas public\u0113tais att\u0113ls.<\/p>\n<p>Deput\u0101ta Drosm\u012bg\u0101, bet pretrun\u012bg\u0101 atbilde<\/p>\n<p>Juho \u0112rola, ac\u012bmredzot v\u0113loties paust savu atbalstu vai solidarity S\u0101rai Dzafcei, izv\u0113l\u0113jies vizu\u0101lu izteiksmes l\u012bdzekli, kas ir visai b\u012bstams un atg\u0101dina par l\u012bdz\u012bgiem gad\u012bjumiem cit\u0101s valst\u012bs, kur \u0161\u0101ds \u017eests ir ticis uzskat\u012bts par \u0101rk\u0101rt\u012bgi nepiekl\u0101j\u012bgu un pat rasistisku. Izstiepjot acis, vi\u0146\u0161 neapzin\u0101ti vai apzin\u0101ti atdarin\u0101jis att\u0113lus, kas iepriek\u0161 jau rad\u012bju\u0161i negat\u012bvu rezonansi. \u0160is solis ir ne tikai izrais\u012bjis diskusijas par vi\u0146a pa\u0161a spriedumiem un politisko izpratni, bet ar\u012b uzsild\u012bjis jau t\u0101 karstos str\u012bdus ap skaistumkaralieni.<\/p>\n<p>K\u0101p\u0113c \u0161\u0101ds \u017eests ir tik delik\u0101ts?<\/p>\n<p>Fizionomikas un kult\u016bras izpratnes speci\u0101listi nor\u0101da, ka acu formu main\u012b\u0161ana ar pirkstiem, \u012bpa\u0161i, ja t\u0101 tiek dar\u012bta, lai atdarin\u0101tu k\u0101das noteiktas etnisk\u0101s grupas izskatu, ir dzi\u013ci sak\u0146ojusies v\u0113stur\u0113 k\u0101 zaimojo\u0161s un pazemojo\u0161s veids. Tas ir saist\u012bts ar stereotipiem un aizspriedumiem, kas gadsimtiem ilgi izplat\u012bti par \u0100zijas taut\u0101m, \u012bpa\u0161i attiec\u012bb\u0101 uz vi\u0146u acu formu. Lai gan \u0112rola, iesp\u0113jams, nav v\u0113l\u0113jies izr\u0101d\u012bt necie\u0146u, vi\u0146a izv\u0113l\u0113tais veids, k\u0101 paust atbalstu, ir rad\u012bjis tie\u0161i pret\u0113ju efektu, liekot daudziem vi\u0146a r\u012bc\u012bbu uzskat\u012bt par neiedom\u0101jami neveiklu un nepiem\u0113rotu.<\/p>\n<p>Sabiedr\u012bbas un mediju reakcija<\/p>\n<p>Zi\u0146a par deput\u0101ta fotogr\u0101fiju \u0101tri izplat\u012bjusies soci\u0101lajos t\u012bklos un medijos, izraisot pla\u0161u rezonansi. Vieni slav\u0113 \u0112rolas drosmi paust savu viedokli un st\u0101v\u0113t sabiedrot\u0101 plecu pie pleca, pat ja tas noz\u012bm\u0113 risk\u0113t ar savu reput\u0101ciju. Citi savuk\u0101rt nosoda vi\u0146a r\u012bc\u012bbu k\u0101 neprofesion\u0101lu, neapdom\u012bgu un potenci\u0101li aizskaro\u0161u. &#8220;Helsinki Times&#8221; zi\u0146o, ka \u0161is incidents ir k\u013cuvis par aktu\u0101lu diskusiju tematu Somijas sabiedr\u012bb\u0101, liekot p\u0101rdom\u0101t gan politi\u0137u atbild\u012bbu par saviem publiskajiem izteikumiem, gan ar\u012b veidus, k\u0101 tiek risin\u0101tas jut\u012bgas t\u0113mas k\u0101 rasisms un diskrimin\u0101cija.<\/p>\n<p>Sekas un n\u0101kotnes perspekt\u012bvas<\/p>\n<p>\u0160\u012b situ\u0101cija par\u0101da, cik svar\u012bgi ir politi\u0137iem un sabiedr\u012bbas l\u012bderiem b\u016bt \u012bpa\u0161i apdom\u012bgiem savu publisko izpausmju izv\u0113l\u0113, jo \u012bpa\u0161i digit\u0101laj\u0101 laikmet\u0101, kur inform\u0101cija izplat\u0101s ziben\u012bgi. \u0112rolas \u017eests, lai ar\u012b dom\u0101ts k\u0101 atbalsts, ir rad\u012bjis vair\u0101k jaut\u0101jumu nek\u0101 atbil\u017eu un, iesp\u0113jams, liks vi\u0146am un vi\u0146a partijai saskarties ar nepat\u012bkam\u0101m sek\u0101m. Vai \u0161\u012b fotogr\u0101fija stiprin\u0101s vai v\u0101jin\u0101s S\u0101ras Dzafces poz\u012bcijas, ir gr\u016bti prognoz\u0113t, ta\u010du skaidrs ir viens \u2013 \u0161is incidents ir aktualiz\u0113jis diskusiju par rasismu un t\u0101 izpausm\u0113m Somij\u0101 un ne tikai.<\/p>\n","protected":false},"excerpt":{"rendered":"Deput\u0101ts aizst\u0101v skaistumkaralieni ar pretrun\u012bgu \u017eestu Somijas politiskaj\u0101 ain\u0101 ir uzvirmoju\u0161as kaisl\u012bbas p\u0113c tam, kad k\u0101ds parlamicieks, cen\u0161oties&hellip;\n","protected":false},"author":2,"featured_media":74763,"comment_status":"","ping_status":"","sticky":false,"template":"","format":"standard","meta":{"footnotes":""},"categories":[14],"tags":[23,57,28,29,32,33,22,18999,30,31,35,39,38,36,37,34,40,20,26,27,18853,19000,14754,19001,24,25,54,55,56,21,58],"class_list":{"0":"post-74762","1":"post","2":"type-post","3":"status-publish","4":"format-standard","5":"has-post-thumbnail","7":"category-zinas-no-arvalstim","8":"tag-aktualitates","9":"tag-arvalstim","10":"tag-breaking-news","11":"tag-breakingnews","12":"tag-featured-news","13":"tag-featurednews","14":"tag-headlines","15":"tag-juho-erola","16":"tag-latest-news","17":"tag-latestnews","18":"tag-latvia","19":"tag-latvian","20":"tag-latviesu","21":"tag-latviesu-valoda","22":"tag-latviesuvaloda","23":"tag-latvija","24":"tag-lv","25":"tag-news","26":"tag-popularakas-zinas","27":"tag-popularakaszinas","28":"tag-rasisms","29":"tag-sara-dzafce","30":"tag-skaistumkonkurss","31":"tag-somijas-deputats","32":"tag-top-stories","33":"tag-topstories","34":"tag-world","35":"tag-world-news","36":"tag-worldnews","37":"tag-zinas","38":"tag-zinas-no-arvalstim"},"share_on_mastodon":{"url":"https:\/\/pubeurope.com\/@lv\/115720476662678318","error":""},"_links":{"self":[{"href":"https:\/\/www.europesays.com\/lv\/wp-json\/wp\/v2\/posts\/74762","targetHints":{"allow":["GET"]}}],"collection":[{"href":"https:\/\/www.europesays.com\/lv\/wp-json\/wp\/v2\/posts"}],"about":[{"href":"https:\/\/www.europesays.com\/lv\/wp-json\/wp\/v2\/types\/post"}],"author":[{"embeddable":true,"href":"https:\/\/www.europesays.com\/lv\/wp-json\/wp\/v2\/users\/2"}],"replies":[{"embeddable":true,"href":"https:\/\/www.europesays.com\/lv\/wp-json\/wp\/v2\/comments?post=74762"}],"version-history":[{"count":0,"href":"https:\/\/www.europesays.com\/lv\/wp-json\/wp\/v2\/posts\/74762\/revisions"}],"wp:featuredmedia":[{"embeddable":true,"href":"https:\/\/www.europesays.com\/lv\/wp-json\/wp\/v2\/media\/74763"}],"wp:attachment":[{"href":"https:\/\/www.europesays.com\/lv\/wp-json\/wp\/v2\/media?parent=74762"}],"wp:term":[{"taxonomy":"category","embeddable":true,"href":"https:\/\/www.europesays.com\/lv\/wp-json\/wp\/v2\/categories?post=74762"},{"taxonomy":"post_tag","embeddable":true,"href":"https:\/\/www.europesays.com\/lv\/wp-json\/wp\/v2\/tags?post=74762"}],"curies":[{"name":"wp","href":"https:\/\/api.w.org\/{rel}","templated":true}]}}