{"id":74811,"date":"2025-12-15T00:55:17","date_gmt":"2025-12-15T00:55:17","guid":{"rendered":"https:\/\/www.europesays.com\/lv\/74811\/"},"modified":"2025-12-15T00:55:17","modified_gmt":"2025-12-15T00:55:17","slug":"ilze-indriksone-bus-nacionalas-apvienibas-premjera-kandidate-gaidamajas-saeimas-velesanas-lente-lv","status":"publish","type":"post","link":"https:\/\/www.europesays.com\/lv\/74811\/","title":{"rendered":"Ilze Indriksone b\u016bs Nacion\u0101l\u0101s apvien\u012bbas premjera kandid\u0101te gaid\u0101maj\u0101s Saeimas v\u0113l\u0113\u0161an\u0101s\u00a0\u2014\u00a0Lente.lv"},"content":{"rendered":"<p>Nacion\u0101l\u0101s apvien\u012bbas premjera kandid\u0101te n\u0101kamaj\u0101m Saeimas v\u0113l\u0113\u0161an\u0101m ir Ilze Indriksone<\/p>\n<p>Nacion\u0101l\u0101 apvien\u012bba (NA) ir izraudz\u012bjusies savu l\u012bderi Ilzi Indriksoni par Ministru prezidenta amata kandid\u0101ti gaid\u0101maj\u0101s 15. Saeimas v\u0113l\u0113\u0161an\u0101s. \u0160is l\u0113mums tika pazi\u0146ots politisk\u0101 sp\u0113ka sestdien notiku\u0161aj\u0101 kongres\u0101. Indriksone, kura \u0161obr\u012bd ie\u0146em politisk\u0101 sp\u0113ka vad\u012bt\u0101jas posteni, uz\u0146emsies \u0161o noz\u012bm\u012bgo uzdevumu, gatavojoties n\u0101kamajam v\u0113l\u0113\u0161anu c\u0113lienam, kas sol\u0101s b\u016bt aizraujo\u0161s un pilns ar izaicin\u0101jumiem.<\/p>\n<p>Indriksones kandidat\u016bras noz\u012bm\u012bba un NA strat\u0113\u0123ija<\/p>\n<p>\u0160is solis nor\u0101da uz NA stingro ap\u0146\u0113m\u012bbu nostiprin\u0101t savas poz\u012bcijas Latvijas politiskaj\u0101 ainav\u0101. Izv\u0113loties savu pa\u0161reiz\u0113jo l\u012bderi, partija demonstr\u0113 uztic\u012bbu savai politiskajai l\u012bnijai un strat\u0113\u0123ijai. Tas ar\u012b signaliz\u0113 par v\u0113lmi piesaist\u012bt jaunus v\u0113l\u0113t\u0101jus, vienlaikus saglab\u0101jot loj\u0101l\u0101ku partijas atbalst\u012bt\u0101ju b\u0101zi. Indriksone, k\u0101 pieredz\u0113jusi politi\u0137e, ir gatava vest partiju cauri v\u0113l\u0113\u0161anu kampa\u0146ai, cen\u0161oties uzrun\u0101t pla\u0161\u0101ku elektor\u0101tu ar savu redz\u0113jumu par Latvijas att\u012bst\u012bbu. Vi\u0146as iepriek\u0161\u0113j\u0101 pieredze un politisk\u0101 autorit\u0101te, bez \u0161aub\u0101m, pal\u012bdz\u0113s partijai veidot sp\u0113c\u012bgu priek\u0161v\u0113l\u0113\u0161anu programmu un argumentus, ar kuriem konkur\u0113t citu politisko sp\u0113ku priek\u0161\u0101.<\/p>\n<p>Politisk\u0101 vide un gaid\u0101m\u0101s v\u0113l\u0113\u0161anas<\/p>\n<p>N\u0101kamgad paredz\u0113t\u0101s 15. Saeimas v\u0113l\u0113\u0161anas sol\u0101s b\u016bt iz\u0161\u0137iro\u0161as Latvijas politiskajai n\u0101kotnei. \u0160obr\u012bd politisk\u0101 aina ir dinamiska, un da\u017e\u0101di politiskie sp\u0113ki akt\u012bvi gatavojas v\u0113l\u0113t\u0101ju v\u0113rt\u0113jumam. Nacion\u0101l\u0101s apvien\u012bbas izvirz\u012bt\u0101 kandidat\u016bra ir da\u013ca no pla\u0161\u0101kas strat\u0113\u0123ijas, lai pan\u0101ktu lab\u0101kus rezult\u0101tus nek\u0101 iepriek\u0161\u0113j\u0101s v\u0113l\u0113\u0161an\u0101s. Politisk\u0101s partijas vis\u0101 Latvij\u0101 pastiprina savu darb\u012bbu, organiz\u0113jot diskusijas, tiekoties ar iedz\u012bvot\u0101jiem un izstr\u0101d\u0101jot priek\u0161v\u0113l\u0113\u0161anu programmas, kas atspogu\u013cotu vi\u0146u redz\u0113jumu par valsts att\u012bst\u012bbu.<\/p>\n<p>Indriksones person\u012bba un politiskais stils<\/p>\n<p>Ilze Indriksone ir zin\u0101ma ar savu stingro nost\u0101ju un nacion\u0101laj\u0101m v\u0113rt\u012bb\u0101m. Vi\u0146as publiskie izteikumi bie\u017ei vien akcent\u0113 Latvijas suverenit\u0101ti, dro\u0161\u012bbu un kult\u016bras identit\u0101ti. \u0160is politiskais stils var\u0113tu b\u016bt pievilc\u012bgs tiem v\u0113l\u0113t\u0101jiem, kuri mekl\u0113 stabilu un principialu politisko l\u012bderi. K\u0101 ministre, vi\u0146a ir ieguvusi praktisku pieredzi valsts p\u0101rvald\u0113, kas, bez \u0161aub\u0101m, noder\u0113s, vadot vald\u012bbu. Vi\u0146as sp\u0113ja argument\u0113t un aizst\u0101v\u0113t savas poz\u012bcijas ir bie\u017ei vien nov\u0113rt\u0113ta, un \u0161\u012bs \u012bpa\u0161\u012bbas b\u016bs \u013coti svar\u012bgas, uz\u0146emoties premjera kandid\u0101ta lomu.<\/p>\n<p>Nacion\u0101l\u0101s apvien\u012bbas n\u0101kotnes v\u012bzija<\/p>\n<p>Nacion\u0101l\u0101 apvien\u012bba tradicion\u0101li iest\u0101jas par sp\u0113c\u012bgu Latviju, kas balst\u012bta uz nacion\u0101l\u0101m v\u0113rt\u012bb\u0101m un trad\u012bcij\u0101m. Partijas programma bie\u017ei vien fokus\u0113jas uz jaut\u0101jumiem, kas saist\u012bti ar demogr\u0101fiju, valsts dro\u0161\u012bbu, izgl\u012bt\u012bbu un tautsaimniec\u012bbu. Ar Ilzi Indriksoni priek\u0161gal\u0101, partija, visticam\u0101k, turpin\u0101s \u0161o kursu, cen\u0161oties pied\u0101v\u0101t konkr\u0113tus risin\u0101jumus aktu\u0101laj\u0101m probl\u0113m\u0101m. Vi\u0146u m\u0113r\u0137is ir ne tikai uzvar\u0113t v\u0113l\u0113\u0161an\u0101s, bet ar\u012b veidot t\u0101du Latviju, kur\u0101 katrs Latvijas iedz\u012bvot\u0101js j\u016btas dro\u0161i un pieder\u012bgs. \u0160is m\u0113r\u0137is prasa r\u016bp\u012bgu darbu pie sabiedr\u012bbas salied\u0113\u0161anas un ekonomisk\u0101s stabilit\u0101tes nodro\u0161in\u0101\u0161anas.<\/p>\n<p>Gatavo\u0161an\u0101s v\u0113l\u0113\u0161anu kampa\u0146ai<\/p>\n<p>P\u0113c kongresa pazi\u0146ojuma, Nacion\u0101l\u0101 apvien\u012bba piln\u0101 spar\u0101 met\u012bsies gatavoties v\u0113l\u0113\u0161anu kampa\u0146ai. T\u0101pat k\u0101 citas partijas, NA pl\u0101no intens\u012bvu darbu, lai sasniegtu un p\u0101rliecin\u0101tu v\u0113l\u0113t\u0101jus. Tas ietvers gan tie\u0161us pas\u0101kumus ar iedz\u012bvot\u0101jiem, gan digit\u0101lo komunik\u0101ciju, gan ar\u012b pla\u0161sazi\u0146as l\u012bdzek\u013cu izmanto\u0161anu. Katrai partijai ir svar\u012bgi rad\u012bt spilgtu un atmi\u0146\u0101 palieko\u0161u kampa\u0146u, kas atspogu\u013cotu t\u0101s galvenos v\u0113st\u012bjumus un pied\u0101v\u0101jumus. Ilze Indriksonei k\u0101 premjera kandid\u0101tei b\u016bs b\u016btiska loma \u0161aj\u0101 proces\u0101, vadot un motiv\u0113jot partijas biedrus un akt\u012bvistus.<\/p>\n","protected":false},"excerpt":{"rendered":"Nacion\u0101l\u0101s apvien\u012bbas premjera kandid\u0101te n\u0101kamaj\u0101m Saeimas v\u0113l\u0113\u0161an\u0101m ir Ilze Indriksone Nacion\u0101l\u0101 apvien\u012bba (NA) ir izraudz\u012bjusies savu l\u012bderi Ilzi&hellip;\n","protected":false},"author":2,"featured_media":74812,"comment_status":"","ping_status":"","sticky":false,"template":"","format":"standard","meta":{"footnotes":""},"categories":[12],"tags":[23,28,29,32,33,22,8980,30,31,35,39,38,36,37,34,535,40,2607,20,26,27,19016,1421,24,25,21],"class_list":{"0":"post-74811","1":"post","2":"type-post","3":"status-publish","4":"format-standard","5":"has-post-thumbnail","7":"category-latvija","8":"tag-aktualitates","9":"tag-breaking-news","10":"tag-breakingnews","11":"tag-featured-news","12":"tag-featurednews","13":"tag-headlines","14":"tag-ilze-indriksone","15":"tag-latest-news","16":"tag-latestnews","17":"tag-latvia","18":"tag-latvian","19":"tag-latviesu","20":"tag-latviesu-valoda","21":"tag-latviesuvaloda","22":"tag-latvija","23":"tag-latvijas-politika","24":"tag-lv","25":"tag-nacionala-apvieniba","26":"tag-news","27":"tag-popularakas-zinas","28":"tag-popularakaszinas","29":"tag-premjera-kandidate","30":"tag-saeimas-velesanas","31":"tag-top-stories","32":"tag-topstories","33":"tag-zinas"},"share_on_mastodon":{"url":"https:\/\/pubeurope.com\/@lv\/115720862002955476","error":""},"_links":{"self":[{"href":"https:\/\/www.europesays.com\/lv\/wp-json\/wp\/v2\/posts\/74811","targetHints":{"allow":["GET"]}}],"collection":[{"href":"https:\/\/www.europesays.com\/lv\/wp-json\/wp\/v2\/posts"}],"about":[{"href":"https:\/\/www.europesays.com\/lv\/wp-json\/wp\/v2\/types\/post"}],"author":[{"embeddable":true,"href":"https:\/\/www.europesays.com\/lv\/wp-json\/wp\/v2\/users\/2"}],"replies":[{"embeddable":true,"href":"https:\/\/www.europesays.com\/lv\/wp-json\/wp\/v2\/comments?post=74811"}],"version-history":[{"count":0,"href":"https:\/\/www.europesays.com\/lv\/wp-json\/wp\/v2\/posts\/74811\/revisions"}],"wp:featuredmedia":[{"embeddable":true,"href":"https:\/\/www.europesays.com\/lv\/wp-json\/wp\/v2\/media\/74812"}],"wp:attachment":[{"href":"https:\/\/www.europesays.com\/lv\/wp-json\/wp\/v2\/media?parent=74811"}],"wp:term":[{"taxonomy":"category","embeddable":true,"href":"https:\/\/www.europesays.com\/lv\/wp-json\/wp\/v2\/categories?post=74811"},{"taxonomy":"post_tag","embeddable":true,"href":"https:\/\/www.europesays.com\/lv\/wp-json\/wp\/v2\/tags?post=74811"}],"curies":[{"name":"wp","href":"https:\/\/api.w.org\/{rel}","templated":true}]}}