{"id":74819,"date":"2025-12-15T01:45:10","date_gmt":"2025-12-15T01:45:10","guid":{"rendered":"https:\/\/www.europesays.com\/lv\/74819\/"},"modified":"2025-12-15T01:45:10","modified_gmt":"2025-12-15T01:45:10","slug":"eirovizijas-laureats-nemo-proteste-pret-izraelas-dalibu-atdodot-savu-balvu-lente-lv","status":"publish","type":"post","link":"https:\/\/www.europesays.com\/lv\/74819\/","title":{"rendered":"Eirov\u012bzijas laure\u0101ts Nemo protest\u0113 pret Izra\u0113las dal\u012bbu, atdodot savu balvu\u00a0\u2014\u00a0Lente.lv"},"content":{"rendered":"<p>Nemo atsak\u0101s no Eirov\u012bzijas trofejas, protest\u0113jot pret Izra\u0113las dal\u012bbu<\/p>\n<p>\u0160veices dzied\u0101t\u0101js Nemo, kur\u0161 2024. gad\u0101 ar dziesmu &#8220;The Code&#8221; izc\u012bn\u012bja uzvaru Eirov\u012bzijas dziesmu konkurs\u0101, ir publiski pazi\u0146ojis par savas uzvar\u0113t\u0101ja balvas \u2013 stikla mikrofona statuetes \u2013 atdo\u0161anu. K\u0101 inform\u0113 Latvijas Sabiedriskie Mediji, \u0161is drosm\u012bgais solis ir izteikts protests pret Izra\u0113las dal\u012bbu n\u0101kam\u0101 gada Eirov\u012bzijas konkurs\u0101.<\/p>\n<p>Principu un v\u0113rt\u012bbu sadursme<\/p>\n<p>Nemo, kur\u0161 ir 26 gadus vecs, savu l\u0113mumu skaidrojis sav\u0101 \u201cInstagram\u201d kont\u0101, uzsverot, ka, lai gan vi\u0146\u0161 ir dzi\u013ci pateic\u012bgs par ieg\u016bto pieredzi un uzvaras sniegtaj\u0101m iesp\u0113j\u0101m, balva vairs nav sav\u0101 viet\u0101 vi\u0146a plaukt\u0101. Dzied\u0101t\u0101js nor\u0101da uz &#8220;ac\u012bmredzamu konfliktu&#8221; starp Eirov\u012bzijas deklar\u0113taj\u0101m v\u0113rt\u012bb\u0101m \u2013 &#8220;vienot\u012bbu, iek\u013caujo\u0161u attieksmi un cie\u0146u pret visiem&#8221; \u2013 un Eiropas Raidorganiz\u0101ciju apvien\u012bbas (EBU) l\u0113mumu at\u013caut Izra\u0113lai piedal\u012bties konkurs\u0101. Nemo kritiz\u0113 EBU par &#8220;apolitisku&#8221; nost\u0101ju, apgalvojot, ka konkurss bie\u017ei tiek izmantots k\u0101 l\u012bdzeklis valsts starptautisk\u0101 t\u0113la uzlabo\u0161anai, kas aps\u016bdz\u0113ta par smagiem p\u0101rk\u0101pumiem. Vi\u0146\u0161 atsaucies uz ANO Neatkar\u012bg\u0101s starptautisk\u0101s izmekl\u0113\u0161anas komisijas zi\u0146ojumu, kur\u0101 secin\u0101ts par genoc\u012bda \u012bsteno\u0161anu. Nemo uzskata, ka Izra\u0113las kl\u0101tb\u016btne \u0161\u0101dos apst\u0101k\u013cos ir tie\u0161\u0101 pretrun\u0101 ar Eirov\u012bzijas ide\u0101liem. <\/p>\n<p>Pla\u0161a rezonanse un boikota tendences<\/p>\n<p>\u0160is Nemo protestu akts ir izrais\u012bjis pla\u0161u rezonansi starptautisk\u0101 m\u0113rog\u0101, aktualiz\u0113jot diskusijas par m\u0101kslas un politikas attiec\u012bbu sare\u017e\u0123\u012bto mezglu. K\u0101 v\u0113sta vair\u0101ki inform\u0101cijas avoti, jau piecas valstis \u2013 Islande, \u012arija, N\u012bderlande, Sp\u0101nija un Slov\u0113nija \u2013 ir pazi\u0146oju\u0161as par nodomu boikot\u0113t 2026. gada Eirov\u012bzijas konkursu saist\u012bb\u0101 ar l\u0113mumu at\u013caut Izra\u0113lai piedal\u012bties. Nemo pau\u017e cer\u012bbu, ka \u0161\u0101ds valstu kop\u0113jais boikots liks EBU saprast, ka &#8220;kaut kas nav k\u0101rt\u012bb\u0101&#8221;. Vi\u0146a balva tiks nos\u016bt\u012bta atpaka\u013c uz EBU galveno m\u012btni \u017den\u0113v\u0101. \u0160veices dzied\u0101t\u0101js sav\u0101 dai\u013crad\u0113 piev\u0113r\u0161as t\u0101d\u0101m noz\u012bm\u012bg\u0101m t\u0113m\u0101m k\u0101 dzimumidentit\u0101te, gar\u012bg\u0101 vesel\u012bba un sevis mekl\u0113\u0161ana, un vi\u0146a protests v\u0113lreiz apliecina principu un v\u0113rt\u012bbu noz\u012bm\u012bgumu gan m\u016bzik\u0101, gan glob\u0101laj\u0101 \u0113tikas diskurs\u0101.<\/p>\n<p>Konkursa v\u0113sture un izaicin\u0101jumi<\/p>\n<p>Nemo triumfs 2024. gada Eirov\u012bzij\u0101 ar dziesmu &#8220;The Code&#8221; bija noz\u012bm\u012bgs notikums, jo vi\u0146\u0161 k\u013cuva par pirmo atkl\u0101ti nebin\u0101ro m\u0101kslinieku, kas uzvar\u0113jis \u0161aj\u0101 presti\u017eaj\u0101 konkurs\u0101. Vi\u0146a uzvara nodro\u0161in\u0101ja \u0160veicei pirmo titulu kop\u0161 1988. gada, kad uzvar\u0113ja Sel\u012bna Diona. Konkursa v\u0113stur\u0113 Eirov\u012bzija sevi ir pozicion\u0113jusi k\u0101 pas\u0101kumu, kas iest\u0101jas par vienot\u012bbu un iek\u013cau\u0161anu, tom\u0113r str\u012bdi par Izra\u0113las dal\u012bbu ir izrais\u012bju\u0161i vienu no nopietn\u0101kaj\u0101m kr\u012bz\u0113m konkursa past\u0101v\u0113\u0161anas laik\u0101. Ir izskan\u0113ju\u0161as ar\u012b aizdomas par iesp\u0113jamu balso\u0161anas rezult\u0101tu manipul\u0101ciju iepriek\u0161\u0113jos gados, kas v\u0113l vair\u0101k sare\u017e\u0123\u012b situ\u0101ciju. Nemo drosm\u012bgais solis un pieaugo\u0161ais boikotu vilnis liecina par pieaugo\u0161o spiedienu uz EBU p\u0101rskat\u012bt savas politikas un nodro\u0161in\u0101t, ka konkursa v\u0113rt\u012bbas patie\u0161\u0101m tiek iev\u0113rotas gan uz skatuves, gan \u0101rpus t\u0101s. Vi\u0146\u0161 sagaida br\u012bdi, kad v\u0101rdi un r\u012bc\u012bba beidzot saska\u0146osies.<\/p>\n","protected":false},"excerpt":{"rendered":"Nemo atsak\u0101s no Eirov\u012bzijas trofejas, protest\u0113jot pret Izra\u0113las dal\u012bbu \u0160veices dzied\u0101t\u0101js Nemo, kur\u0161 2024. gad\u0101 ar dziesmu &#8220;The&hellip;\n","protected":false},"author":2,"featured_media":74820,"comment_status":"","ping_status":"","sticky":false,"template":"","format":"standard","meta":{"footnotes":""},"categories":[19],"tags":[10023,492,89,90,493,35,39,38,36,37,34,40,18680,3959],"class_list":{"0":"post-74819","1":"post","2":"type-post","3":"status-publish","4":"format-standard","5":"has-post-thumbnail","7":"category-izklaide","8":"tag-balva","9":"tag-eirovizija","10":"tag-entertainment","11":"tag-izklaide","12":"tag-izraela","13":"tag-latvia","14":"tag-latvian","15":"tag-latviesu","16":"tag-latviesu-valoda","17":"tag-latviesuvaloda","18":"tag-latvija","19":"tag-lv","20":"tag-nemo","21":"tag-protests"},"share_on_mastodon":{"url":"https:\/\/pubeurope.com\/@lv\/115721058596939365","error":""},"_links":{"self":[{"href":"https:\/\/www.europesays.com\/lv\/wp-json\/wp\/v2\/posts\/74819","targetHints":{"allow":["GET"]}}],"collection":[{"href":"https:\/\/www.europesays.com\/lv\/wp-json\/wp\/v2\/posts"}],"about":[{"href":"https:\/\/www.europesays.com\/lv\/wp-json\/wp\/v2\/types\/post"}],"author":[{"embeddable":true,"href":"https:\/\/www.europesays.com\/lv\/wp-json\/wp\/v2\/users\/2"}],"replies":[{"embeddable":true,"href":"https:\/\/www.europesays.com\/lv\/wp-json\/wp\/v2\/comments?post=74819"}],"version-history":[{"count":0,"href":"https:\/\/www.europesays.com\/lv\/wp-json\/wp\/v2\/posts\/74819\/revisions"}],"wp:featuredmedia":[{"embeddable":true,"href":"https:\/\/www.europesays.com\/lv\/wp-json\/wp\/v2\/media\/74820"}],"wp:attachment":[{"href":"https:\/\/www.europesays.com\/lv\/wp-json\/wp\/v2\/media?parent=74819"}],"wp:term":[{"taxonomy":"category","embeddable":true,"href":"https:\/\/www.europesays.com\/lv\/wp-json\/wp\/v2\/categories?post=74819"},{"taxonomy":"post_tag","embeddable":true,"href":"https:\/\/www.europesays.com\/lv\/wp-json\/wp\/v2\/tags?post=74819"}],"curies":[{"name":"wp","href":"https:\/\/api.w.org\/{rel}","templated":true}]}}