{"id":74879,"date":"2025-12-15T04:57:07","date_gmt":"2025-12-15T04:57:07","guid":{"rendered":"https:\/\/www.europesays.com\/lv\/74879\/"},"modified":"2025-12-15T04:57:07","modified_gmt":"2025-12-15T04:57:07","slug":"shipsea-un-rigas-doma-zenu-koris-kopa-radijusi-jaunu-ziemassvetku-skandarbu-brinums-lente-lv","status":"publish","type":"post","link":"https:\/\/www.europesays.com\/lv\/74879\/","title":{"rendered":"Shipsea un R\u012bgas Doma z\u0113nu koris kop\u0101 rad\u012bju\u0161i jaunu Ziemassv\u0113tku ska\u0146darbu &#8220;Br\u012bnums&#8221;\u00a0\u2014\u00a0Lente.lv"},"content":{"rendered":"<p>Jaunums Ziemassv\u0113tku laik\u0101: Shipsea un R\u012bgas Doma z\u0113nu koris iepaz\u012bstina ar ska\u0146darbu \u201cBr\u012bnums\u201d<\/p>\n<p>M\u016bzi\u0137is J\u0101nis \u0160ipk\u0113vics, pla\u0161\u0101k paz\u012bstams ar pseidon\u012bmu Shipsea, ir sar\u016bp\u0113jis \u012bpa\u0161u d\u0101vanu gaid\u0101majiem Ziemassv\u0113tkiem \u2013 jaunu ska\u0146darbu ar nosaukumu \u201cBr\u012bnums\u201d. K\u0101 inform\u0113 port\u0101ls NRA, \u0161\u012b emocion\u0101l\u0101 kompoz\u012bcija tapusi ar R\u012bgas Doma z\u0113nu kora piedal\u012b\u0161anos, kas liecina par dzi\u013cu personisku noz\u012bmi m\u016bzi\u0137im. \u0160is nav tikai k\u0101rt\u0113jais Ziemassv\u0113tku gabals, bet gan dzi\u013cdomu pilna p\u0101rdomu par pa\u0161a br\u012bnuma b\u016bt\u012bbu, ko Shipsea ir centies iet\u0113rpt m\u016bzik\u0101. Lai gan zi\u0146as par \u0161o ska\u0146darbu izplat\u012bj\u0101s jau decembra s\u0101kum\u0101, t\u0101 klaj\u0101 lai\u0161ana un pieejam\u012bba apliecina, ka tas ir gatavs sasild\u012bt klaus\u012bt\u0101ju sirdis tie\u0161i sv\u0113tku laik\u0101.<\/p>\n<p>M\u016bzi\u0137a personisk\u0101 saikne ar R\u012bgas Doma z\u0113nu kori<\/p>\n<p>Shipsea sav\u0101 rado\u0161aj\u0101 darb\u012bb\u0101 vienm\u0113r ir centies mekl\u0113t dzi\u013cumu un personisko piesk\u0101rienu. Izv\u0113le aicin\u0101t dzied\u0101t tie\u0161i R\u012bgas Doma z\u0113nu kori nav bijusi nejau\u0161a. J\u0101nis \u0160ipk\u0113vics atz\u012bst, ka b\u0113rn\u012bb\u0101 pats ir bijis \u0161\u012b presti\u017e\u0101 kolekt\u012bva dal\u012bbnieks, padarot \u0161o sadarb\u012bbu \u012bpa\u0161i noz\u012bm\u012bgu un atgrie\u017eoties pie sav\u0101m muzik\u0101laj\u0101m sakn\u0113m. \u201c\u0160ajos Ziemassv\u0113tkos es v\u0113l\u0113jos ar p\u0113tniecisku interesi piev\u0113rsties br\u012bnumam un mazliet saprast, kas ir tas, kas tums\u0101 laist\u0101s,\u201d par iedvesmu ska\u0146darbam st\u0101sta \u0160ipk\u0113vics. \u0160\u012b atgrie\u0161an\u0101s pie b\u0113rn\u012bbas dziesm\u0101m un kolekt\u012bva, kas veidojis vi\u0146a pirmos so\u013cus m\u016bzik\u0101, pie\u0161\u0137ir \u201cBr\u012bnumam\u201d \u012bpa\u0161u dzi\u013cumu un emocion\u0101lo v\u0113rt\u012bbu. Tas ir k\u0101 ce\u013cojums laik\u0101, kur\u0101 m\u016bsdienu m\u0101ksliniecisk\u0101 pieredze savijas ar b\u0113rna balsu nevain\u012bbu un sp\u0113ju br\u012bn\u012bties par pasauli.<\/p>\n<p>Dzejas un vizu\u0101l\u0101 st\u0101sta sasp\u0113le<\/p>\n<p>K\u0101ds skaists dzejolis no b\u0113rn\u012bbas drauga Marta Puj\u0101ta ir k\u013cuvis par \u201cBr\u012bnuma\u201d tekstu\u0101lo pamatu, lieliski saderot ar z\u0113nu kora melodiskaj\u0101m bals\u012bm. \u0160\u012b sadarb\u012bba nesusi atbildes uz jaut\u0101jumu par to, kas ir patiesais br\u012bnums \u2013 t\u0101 esot sp\u0113ja patiesi priec\u0101ties un br\u012bn\u012bties par pasaules daudzveid\u012bbu, sp\u0113ja saglab\u0101t \u0161o dzirksti ar\u012b pieaugu\u0161\u0101 vecum\u0101. Lai papildin\u0101tu ska\u0146darba noska\u0146u, tapis ar\u012b \u012bpa\u0161s teksta video, kura vizu\u0101lajam noform\u0113jumam r\u016bp\u0113jusies m\u0101ksliniece Sinda K\u0101rkli\u0146a. Lai gan uzaugusi ASV, K\u0101rkli\u0146a saglab\u0101jusi cie\u0161u saikni ar Latviju, un darbs pie \u201cBr\u012bnuma\u201d vi\u0146ai rad\u012bjis sp\u0113c\u012bgu nostal\u0123isku saj\u016btu par b\u0113rn\u012bbu dzimten\u0113. Vi\u0146as rad\u012bt\u0101 anim\u0101cija lieliski papildina dziesmas noska\u0146u, radot ma\u0123isku un vizu\u0101li pievilc\u012bgu st\u0101stu.<\/p>\n<p>Koncertu pieredze un turpm\u0101kie pl\u0101ni<\/p>\n<p>Jau decembra izska\u0146\u0101, pirmajos Ziemassv\u0113tkos, Shipsea un R\u012bgas Doma z\u0113nu koris pied\u0101v\u0101ja klaus\u012bt\u0101jiem divus \u012bpa\u0161us sv\u0113tku koncertus Tor\u0146akalna bazn\u012bc\u0101. \u0160ie pas\u0101kumi, kuros piedal\u012bj\u0101s ar\u012b dzied\u0101t\u0101ja Una Daniela un pianists Mat\u012bss \u017dilinskis, guva milz\u012bgu atsauc\u012bbu, un bi\u013cetes tika izp\u0101rdotas piln\u012bb\u0101. Ta\u010du tas nav viss \u2013 m\u016bzi\u0137is J\u0101nis \u0160ipk\u0113vics ir ap\u0146\u0113m\u012bbas pilns turpin\u0101t \u0161o sv\u0113tku st\u0101stu, iepriecinot klaus\u012bt\u0101jus ar\u012b n\u0101kamaj\u0101 gad\u0101. Jau ir izsludin\u0101ti 2026. gada koncerti, uz kuriem bi\u013cetes pieejamas \u201cBi\u013ce\u0161u parad\u012bzes\u201d kas\u0113s, dodot iesp\u0113ju v\u0113l pla\u0161\u0101kam skat\u012bt\u0101ju lokam baud\u012bt \u0161o unik\u0101lo muzik\u0101lo kopdarbu. Koncertos paredz\u0113ts gan izpild\u012bt ori\u0123in\u0101lkompoz\u012bcijas, gan tradicion\u0101las sv\u0113tku dziesmas, kur\u0101m b\u0113rnu kora t\u012br\u0101 un m\u012blest\u012bbas piln\u0101 balss pie\u0161\u0137irs \u012bpa\u0161u v\u0113rt\u012bbu.<\/p>\n","protected":false},"excerpt":{"rendered":"Jaunums Ziemassv\u0113tku laik\u0101: Shipsea un R\u012bgas Doma z\u0113nu koris iepaz\u012bstina ar ska\u0146darbu \u201cBr\u012bnums\u201d M\u016bzi\u0137is J\u0101nis \u0160ipk\u0113vics, pla\u0161\u0101k paz\u012bstams&hellip;\n","protected":false},"author":2,"featured_media":74880,"comment_status":"","ping_status":"","sticky":false,"template":"","format":"standard","meta":{"footnotes":""},"categories":[19],"tags":[16345,89,90,19032,35,39,38,36,37,34,40,18673,2102,17976],"class_list":{"0":"post-74879","1":"post","2":"type-post","3":"status-publish","4":"format-standard","5":"has-post-thumbnail","7":"category-izklaide","8":"tag-brinums","9":"tag-entertainment","10":"tag-izklaide","11":"tag-janis-sipkevics","12":"tag-latvia","13":"tag-latvian","14":"tag-latviesu","15":"tag-latviesu-valoda","16":"tag-latviesuvaloda","17":"tag-latvija","18":"tag-lv","19":"tag-rigas-doma-zenu-koris","20":"tag-shipsea","21":"tag-ziemassvetku-muzika"},"share_on_mastodon":{"url":"https:\/\/pubeurope.com\/@lv\/115721813559967855","error":""},"_links":{"self":[{"href":"https:\/\/www.europesays.com\/lv\/wp-json\/wp\/v2\/posts\/74879","targetHints":{"allow":["GET"]}}],"collection":[{"href":"https:\/\/www.europesays.com\/lv\/wp-json\/wp\/v2\/posts"}],"about":[{"href":"https:\/\/www.europesays.com\/lv\/wp-json\/wp\/v2\/types\/post"}],"author":[{"embeddable":true,"href":"https:\/\/www.europesays.com\/lv\/wp-json\/wp\/v2\/users\/2"}],"replies":[{"embeddable":true,"href":"https:\/\/www.europesays.com\/lv\/wp-json\/wp\/v2\/comments?post=74879"}],"version-history":[{"count":0,"href":"https:\/\/www.europesays.com\/lv\/wp-json\/wp\/v2\/posts\/74879\/revisions"}],"wp:featuredmedia":[{"embeddable":true,"href":"https:\/\/www.europesays.com\/lv\/wp-json\/wp\/v2\/media\/74880"}],"wp:attachment":[{"href":"https:\/\/www.europesays.com\/lv\/wp-json\/wp\/v2\/media?parent=74879"}],"wp:term":[{"taxonomy":"category","embeddable":true,"href":"https:\/\/www.europesays.com\/lv\/wp-json\/wp\/v2\/categories?post=74879"},{"taxonomy":"post_tag","embeddable":true,"href":"https:\/\/www.europesays.com\/lv\/wp-json\/wp\/v2\/tags?post=74879"}],"curies":[{"name":"wp","href":"https:\/\/api.w.org\/{rel}","templated":true}]}}