{"id":74919,"date":"2025-12-15T05:42:07","date_gmt":"2025-12-15T05:42:07","guid":{"rendered":"https:\/\/www.europesays.com\/lv\/74919\/"},"modified":"2025-12-15T05:42:07","modified_gmt":"2025-12-15T05:42:07","slug":"incidents-uz-tallink-pramja-pasazieris-ieklust-masintelpa-caur-skursteni","status":"publish","type":"post","link":"https:\/\/www.europesays.com\/lv\/74919\/","title":{"rendered":"Incidents uz Tallink pr\u0101mja: pasa\u017eieris iek\u013c\u016bst ma\u0161\u012bntelp\u0101 caur skursteni"},"content":{"rendered":"<p class=\"descr\">Uz pr\u0101mja &#8220;Baltic Queen&#8221;, kas kurs\u0113ja mar\u0161rut\u0101 Stokholma-Marihamna-Tallina, 30. novembr\u012b noticis incidents: pasa\u017eieris caur skursteni iek\u013cuva ku\u0123a ma\u0161\u012bntelp\u0101, raksta &#8220;Iltalehti&#8221;.<\/p>\n<p>P\u0113c ku\u0123a apkalpes sniegt\u0101s inform\u0101cijas incidents tika paman\u012bts, pateicoties dro\u0161\u012bbas kameru nov\u0113ro\u0161anai. Apkalpe nekav\u0113joties rea\u0123\u0113ja un aiztur\u0113ja pasa\u017eieri ku\u0123a tehniskaj\u0101s telp\u0101s, kur nepiedero\u0161\u0101m person\u0101m piek\u013cuve ir stingri aizliegta dro\u0161\u012bbas apsv\u0113rumu d\u0113\u013c.<\/p>\n<p>Saska\u0146\u0101 ar s\u0101kotn\u0113jo inform\u0101ciju pasa\u017eieris nebija guvis nopietnus savainojumus, tom\u0113r vi\u0146a r\u012bc\u012bba rad\u012bja potenci\u0101lu apdraud\u0113jumu gan pa\u0161am, gan ku\u0123a dro\u0161ai ekspluat\u0101cijai. Ma\u0161\u012bntelp\u0101 atrodas augstsprieguma iek\u0101rtas un meh\u0101nismi, kuru tuvum\u0101 uztur\u0113\u0161an\u0101s bez atbilsto\u0161as apm\u0101c\u012bbas var b\u016bt dz\u012bv\u012bbai b\u012bstama.<\/p>\n<p><a href=\"https:\/\/nra.lv\/pasaule\/508615-igaunija-var-zaudet-tallink-prami-un-300-darbavietas.htm\" data-item-link=\"true\" data-item-id=\"508615\" rel=\"nofollow noopener\" target=\"_blank\">\u201cTallink\u201d <\/a>p\u0101rst\u0101vji nor\u0101da, ka ku\u0123a satiksme incidenta d\u0113\u013c netika trauc\u0113ta, un pr\u0101mis galam\u0113r\u0137\u012b ierad\u0101s saska\u0146\u0101 ar grafiku. Uz\u0146\u0113mums uzsver, ka dro\u0161\u012bbas noteikumi uz ku\u0123iem ir stingri, un visi gad\u012bjumi, kuros tie tiek p\u0101rk\u0101pti, tiek r\u016bp\u012bgi izmekl\u0113ti sadarb\u012bb\u0101 ar attiec\u012bgaj\u0101m iest\u0101d\u0113m.<\/p>\n<p>P\u0113c iera\u0161an\u0101s Tallin\u0101 pasa\u017eieris tika nodots likumsargiem, kuri noskaidro notiku\u0161\u0101 apst\u0101k\u013cus, tostarp vi\u0146a r\u012bc\u012bbas mot\u012bvus. Policija pagaid\u0101m atturas no pla\u0161\u0101kiem koment\u0101riem, nor\u0101dot, ka izmekl\u0113\u0161ana turpin\u0101s.<\/p>\n<p>Ku\u0123niec\u012bbas dro\u0161\u012bbas eksperti atg\u0101dina, ka \u0161\u0101da veida incidenti uzsver nepiecie\u0161am\u012bbu iev\u0113rot apkalpes nor\u0101d\u012bjumus un ku\u0123a iek\u0161\u0113j\u0101s k\u0101rt\u012bbas noteikumus, jo pat \u0161\u0137ietami neparasta vai nep\u0101rdom\u0101ta r\u012bc\u012bba var rad\u012bt nopietnas sekas.<\/p>\n<p>\t\t\t\t\t\tinfo<\/p>\n<p>Uzzini pirmais<br \/>kas interesants noticis Latvij\u0101 un pasaul\u0113,<br \/>pievienojoties mums <a href=\"https:\/\/t.me\/neatkariga\" rel=\"nofollow\">Telegram<\/a> vai <a href=\"https:\/\/whatsapp.com\/channel\/0029VaMLFUH5K3zLU5s4wm3y\" rel=\"nofollow noopener\" target=\"_blank\">Whatsapp<\/a> kan\u0101l\u0101<\/p>\n","protected":false},"excerpt":{"rendered":"Uz pr\u0101mja &#8220;Baltic Queen&#8221;, kas kurs\u0113ja mar\u0161rut\u0101 Stokholma-Marihamna-Tallina, 30. novembr\u012b noticis incidents: pasa\u017eieris caur skursteni iek\u013cuva ku\u0123a ma\u0161\u012bntelp\u0101,&hellip;\n","protected":false},"author":2,"featured_media":74920,"comment_status":"","ping_status":"","sticky":false,"template":"","format":"standard","meta":{"footnotes":""},"categories":[14],"tags":[23,57,28,29,32,33,22,30,31,35,39,38,36,37,34,40,20,26,27,24,25,54,55,56,21,58],"class_list":{"0":"post-74919","1":"post","2":"type-post","3":"status-publish","4":"format-standard","5":"has-post-thumbnail","7":"category-zinas-no-arvalstim","8":"tag-aktualitates","9":"tag-arvalstim","10":"tag-breaking-news","11":"tag-breakingnews","12":"tag-featured-news","13":"tag-featurednews","14":"tag-headlines","15":"tag-latest-news","16":"tag-latestnews","17":"tag-latvia","18":"tag-latvian","19":"tag-latviesu","20":"tag-latviesu-valoda","21":"tag-latviesuvaloda","22":"tag-latvija","23":"tag-lv","24":"tag-news","25":"tag-popularakas-zinas","26":"tag-popularakaszinas","27":"tag-top-stories","28":"tag-topstories","29":"tag-world","30":"tag-world-news","31":"tag-worldnews","32":"tag-zinas","33":"tag-zinas-no-arvalstim"},"share_on_mastodon":{"url":"https:\/\/pubeurope.com\/@lv\/115721990592449774","error":""},"_links":{"self":[{"href":"https:\/\/www.europesays.com\/lv\/wp-json\/wp\/v2\/posts\/74919","targetHints":{"allow":["GET"]}}],"collection":[{"href":"https:\/\/www.europesays.com\/lv\/wp-json\/wp\/v2\/posts"}],"about":[{"href":"https:\/\/www.europesays.com\/lv\/wp-json\/wp\/v2\/types\/post"}],"author":[{"embeddable":true,"href":"https:\/\/www.europesays.com\/lv\/wp-json\/wp\/v2\/users\/2"}],"replies":[{"embeddable":true,"href":"https:\/\/www.europesays.com\/lv\/wp-json\/wp\/v2\/comments?post=74919"}],"version-history":[{"count":0,"href":"https:\/\/www.europesays.com\/lv\/wp-json\/wp\/v2\/posts\/74919\/revisions"}],"wp:featuredmedia":[{"embeddable":true,"href":"https:\/\/www.europesays.com\/lv\/wp-json\/wp\/v2\/media\/74920"}],"wp:attachment":[{"href":"https:\/\/www.europesays.com\/lv\/wp-json\/wp\/v2\/media?parent=74919"}],"wp:term":[{"taxonomy":"category","embeddable":true,"href":"https:\/\/www.europesays.com\/lv\/wp-json\/wp\/v2\/categories?post=74919"},{"taxonomy":"post_tag","embeddable":true,"href":"https:\/\/www.europesays.com\/lv\/wp-json\/wp\/v2\/tags?post=74919"}],"curies":[{"name":"wp","href":"https:\/\/api.w.org\/{rel}","templated":true}]}}