{"id":74931,"date":"2025-12-15T05:54:06","date_gmt":"2025-12-15T05:54:06","guid":{"rendered":"https:\/\/www.europesays.com\/lv\/74931\/"},"modified":"2025-12-15T05:54:06","modified_gmt":"2025-12-15T05:54:06","slug":"ciles-prezidenta-velesanas-uzvar-galeji-labejais-politikis-hose-antonio-kasts-raksts","status":"publish","type":"post","link":"https:\/\/www.europesays.com\/lv\/74931\/","title":{"rendered":"\u010c\u012bles prezidenta v\u0113l\u0113\u0161an\u0101s uzvar gal\u0113ji lab\u0113jais politi\u0137is Hos\u0113 Antonio Kasts \/ Raksts"},"content":{"rendered":"<p>Gal\u0113ji lab\u0113jais politi\u0137is Hos\u0113 Antonio Kasts uzvar\u0113jis \u010c\u012bles prezidenta v\u0113l\u0113\u0161an\u0101s.<\/p>\n<p style=\"margin-left:0cm; margin-right:0cm\">Sv\u0113tdien notiku\u0161aj\u0101 \u010c\u012bles prezidenta v\u0113l\u0113\u0161anu otraj\u0101 k\u0101rt\u0101 Kasts ieguva 58% nodoto balsu, p\u0101rliecino\u0161i apsteidzot kreiso s\u0101ncensi \u017danetu Haru, kura sa\u0146\u0113ma 42% balsu.<\/p>\n<p style=\"margin-left:0cm; margin-right:0cm\">Anal\u012bti\u0137i nor\u0101da, ka Kasta uzvara iez\u012bm\u0113 \u010c\u012bles kras\u0101ko pagriezienu pa labi kop\u0161 \u0123ener\u0101\u013ca Augusto Pino\u010deta vad\u012bt\u0101s milit\u0101r\u0101s diktat\u016bras beig\u0101m 1990. gad\u0101.<\/p>\n<p style=\"margin-left:0cm; margin-right:0cm\">Sav\u0101 uzvaras run\u0101 Kasts sol\u012bja &#8220;\u012bstas p\u0101rmai\u0146as&#8221;. &#8220;Bez dro\u0161\u012bbas nav miera. Bez miera nav demokr\u0101tijas, un bez demokr\u0101tijas nav br\u012bv\u012bbas. \u010c\u012ble atkal k\u013c\u016bs br\u012bva no noziedz\u012bbas, raiz\u0113m un bail\u0113m,&#8221; vi\u0146\u0161 teica.<\/p>\n<p style=\"margin-left:0cm; margin-right:0cm\">Priek\u0161v\u0113l\u0113\u0161anu kampa\u0146\u0101 59 gadus Kasts sol\u012bja apkarot noziedz\u012bbu, izvietojot armiju rajonos ar augstiem noziedz\u012bbas r\u0101d\u012bt\u0101jiem, un samazin\u0101t neleg\u0101lo imigr\u0101ciju, uzce\u013cot sienu uz robe\u017eas.<\/p>\n<p style=\"margin-left:0cm; margin-right:0cm\">\u010c\u012ble joproj\u0101m tiek uzskat\u012bta par vienu no dro\u0161\u0101kaj\u0101m valst\u012bm Dienvidamerik\u0101, ta\u010du p\u0113d\u0113jos gados tur ir strauji pieaugusi noziedz\u012bba, kas \u013coti satrauc ierindas \u010d\u012blie\u0161us.<\/p>\n<p>                    Valodas k\u013c\u016bda rakst\u0101?<\/p>\n<p class=\"d-none d-md-block\">Iez\u012bm\u0113jiet tekstu un spiediet Ctrl+Enter, lai nos\u016bt\u012btu labojamo teksta fragmentu redaktoram! Par faktu k\u013c\u016bd\u0101m l\u016bdzam zi\u0146ot e-past\u0101 <a href=\"https:\/\/www.lsm.lv\/cdn-cgi\/l\/email-protection\" class=\"__cf_email__\" data-cfemail=\"186a7d7c79737b71727958746b7536746e\" rel=\"nofollow noopener\" target=\"_blank\">[email\u00a0protected]<\/a>.<\/p>\n<p class=\"d-md-none\">Iez\u012bm\u0113jiet tekstu un spiediet uz Zi\u0146ot par k\u013c\u016bdu pogas, lai nos\u016bt\u012btu labojamo teksta fragmentu redaktoram!<\/p>\n<p>\n                    Zi\u0146ot par k\u013c\u016bdu\n                <\/p>\n","protected":false},"excerpt":{"rendered":"Gal\u0113ji lab\u0113jais politi\u0137is Hos\u0113 Antonio Kasts uzvar\u0113jis \u010c\u012bles prezidenta v\u0113l\u0113\u0161an\u0101s. Sv\u0113tdien notiku\u0161aj\u0101 \u010c\u012bles prezidenta v\u0113l\u0113\u0161anu otraj\u0101 k\u0101rt\u0101 Kasts&hellip;\n","protected":false},"author":2,"featured_media":74932,"comment_status":"","ping_status":"","sticky":false,"template":"","format":"standard","meta":{"footnotes":""},"categories":[14],"tags":[23,57,28,29,32,33,22,30,31,35,39,38,36,37,34,40,20,26,27,24,25,54,55,56,21,58],"class_list":{"0":"post-74931","1":"post","2":"type-post","3":"status-publish","4":"format-standard","5":"has-post-thumbnail","7":"category-zinas-no-arvalstim","8":"tag-aktualitates","9":"tag-arvalstim","10":"tag-breaking-news","11":"tag-breakingnews","12":"tag-featured-news","13":"tag-featurednews","14":"tag-headlines","15":"tag-latest-news","16":"tag-latestnews","17":"tag-latvia","18":"tag-latvian","19":"tag-latviesu","20":"tag-latviesu-valoda","21":"tag-latviesuvaloda","22":"tag-latvija","23":"tag-lv","24":"tag-news","25":"tag-popularakas-zinas","26":"tag-popularakaszinas","27":"tag-top-stories","28":"tag-topstories","29":"tag-world","30":"tag-world-news","31":"tag-worldnews","32":"tag-zinas","33":"tag-zinas-no-arvalstim"},"share_on_mastodon":{"url":"https:\/\/pubeurope.com\/@lv\/115722037723468725","error":""},"_links":{"self":[{"href":"https:\/\/www.europesays.com\/lv\/wp-json\/wp\/v2\/posts\/74931","targetHints":{"allow":["GET"]}}],"collection":[{"href":"https:\/\/www.europesays.com\/lv\/wp-json\/wp\/v2\/posts"}],"about":[{"href":"https:\/\/www.europesays.com\/lv\/wp-json\/wp\/v2\/types\/post"}],"author":[{"embeddable":true,"href":"https:\/\/www.europesays.com\/lv\/wp-json\/wp\/v2\/users\/2"}],"replies":[{"embeddable":true,"href":"https:\/\/www.europesays.com\/lv\/wp-json\/wp\/v2\/comments?post=74931"}],"version-history":[{"count":0,"href":"https:\/\/www.europesays.com\/lv\/wp-json\/wp\/v2\/posts\/74931\/revisions"}],"wp:featuredmedia":[{"embeddable":true,"href":"https:\/\/www.europesays.com\/lv\/wp-json\/wp\/v2\/media\/74932"}],"wp:attachment":[{"href":"https:\/\/www.europesays.com\/lv\/wp-json\/wp\/v2\/media?parent=74931"}],"wp:term":[{"taxonomy":"category","embeddable":true,"href":"https:\/\/www.europesays.com\/lv\/wp-json\/wp\/v2\/categories?post=74931"},{"taxonomy":"post_tag","embeddable":true,"href":"https:\/\/www.europesays.com\/lv\/wp-json\/wp\/v2\/tags?post=74931"}],"curies":[{"name":"wp","href":"https:\/\/api.w.org\/{rel}","templated":true}]}}