{"id":74957,"date":"2025-12-15T06:34:08","date_gmt":"2025-12-15T06:34:08","guid":{"rendered":"https:\/\/www.europesays.com\/lv\/74957\/"},"modified":"2025-12-15T06:34:08","modified_gmt":"2025-12-15T06:34:08","slug":"opozicija-ogre-pieprasa-helmani-atbrivot-no-amata","status":"publish","type":"post","link":"https:\/\/www.europesays.com\/lv\/74957\/","title":{"rendered":"Opoz\u012bcija Ogr\u0113 pieprasa Helmani atbr\u012bvot no amata"},"content":{"rendered":"<p>&#8220;Piecu m\u0113ne\u0161u laik\u0101 dome ilgsto\u0161i darbojusies bez pilnv\u0113rt\u012bga priek\u0161s\u0113d\u0113t\u0101ja. \u0160aj\u0101 period\u0101 Ogres novada pa\u0161vald\u012bbu vada tikai viens domes priek\u0161s\u0113d\u0113t\u0101ja vietnieks, kuram nav aizvietot\u0101ja,&#8221; nor\u0101da deput\u0101te K\u013cavi\u0146a, piebilstot, ka likums paredz meh\u0101nismus, kas nodro\u0161ina nep\u0101rtrauktu domes un t\u0101s vad\u012bbas darbu ar\u012b gad\u012bjumos, kad amatpersonas ilgsto\u0161i nesp\u0113j pild\u012bt savus pien\u0101kumus.<\/p>\n<p>Deput\u0101te Lo\u010dmele ar\u012b piebilst, ka pa\u0161vald\u012bb\u0101 gausi norit darbs pie n\u0101kam\u0101 gada bud\u017eeta veido\u0161anas, un ar to saist\u012bti jaut\u0101jumi novada domes komitej\u0101s v\u0113l nav skat\u012bti. &#8220;Domes priek\u0161s\u0113d\u0113t\u0101ja neiesaist\u012b\u0161an\u0101s un atkl\u0101ta amata pien\u0101kumu nepild\u012b\u0161ana rada ba\u017eas, ka bud\u017eeta veido\u0161anas process nenotiek atkl\u0101t\u0101 un caursp\u012bd\u012bg\u0101 domes darb\u0101, neiesaistot domes deput\u0101tus un iedz\u012bvot\u0101jus,&#8221; pau\u017e Lo\u010dmele.<\/p>\n<p>Savuk\u0101rt deput\u0101ts Kud\u013ca atg\u0101dina, ka Helmanis nav noteiktaj\u0101 termi\u0146\u0101 pieteicies speci\u0101l\u0101s at\u013caujas sa\u0146em\u0161anai darbam ar valsts nosl\u0113pumu. &#8220;Tas rada nopietnas ba\u017eas, ka p\u0113c iedz\u012bvot\u0101ju skaita liel\u0101k\u0101 Latvijas novada augst\u0101kajai politiskajai vad\u012bbai faktiski nav pilnv\u0113rt\u012bgu iesp\u0113ju str\u0101d\u0101t ar ierobe\u017eotas pieejam\u012bbas inform\u0101ciju. \u0160\u0101da bezatbild\u012bba apdraud iesp\u0113ju savlaic\u012bgi r\u012bkoties un aizsarg\u0101t Ogres novada iedz\u012bvot\u0101ju intereses un dro\u0161\u012bbu, \u012bpa\u0161i kr\u012bzes situ\u0101cij\u0101s,&#8221; uzskata deput\u0101ts.<\/p>\n<p>A\u0123ent\u016bra LETA iepriek\u0161 v\u0113st\u012bja, ka Helmanis noteiktaj\u0101 termi\u0146\u0101 nav aizpild\u012bjis pielaides valsts nosl\u0113pumam sa\u0146em\u0161anai nepiecie\u0161amo anketu, par ko vi\u0146u inform\u0113jusi gan ministrija, gan Valsts dro\u0161\u012bbas dienests. Helmanis &#8220;Facebook&#8221; augusta beig\u0101s bija sol\u012bja aizpild\u012bt anketu, tikl\u012bdz b\u016bs atguvis vesel\u012bbu no komand\u0113jum\u0101 Ukrain\u0101 g\u016bt\u0101s traumas. Vienlaikus vi\u0146\u0161 pauda viedokli, ka pie varas eso\u0161ie pielaidi valsts nosl\u0113pumam izmantojot, &#8220;lai sasniegtu savus politiskos m\u0113r\u0137us un apkarotu konkurentus&#8221;.<\/p>\n<p>Vied\u0101s administr\u0101cijas un re\u0123ion\u0101l\u0101s att\u012bst\u012bbas ministrs Raimonds \u010cudars (JV) pazi\u0146oja, ka negras\u0101s l\u016bgt Vesel\u012bbas inspekcijai v\u0113rt\u0113t Helmanim izsniegt\u0101s darba nesp\u0113jas lapas pamatot\u012bbu, nor\u0101dot, ka jaut\u0101jums par Helma\u0146a vesel\u012bbu ir \u0101rsta, ne ministra zi\u0146\u0101.<\/p>\n","protected":false},"excerpt":{"rendered":"&#8220;Piecu m\u0113ne\u0161u laik\u0101 dome ilgsto\u0161i darbojusies bez pilnv\u0113rt\u012bga priek\u0161s\u0113d\u0113t\u0101ja. \u0160aj\u0101 period\u0101 Ogres novada pa\u0161vald\u012bbu vada tikai viens domes&hellip;\n","protected":false},"author":2,"featured_media":74958,"comment_status":"","ping_status":"","sticky":false,"template":"","format":"standard","meta":{"footnotes":""},"categories":[12],"tags":[23,28,29,11231,32,33,22,30,31,35,39,38,36,37,34,40,20,10903,26,27,24,25,21],"class_list":{"0":"post-74957","1":"post","2":"type-post","3":"status-publish","4":"format-standard","5":"has-post-thumbnail","7":"category-latvija","8":"tag-aktualitates","9":"tag-breaking-news","10":"tag-breakingnews","11":"tag-egils-helmanis","12":"tag-featured-news","13":"tag-featurednews","14":"tag-headlines","15":"tag-latest-news","16":"tag-latestnews","17":"tag-latvia","18":"tag-latvian","19":"tag-latviesu","20":"tag-latviesu-valoda","21":"tag-latviesuvaloda","22":"tag-latvija","23":"tag-lv","24":"tag-news","25":"tag-ogre","26":"tag-popularakas-zinas","27":"tag-popularakaszinas","28":"tag-top-stories","29":"tag-topstories","30":"tag-zinas"},"share_on_mastodon":{"url":"https:\/\/pubeurope.com\/@lv\/115722195086076103","error":""},"_links":{"self":[{"href":"https:\/\/www.europesays.com\/lv\/wp-json\/wp\/v2\/posts\/74957","targetHints":{"allow":["GET"]}}],"collection":[{"href":"https:\/\/www.europesays.com\/lv\/wp-json\/wp\/v2\/posts"}],"about":[{"href":"https:\/\/www.europesays.com\/lv\/wp-json\/wp\/v2\/types\/post"}],"author":[{"embeddable":true,"href":"https:\/\/www.europesays.com\/lv\/wp-json\/wp\/v2\/users\/2"}],"replies":[{"embeddable":true,"href":"https:\/\/www.europesays.com\/lv\/wp-json\/wp\/v2\/comments?post=74957"}],"version-history":[{"count":0,"href":"https:\/\/www.europesays.com\/lv\/wp-json\/wp\/v2\/posts\/74957\/revisions"}],"wp:featuredmedia":[{"embeddable":true,"href":"https:\/\/www.europesays.com\/lv\/wp-json\/wp\/v2\/media\/74958"}],"wp:attachment":[{"href":"https:\/\/www.europesays.com\/lv\/wp-json\/wp\/v2\/media?parent=74957"}],"wp:term":[{"taxonomy":"category","embeddable":true,"href":"https:\/\/www.europesays.com\/lv\/wp-json\/wp\/v2\/categories?post=74957"},{"taxonomy":"post_tag","embeddable":true,"href":"https:\/\/www.europesays.com\/lv\/wp-json\/wp\/v2\/tags?post=74957"}],"curies":[{"name":"wp","href":"https:\/\/api.w.org\/{rel}","templated":true}]}}