{"id":7496,"date":"2025-09-29T05:47:10","date_gmt":"2025-09-29T05:47:10","guid":{"rendered":"https:\/\/www.europesays.com\/lv\/7496\/"},"modified":"2025-09-29T05:47:10","modified_gmt":"2025-09-29T05:47:10","slug":"es-esmu-vel-veca-kaluma-muzikis","status":"publish","type":"post","link":"https:\/\/www.europesays.com\/lv\/7496\/","title":{"rendered":"Es esmu v\u0113l vec\u0101 kaluma m\u016bzi\u0137is"},"content":{"rendered":"<p>Ta\u010du Andri \u0112rgli var saist\u012bt ar\u012b ar C\u0113su novadu, kur vi\u0146\u0161 str\u0101d\u0101 par skolot\u0101ju Alfr\u0113da Kalni\u0146a C\u0113su M\u016bzikas vidusskol\u0101 un Dz\u0113rbenes visp\u0101rizgl\u012btojo\u0161aj\u0101 un m\u016bzikas pamatskol\u0101, un Pier\u012bgu, jo jau labu laiku vi\u0146\u0161 dz\u012bvo M\u0101rup\u0113.<\/p>\n<p>\u2013\u00a0Vasara ir pag\u0101jusi, un, kaut ar\u012b koku lapas v\u0113l nav iekr\u0101soju\u0161\u0101s dzeltenas, tom\u0113r j\u016btams, ka rudens jau s\u0101cies. Bet k\u0101 \u0161obr\u012bd kl\u0101jas jums? <\/p>\n<p>\u2013\u00a0Cik no malas dzirdu run\u0101jam, visiem \u0161is\u00a0gads ir bijis t\u0101ds pasmags \u2013 ar vis\u0101diem piedz\u012bvojumiem un p\u0101rdz\u012bvojumiem, ar kritumiem un k\u0101pumiem. Es neesmu nek\u0101ds iz\u0146\u0113mums, ar\u012b man tie\u0161i t\u0101pat ir g\u0101jis kr\u0101saini \u2013 te mazliet gai\u0161\u0101k, te tum\u0161\u0101k. Ar\u012b vasara dab\u0101 par to liecin\u0101ja, neko di\u017ei to izbaud\u012bt nedab\u016bju. T\u0101 ar\u012b pag\u0101ja viss gads, t\u0101ds mazliet nesaprotams, bet man nav laika iedzi\u013cin\u0101ties \u0161ajos melnajos un baltajos. \u012asten\u012bb\u0101 man \u0161is gads ir bijis gana darb\u012bgs, jo es \u013coti c\u012bt\u012bgi str\u0101d\u0101ju pie sava jaun\u0101 albuma \u201cSt\u0101sts\u201d, kas dienasgaismu ieraudz\u012bs 24.\u00a0oktobr\u012b.<\/p>\n<p>\u2013\u00a0Kas \u0161aj\u0101 album\u0101 b\u016bs? <\/p>\n<p>\u2013\u00a0Taj\u0101 b\u016bs desmit dziesmas. Da\u017eas jau ir izskan\u0113ju\u0161as, un starp t\u0101m ir ar\u012b mana priek\u0161p\u0113d\u0113j\u0101 \u2013 \u201cTev vienm\u0113r b\u016b\u0161u es\u201d. \u0160\u012b dziesma p\u0113d\u0113jos tr\u012bs m\u0113ne\u0161us ir itin bie\u017ei skan\u0113jusi Latvijas radiostacij\u0101s. Par to man liels prieks un taj\u0101 pa\u0161\u0101 laik\u0101 ar\u012b pagodin\u0101jums, jo radio \u0113tera cilv\u0113ki to ir atzinu\u0161i par labu esam. T\u0101pat ar\u012b nule k\u0101 klaj\u0101 laist\u0101 dziesma \u201cSol\u012bjums\u201d. Album\u0101 ir iek\u013cautas ar\u012b sen\u0101kas kompoz\u012bcijas \u2013 t\u0101das, kas tapu\u0161as pirms gada vai diviem. Ta\u010du piln\u012bgi vis\u0101m dziesm\u0101m m\u016bziku esmu rakst\u012bjis es pats. Man ir j\u0101saka milz\u012bgs paldies dzejra\u017eiem, tekstu autoriem, kas ar mani sadarbojas, piem\u0113ram, Guntaram Ra\u010dam, D\u0101vim Rietumam. Ta\u010du ilg\u0101k\u0101 un ra\u017e\u012bg\u0101k\u0101 sadarb\u012bba man ir izveidojusies ar M\u0101rti\u0146u Kanteru \u2013 puse albuma b\u016bs ar vi\u0146a tekstiem.<\/p>\n<p><img decoding=\"async\" src=\"https:\/\/www.europesays.com\/lv\/wp-content\/uploads\/2025\/09\/Erglis42.jpg\" alt=\"\"\/>&#13;<br \/>\nSvinot savu \u010detrdesmit otro dzim\u0161anas dienu.&#13;<\/p>\n<p>\u2013\u00a0Vai rudens periods b\u016bs ra\u017e\u012bgs ar\u012b ar koncertiem?<\/p>\n<p>\u2013\u00a0J\u0101, protams. Mums m\u016bzi\u0137iem albuma izdo\u0161ana ir sv\u0113tki. Da\u017ereiz run\u0101, vai vajadz\u012bgs albums 21.\u00a0gadsimt\u0101. Redziet, es esmu v\u0113l vec\u0101 kaluma m\u016bzi\u0137is, kuram sava darba nosl\u0113gumu tom\u0113r gribas redz\u0113t ar\u012b taust\u0101m\u0101 veid\u0101. Tas ir t\u0101pat k\u0101 ar gr\u0101mat\u0101m. Protams, tagad var ar\u012b vis\u0101di cit\u0101di, ir iesp\u0113jama straum\u0113\u0161ana, viss ir digit\u0101li. Kamd\u0113\u013c tev to albumu vajag? Bet man ir nepiecie\u0161ama \u0161\u012b saj\u016bta, ka varu to ielikt plaukt\u0101 vai k\u0101dam uzd\u0101vin\u0101t. Tik vienk\u0101r\u0161i. Tiesa, \u013coti daudziem vairs nav disku atska\u0146ot\u0101ja, bet es zinu cilv\u0113kus, kam t\u0101ds v\u0113l joproj\u0101m ir. Ta\u010du, ja man jaut\u0101tu, k\u0101 albumu vislab\u0101k aiznest l\u012bdz cilv\u0113kiem, es atbild\u0113tu: protams, ar koncertiem! J\u0101, un man to b\u016bs veseli tr\u012bs. Viens notiks 24.\u00a0oktobr\u012b kult\u016bras centr\u0101 \u201cUlbrokas p\u0113rle\u201d, p\u0113c tam 25.\u00a0oktobr\u012b Liep\u0101j\u0101, Olimpisk\u0101 centra Ro\u017eu z\u0101l\u0113, un albuma prezent\u0101ciju nosl\u0113g\u0161u Andros, 30. novembr\u012b, ar koncertu br\u012bni\u0161\u0137\u012bgaj\u0101 C\u0113su koncertz\u0101l\u0113.<\/p>\n<p>\u2013\u00a0J\u016bs tagad dz\u012bvojat M\u0101rup\u0113. Cik bie\u017ei san\u0101k aizbraukt l\u012bdz Liep\u0101jai?<\/p>\n<p>\u2013\u00a0Liep\u0101ju es apciemoju diezgan bie\u017ei. Tur dz\u012bvo mani draugi, ar\u012b b\u0113rni, t\u0101pat ir \u013coti daudz pazi\u0146u. V\u0113l joproj\u0101m nodarbojos ar vair\u0101kiem sporta veidiem, un viens no tiem ir pludmales teniss. Liep\u0101j\u0101, manupr\u0101t, ir visskaist\u0101k\u0101s, vism\u012bkst\u0101k\u0101s un vismaig\u0101k\u0101s smiltis, k\u0101das vien var b\u016bt. T\u0101du nav nekur citur ne Latvij\u0101, ne ar\u012b pasaul\u0113. T\u0101p\u0113c vasar\u0101, cik vien iesp\u0113jams, braucu uz Liep\u0101ju. Protams, ar\u012b ruden\u012b, ziem\u0101 un pavasar\u012b, jo \u0161aj\u0101 laik\u0101 tur v\u0113l tiek sp\u0113l\u0113ts lielais teniss. K\u0101 zin\u0101ms, Liep\u0101ja ir viena no liel\u0101 tenisa mek\u0101m, ar\u012b Anastasija Sevastova ir no Liep\u0101jas. \u0160eit ir br\u012bni\u0161\u0137\u012bgi un izslav\u0113ti tenisa korti \u2013 gan \u0101ra laukumi ar m\u0101la segumu, gan pieci sl\u0113gtie tenisa laukumi. Zin\u0101t\u0101ji tos uzskata par vieniem no lab\u0101kajiem Latvij\u0101.<\/p>\n<p>\u2013\u00a0Tiem, kas nav pieradu\u0161i brauk\u0101t liel\u0101kus att\u0101lumus, var\u0113tu likties, ka Liep\u0101ja atrodas dikti t\u0101lu. Lai t\u0101 brauk\u0101tu turp un \u0161urp, ir j\u0101sa\u0146emas!<\/p>\n<p>\u2013\u00a0Tas ir \u013coti relat\u012bvi, ja uz to paskat\u0101mies, piem\u0113ram, pasaules m\u0113rog\u0101. Esmu daudz dzird\u0113jis, k\u0101 dz\u012bvo m\u016bsu pasaules lielvalst\u012bs, teiksim, Amerik\u0101 vai tepat Eirop\u0101 \u2013 V\u0101cij\u0101, Sp\u0101nij\u0101, Francij\u0101. Cilv\u0113ki katru dienu brauc uz darbu pat 250 kilometrus. Labi, tur ir autob\u0101\u0146i, pa kuriem var traukties \u0101tr\u0101k, ta\u010du ar\u012b man \u0161\u012b brauk\u0101\u0161ana nesag\u0101d\u0101 nek\u0101das probl\u0113mas, jo, pirmk\u0101rt, man pat\u012bk braukt ar automa\u0161\u012bnu, otrk\u0101rt, kad esmu pie st\u016bres, tas ir br\u012bdis mazai medit\u0101cijai, kad varu atv\u0113l\u0113t laiku tikai un vien\u012bgi sev.<\/p>\n<p>\u2013\u00a0Vai, braucot ar ma\u0161\u012bnu, top ar\u012b k\u0101das dziesmas? <\/p>\n<p>\u2013\u00a0J\u0101, ar\u012b t\u0101 ir bijis. Varb\u016bt ne glu\u017ei dziesmas, bet idejas ir radu\u0161\u0101s noteikti.<\/p>\n<p><img decoding=\"async\" src=\"https:\/\/www.europesays.com\/lv\/wp-content\/uploads\/2025\/09\/ErglisMarhils.jpg\" alt=\"\"\/>&#13;<br \/>\nKop\u0101 ar diviem \u201cLiep\u0101jas br\u0101\u013ciem\u201d \u2013 Uldi Marhil\u0113vi\u010du un Ainaru Virgu \u2013, atz\u012bm\u0113jot Liep\u0101jas 400 gadu jubileju.&#13;<\/p>\n<p>\u2013\u00a0Zinu, ka novembr\u012b piedal\u012bsieties Ulda Stabulnieka 80 gadu jubilejai velt\u012btaj\u0101 koncert\u0101. Cik sirdij tuvs jums ir bijis un varb\u016bt joproj\u0101m ir \u0161is komponists un vi\u0146a dziesmas? <\/p>\n<p>\u2013\u00a0Ar Uldi Stabulnieku es neesmu bijis person\u012bgi paz\u012bstams. Kad vi\u0146\u0161 v\u0113l bija dz\u012bvs, es biju diezgan pajauns. Tom\u0113r j\u0101teic, ka vi\u0146a dai\u013crade ir atst\u0101jusi \u0101rk\u0101rt\u012bgi lielu nospiedumu latvie\u0161u m\u016bzik\u0101. Nav jau ilgi j\u0101dom\u0101, kura ir vispopul\u0101r\u0101k\u0101 dziesma ruden\u012b. T\u0101 noteikti ir palieko\u0161a v\u0113rt\u012bba.<\/p>\n<p>\u2013\u00a0Turkl\u0101t t\u0101 tika rad\u012bta laik\u0101, kad par daudz ko nedr\u012bkst\u0113j\u0101m run\u0101t.<\/p>\n<p>\u2013\u00a0Tie\u0161i t\u0101. Atmodas laik\u0101 daudziem rado\u0161ajiem cilv\u0113kiem, ar\u012b m\u016bzi\u0137iem un dzejniekiem, vis\u0101dos veidos n\u0101c\u0101s kaut k\u0101 l\u012bdz\u0113ties, lai var\u0113tu tikt cauri cenz\u016brai. Tas tie\u0161\u0101m ir interesanti, ar k\u0101diem p\u0101rbaud\u012bjumiem vajadz\u0113ja sastapties \u0161iem m\u0101ksliniekiem.<\/p>\n<p>\u2013\u00a0Koncert\u0101 uzst\u0101sies da\u017e\u0101di izpild\u012bt\u0101ji. Vai varat atkl\u0101t, kuras Ulda Stabulnieka dziesmas dzied\u0101siet j\u016bs? <\/p>\n<p>\u2013\u00a0Man uztic\u0113ta kopdziesma, un t\u0101 ir \u201cTik un t\u0101\u201d. Dzied\u0101\u0161u ar\u012b \u201cMargaritu\u201d. Esmu izv\u0113l\u0113jies t\u0101s dziesmas, kuras pat\u012bk ar\u012b man pa\u0161am.<\/p>\n<p><img decoding=\"async\" src=\"https:\/\/www.europesays.com\/lv\/wp-content\/uploads\/2025\/09\/ErglisZsvetki.jpg\" alt=\"\"\/>&#13;<br \/>\nAndris \u0112rglis kop\u0101 ar M\u0101rti\u0146u Kanteru un Ziemassv\u0113tku vec\u012bti p\u0113rn ikgad\u0113j\u0101 t\u016br\u0113 \u201cSirds ir balss\u201d Al\u016bksn\u0113.&#13;<\/p>\n<p>\u2013\u00a0Kas v\u0113l interesants iecer\u0113ts \u0161oruden? Dro\u0161i vien liel\u0101kais akcents ir uz pa\u0161a koncertiem?<\/p>\n<p>\u2013\u00a0J\u0101, gan uz pa\u0161a koncertiem, gan uz topo\u0161u albumu. Ta\u010du jau divdesmit vienu gadu es esmu ar\u012b pedagogs, un septembris, k\u0101 ierasts, man ies\u0101cies skolas z\u012bm\u0113. Atkal devi\u0146i m\u0113ne\u0161i paies saist\u012bb\u0101 ar m\u0101kslu un pedago\u0123iju. \u0160oruden s\u0101ku str\u0101d\u0101t ar\u012b Alfr\u0113da Kalni\u0146a C\u0113su M\u016bzikas vidusskol\u0101, kur m\u0101c\u012b\u0161u sitaminstrumentu sp\u0113li. Tas man pa\u0161am b\u016bs jauns piedz\u012bvojums.<\/p>\n<p>\u2013\u00a0J\u016bs str\u0101d\u0101jat ar\u012b Dz\u0113rbenes visp\u0101rizgl\u012btojo\u0161aj\u0101 un m\u016bzikas pamatskol\u0101.\u00a0K\u0101p\u0113c C\u0113su puse?<\/p>\n<p>\u2013\u00a0K\u0101 saka, viss pl\u016bst un main\u0101s. Ja cilv\u0113ks ilgi atrodas rut\u012bn\u0101, vi\u0146am \u0101tri viss var apnikt. Es vienm\u0113r esmu bijis akt\u012bvs un darb\u012bgs. Man pat\u012bk b\u016bt kust\u012bb\u0101. C\u0113sis ir \u0101rk\u0101rt\u012bgi skaista pils\u0113ta, tas ir viens. Otrs \u2013 t\u0101 k\u0101 pa\u0161laik dz\u012bvoju Pier\u012bg\u0101, braukt str\u0101d\u0101t uz Liep\u0101ju b\u016btu nepr\u0101ts. Turkl\u0101t pied\u0101v\u0101jumi man n\u0101ca tie\u0161i no C\u0113su puses, un pirms pieciem gadiem es piekritu. Kaut k\u0101 dab\u012bgi tas ir san\u0101cis.<\/p>\n<p>\u2013\u00a0Vai k\u0101ds no j\u016bsu skol\u0113niem jau ir k\u0101pis uz skatuves un sevi pier\u0101d\u012bjis? <\/p>\n<p>\u2013\u00a0M\u016bsu b\u0113rni uz skatuves k\u0101pj jau no septi\u0146u gadu vecuma. Es esmu no tiem pedagogiem, kas saviem skol\u0113niem silti iesaka to dar\u012bt, jo skatuve ir vislab\u0101kais veids, k\u0101 p\u0101rbaud\u012bt gan savu psiholo\u0123isko notur\u012bbu, gan visu p\u0101r\u0113jo. Jo, tikai p\u0101rvarot \u0161\u012bs bailes, var pateikt, vai esi gatavs, vai visu esi labi iem\u0101c\u012bjies. Es lepojos ar katru savu audz\u0113kni. Kam\u0113r str\u0101d\u0101ju par pedagogu, nav bijusi neviena t\u0101da situ\u0101cija, kad mans audz\u0113knis nevar\u0113tu nosp\u0113l\u0113t ska\u0146darbu.<\/p>\n<p><img decoding=\"async\" src=\"https:\/\/www.europesays.com\/lv\/wp-content\/uploads\/2025\/09\/ErglisDisko.jpg\" alt=\"\"\/>&#13;<br \/>\nGatavojoties pludmales tenisa gada balvai, kuras tematika \u0161\u0101 gada janv\u0101r\u012b bija \u201cDisko\u201d.&#13;<\/p>\n<p>\u2013\u00a0Tad jau jums san\u0101k diezgan liela brauk\u0101\u0161ana pa Latviju? C\u0113sis, M\u0101rupe, Liep\u0101ja\u2026 <\/p>\n<p>\u2013\u00a0J\u0101, bet es absol\u016bti par to negau\u017eos, jo, k\u0101 jau teicu, man \u013coti pat\u012bk braukt ar ma\u0161\u012bnu. Protams, ir nogurdino\u0161i, sevi\u0161\u0137i p\u0113c koncertiem, ja ir j\u0101brauc, piem\u0113ram, mar\u0161ruts Gulbene\u2013R\u0113zekne\u2013Daugavpils vai uz Liep\u0101ju, Ventspili. Ir bijis t\u0101, ka vienas dienas laik\u0101 nobraucu t\u016bksto\u0161 kilometrus, jo taj\u0101 reiz\u0113 vajadz\u0113ja uzst\u0101ties tr\u012bs pas\u0101kumos. Pirmais bija no r\u012bta Al\u016bksn\u0113, p\u0113c tam \u2013 R\u0113zekn\u0113, bet vakar\u0101 j\u0101b\u016bt R\u012bg\u0101. Tad j\u016bs varat iedom\u0101ties, k\u0101 ir izbraukt visu \u0161o trijst\u016bri! Tas nav nemaz tik vienk\u0101r\u0161i, un v\u0113l k\u0101pt uz skatuves. Bet ir, k\u0101 ir. M\u0113s dz\u012bvojam tur, kur dz\u012bvojam, un pie\u0146emam to, ko mums dod.<\/p>\n<p>\u2013\u00a0Vai san\u0101k visu iepl\u0101not, kad gribas, vai tom\u0113r vair\u0101k ir j\u0101pak\u013caujas kalend\u0101r\u0101 ierakst\u012btajam grafikam?<\/p>\n<p>\u2013\u00a0Grafiks ir vispirms, tikai tad viss p\u0101r\u0113jais. Protams, sav\u0101 kalend\u0101r\u0101 esmu atst\u0101jis ar\u012b da\u017eus caurumi\u0146us un iek\u013c\u0101vis laiku ar\u012b atp\u016btai vai tam, lai kaut kur izbrauktu, satiktos ar draugiem, pasvin\u0113tu ar \u0123imenes locek\u013ciem. Nav t\u0101, ka es tikai str\u0101d\u0101ju, noteikti n\u0113.<\/p>\n<p>\u2013\u00a0Cik stundu nakt\u012b velt\u0101t miegam? Vai san\u0101k visas asto\u0146as vai tom\u0113r darbu ir tik daudz, ka vair\u0101k par se\u0161\u0101m nevarat at\u013cauties?<\/p>\n<p>\u2013\u00a0Ar to gul\u0113\u0161anu ir t\u0101, ka es esmu cilv\u0113ks, kam \u0161\u012b lieta pat\u012bk. Atceros, kad man bija divdesmit, tr\u012bsdesmit gadu, lai cik d\u012bvaini tas skan\u0113tu, var\u0113ju gul\u0113t visvair\u0101k par citiem. Draugi par mani sm\u0113j\u0101s, vi\u0146i nesaprata, k\u0101 var tik daudz laika pavad\u012bt gu\u013cot. Pat dienas vid\u016b g\u0101ju nosnaust \u2013 tie\u0161\u0101m! Man patika to izbaud\u012bt, bet, k\u013c\u016bstot vec\u0101kam, aizvien vair\u0101k un vair\u0101k sa\u012bsinu gul\u0113\u0161anas laiku. Dro\u0161i vien ir t\u0101, ka to var samazin\u0101t tikai tad, ja ir daudz, ko dar\u012bt. Laikam divdesmit, tr\u012bsdesmit gadu vecum\u0101 man bija maz\u0101k dar\u0101m\u0101 nek\u0101 \u0161obr\u012bd.<\/p>\n<p><img decoding=\"async\" src=\"https:\/\/www.europesays.com\/lv\/wp-content\/uploads\/2025\/09\/ErglisKrauze.jpg\" alt=\"\"\/>&#13;<br \/>\n\u0160ogad Latvijas Skolu jaunatnes dziesmu un deju sv\u0113tkos Andris \u0112rglis piedal\u012bj\u0101s kop\u0101 ar Anci Krauzi un komponistu J\u0101ni Strazdu.&#13;<\/p>\n<p>\u2013\u00a0Kas v\u0113l interesants j\u016bsu dz\u012bv\u0113?<\/p>\n<p>\u2013\u00a0Run\u0101jot v\u0113l par miegu \u2013 par to, kas rada nogurumu. Dro\u0161i vien tas ir ar\u012b sports. Es cen\u0161os sevi tur\u0113t lab\u0101 kond\u012bcij\u0101, kaut gan man ir t\u0101ds mazs v\u0113deri\u0146\u0161 uzaudzis. Bet, ja es nesportotu, tas dro\u0161i vien b\u016btu divtik liel\u0101ks. Nezinu, k\u0101 es izskat\u012btos. M\u0113\u0123inu sevi uztur\u0113t sportisk\u0101 form\u0101, t\u0101p\u0113c nodarbojos gan ar lielo, gan ar pludmales tenisu, ar boulingu, basketbolu. V\u0113l joproj\u0101m sp\u0113l\u0113ju basketbola komand\u0101 \u201cN\u012bca\/BLi\u201d, kas p\u0113c sp\u0113ka ir tre\u0161\u0101 l\u012bga Latvij\u0101. N\u0101kas sevi tur\u0113t form\u0101, jo ar\u012b pas\u0101kumi un uzst\u0101\u0161an\u0101s prasa savu. Ja neb\u016btu sporta, diez vai ar\u012b uz skatuves es b\u016btu tik iztur\u012bgs.<\/p>\n<p>\u2013\u00a0Vai san\u0101ca paskat\u012bties ar\u012b Eiropas \u010dempion\u0101tu basketbol\u0101?<\/p>\n<p>\u2013\u00a0J\u0101, protams! Aizg\u0101ju pat uz vienu sp\u0113li kl\u0101tien\u0113. Es esmu ne tikai sp\u0113l\u0113t\u0101js, bet ar\u012b liels sporta fans. Mani interes\u0113 gan hokejs, gan ar\u012b citi sporta veidi, piem\u0113ram, biatlons, bobslejs, kamani\u0146as. Es daudz kam sekoju l\u012bdzi.<\/p>\n<p>\u2013\u00a0Liel\u0101koties pat\u012bk skat\u012bties tie\u0161raid\u0113?<\/p>\n<p>\u2013\u00a0Ja san\u0101k, tad, protams, j\u0101. Ta\u010du bie\u017ei vien ir t\u0101, ka nav laika. Bet m\u0113s ta\u010du dz\u012bvojam 21.\u00a0gadsimt\u0101, kad ir iesp\u0113ja noskat\u012bties ierakst\u0101 to, ko neesi redz\u0113jis.<\/p>\n<p>\u2013\u00a0Vai skat\u0101ties, nezinot rezult\u0101tu? <\/p>\n<p>\u2013\u00a0Esmu piekodin\u0101jis saviem draugiem, ja neesmu redz\u0113jis vai m\u0113s kop\u0101 neesam skat\u012bju\u0161ies, tad, l\u016bdzu, tikai nesakiet man rezult\u0101tu! Es pats gribu izbaud\u012bt \u0161o p\u0101rsteiguma momentu \u2013 uzvaru vai zaud\u0113jumu.<\/p>\n<p>\u2013 Andri, paldies par sarunu, un lai sp\u0113ka pietiek it visam!<\/p>\n<p><img decoding=\"async\" src=\"https:\/\/www.europesays.com\/lv\/wp-content\/uploads\/2025\/09\/ErglisBaskets.jpg\" alt=\"\"\/>&#13;<br \/>\nPar \u0161o foto Andris \u0112rglis saka t\u0101: \u201c\u0160\u012b diena visp\u0101r bija fenomens. Pusotru stundu pirms Antras Stafeckas un Ingara Vi\u013cuma koncerta Ro\u017eu z\u0101l\u0113 es Liep\u0101jas Olimpiskaj\u0101 centr\u0101 sp\u0113l\u0113ju basketbola \u010dempion\u0101ta fin\u0101l\u0101. M\u016bsu komanda uzvar\u0113ja, dab\u016bja kausu. Man pasp\u0113ja iedot tikai meda\u013cu, kad pie manis p\u0113k\u0161\u0146i pien\u0101ca Antras mened\u017eeris un teica, ka man p\u0113c div\u0101m min\u016bt\u0113m j\u0101k\u0101pj uz skatuves, un es \u0161\u0101d\u0101 t\u0113rp\u0101 ar\u012b uzk\u0101pu uz skatuves, jo man nebija variantu.\u201d&#13;<\/p>\n","protected":false},"excerpt":{"rendered":"Ta\u010du Andri \u0112rgli var saist\u012bt ar\u012b ar C\u0113su novadu, kur vi\u0146\u0161 str\u0101d\u0101 par skolot\u0101ju Alfr\u0113da Kalni\u0146a C\u0113su M\u016bzikas&hellip;\n","protected":false},"author":2,"featured_media":7497,"comment_status":"","ping_status":"","sticky":false,"template":"","format":"standard","meta":{"footnotes":""},"categories":[19],"tags":[89,90,3172,35,39,38,36,37,34,40,627],"class_list":{"0":"post-7496","1":"post","2":"type-post","3":"status-publish","4":"format-standard","5":"has-post-thumbnail","7":"category-izklaide","8":"tag-entertainment","9":"tag-izklaide","10":"tag-kodolintervija","11":"tag-latvia","12":"tag-latvian","13":"tag-latviesu","14":"tag-latviesu-valoda","15":"tag-latviesuvaloda","16":"tag-latvija","17":"tag-lv","18":"tag-marupe"},"share_on_mastodon":{"url":"","error":""},"_links":{"self":[{"href":"https:\/\/www.europesays.com\/lv\/wp-json\/wp\/v2\/posts\/7496","targetHints":{"allow":["GET"]}}],"collection":[{"href":"https:\/\/www.europesays.com\/lv\/wp-json\/wp\/v2\/posts"}],"about":[{"href":"https:\/\/www.europesays.com\/lv\/wp-json\/wp\/v2\/types\/post"}],"author":[{"embeddable":true,"href":"https:\/\/www.europesays.com\/lv\/wp-json\/wp\/v2\/users\/2"}],"replies":[{"embeddable":true,"href":"https:\/\/www.europesays.com\/lv\/wp-json\/wp\/v2\/comments?post=7496"}],"version-history":[{"count":0,"href":"https:\/\/www.europesays.com\/lv\/wp-json\/wp\/v2\/posts\/7496\/revisions"}],"wp:featuredmedia":[{"embeddable":true,"href":"https:\/\/www.europesays.com\/lv\/wp-json\/wp\/v2\/media\/7497"}],"wp:attachment":[{"href":"https:\/\/www.europesays.com\/lv\/wp-json\/wp\/v2\/media?parent=7496"}],"wp:term":[{"taxonomy":"category","embeddable":true,"href":"https:\/\/www.europesays.com\/lv\/wp-json\/wp\/v2\/categories?post=7496"},{"taxonomy":"post_tag","embeddable":true,"href":"https:\/\/www.europesays.com\/lv\/wp-json\/wp\/v2\/tags?post=7496"}],"curies":[{"name":"wp","href":"https:\/\/api.w.org\/{rel}","templated":true}]}}