{"id":75001,"date":"2025-12-15T07:03:13","date_gmt":"2025-12-15T07:03:13","guid":{"rendered":"https:\/\/www.europesays.com\/lv\/75001\/"},"modified":"2025-12-15T07:03:13","modified_gmt":"2025-12-15T07:03:13","slug":"losandzelosa-majas-ar-durtam-brucem-atrasts-kad-harijs-satika-salliju-rezisors-robs-rainers-un-vina-sieva","status":"publish","type":"post","link":"https:\/\/www.europesays.com\/lv\/75001\/","title":{"rendered":"Losand\u017eelos\u0101 m\u0101j\u0101s ar durt\u0101m br\u016bc\u0113m atrasts &#8220;Kad Harijs satika Salliju&#8221; re\u017eisors Robs Rainers un vi\u0146a sieva"},"content":{"rendered":"<p>Vi\u0146iem konstat\u0113tas durtas br\u016bces, zi\u0146u a\u0123ent\u016brai AP atkl\u0101ja avots, piebilstot, ka policija saist\u012bb\u0101 ar notiku\u0161o nopratina vienu no Rainera \u0123imenes locek\u013ciem.<\/p>\n<p><img decoding=\"async\" class=\"figure__image\" onclick=\"triggerEvent('articleImageClick', { id: 17341064, focus: 'single-image', focusIndex: '17341064' })\" onkeydown=\"if (event.key === 'Enter') {&#10;        triggerEvent('articleImageClick', { id: 17341064, focus: 'single-image', focusIndex: '17341064' })&#10;        }\" role=\"button\" tabindex=\"0\" data-focus-from=\"single-image\" data-focus-index=\"17341064\" src=\"https:\/\/www.europesays.com\/lv\/wp-content\/uploads\/2025\/12\/17341064t1h517e.jpg\"  onload=\"this.parentElement.classList.remove('figure__image-loading')\" alt=\"Robs Rainers ar sievu.\"\/>Robs Rainers ar sievu. Foto: Reuters \/ Scanpix<\/p>\n<p>78 gadus vecais Rainers bija viens no ra\u017e\u012bg\u0101kajiem Holivudas re\u017eisoriem, un starp vi\u0146a popul\u0101r\u0101kaj\u0101m film\u0101m ir t\u0101das kinolentes k\u0101 &#8220;A Few Good Men&#8221; (&#8220;Da\u017ei labi v\u012bri&#8221;), &#8220;When Harry Met Sally&#8221; (&#8220;Kad Harijs satika Salliju&#8221;) un &#8220;The Princess Bride&#8221; (&#8220;Princese l\u012bgava&#8221;).<\/p>\n<p>K\u0101 aktieris vi\u0146\u0161 k\u013cuva atpaz\u012bstams ar lomu raidorganiz\u0101cijas CBS situ\u0101ciju kom\u0113dij\u0101 &#8220;All in the Family&#8221;, par ko divreiz sa\u0146\u0113ma &#8220;Emmy&#8221; balvu.<\/p>\n<p>1989. gad\u0101 Rainers apprec\u0113j\u0101s ar fotogr\u0101fi Mi\u0161elu Singeru, ar kuru iepazin\u0101s filmas &#8220;Kad Harijs satika Salliju&#8221; uz\u0146em\u0161anas laik\u0101. Vi\u0146iem ir tr\u012bs b\u0113rni.<\/p>\n<p>Pirms tam Rainers bija prec\u0113jies ar aktrisi un re\u017eisori Peniju Mar\u0161alu.<\/p>\n","protected":false},"excerpt":{"rendered":"Vi\u0146iem konstat\u0113tas durtas br\u016bces, zi\u0146u a\u0123ent\u016brai AP atkl\u0101ja avots, piebilstot, ka policija saist\u012bb\u0101 ar notiku\u0161o nopratina vienu no&hellip;\n","protected":false},"author":2,"featured_media":75002,"comment_status":"","ping_status":"","sticky":false,"template":"","format":"standard","meta":{"footnotes":""},"categories":[14],"tags":[23,57,28,29,32,33,22,1105,1226,30,31,35,39,38,36,37,34,19071,40,6804,20,26,27,3794,24,25,54,55,56,21,58],"class_list":{"0":"post-75001","1":"post","2":"type-post","3":"status-publish","4":"format-standard","5":"has-post-thumbnail","7":"category-zinas-no-arvalstim","8":"tag-aktualitates","9":"tag-arvalstim","10":"tag-breaking-news","11":"tag-breakingnews","12":"tag-featured-news","13":"tag-featurednews","14":"tag-headlines","15":"tag-holivuda","16":"tag-kino","17":"tag-latest-news","18":"tag-latestnews","19":"tag-latvia","20":"tag-latvian","21":"tag-latviesu","22":"tag-latviesu-valoda","23":"tag-latviesuvaloda","24":"tag-latvija","25":"tag-losandzelosa","26":"tag-lv","27":"tag-miris","28":"tag-news","29":"tag-popularakas-zinas","30":"tag-popularakaszinas","31":"tag-rezisors","32":"tag-top-stories","33":"tag-topstories","34":"tag-world","35":"tag-world-news","36":"tag-worldnews","37":"tag-zinas","38":"tag-zinas-no-arvalstim"},"share_on_mastodon":{"url":"https:\/\/pubeurope.com\/@lv\/115722309113261752","error":""},"_links":{"self":[{"href":"https:\/\/www.europesays.com\/lv\/wp-json\/wp\/v2\/posts\/75001","targetHints":{"allow":["GET"]}}],"collection":[{"href":"https:\/\/www.europesays.com\/lv\/wp-json\/wp\/v2\/posts"}],"about":[{"href":"https:\/\/www.europesays.com\/lv\/wp-json\/wp\/v2\/types\/post"}],"author":[{"embeddable":true,"href":"https:\/\/www.europesays.com\/lv\/wp-json\/wp\/v2\/users\/2"}],"replies":[{"embeddable":true,"href":"https:\/\/www.europesays.com\/lv\/wp-json\/wp\/v2\/comments?post=75001"}],"version-history":[{"count":0,"href":"https:\/\/www.europesays.com\/lv\/wp-json\/wp\/v2\/posts\/75001\/revisions"}],"wp:featuredmedia":[{"embeddable":true,"href":"https:\/\/www.europesays.com\/lv\/wp-json\/wp\/v2\/media\/75002"}],"wp:attachment":[{"href":"https:\/\/www.europesays.com\/lv\/wp-json\/wp\/v2\/media?parent=75001"}],"wp:term":[{"taxonomy":"category","embeddable":true,"href":"https:\/\/www.europesays.com\/lv\/wp-json\/wp\/v2\/categories?post=75001"},{"taxonomy":"post_tag","embeddable":true,"href":"https:\/\/www.europesays.com\/lv\/wp-json\/wp\/v2\/tags?post=75001"}],"curies":[{"name":"wp","href":"https:\/\/api.w.org\/{rel}","templated":true}]}}